{"id":1039,"date":"2014-10-25T19:20:30","date_gmt":"2014-10-25T22:20:30","guid":{"rendered":"http:\/\/novaes-c-politico.com.br\/?p=1039"},"modified":"2023-02-11T16:46:50","modified_gmt":"2023-02-11T19:46:50","slug":"igualmente-comprometidos","status":"publish","type":"post","link":"https:\/\/novaes-c-politico.com.br\/?p=1039","title":{"rendered":"IGUALMENTE COMPROMETIDOS"},"content":{"rendered":"<p align=\"right\">Carlos Novaes, 25 de outubro de 2014<\/p>\n<p>T\u00e3o certo como no fim haver\u00e1 um vencedor, toda elei\u00e7\u00e3o tamb\u00e9m tem uma esp\u00e9cie de estrada real para a vit\u00f3ria. Mas \u00e9 cada vez mais raro que o vencedor seja aquele que percorreu essa estrada. Vit\u00f3rias eleitorais s\u00e3o cada vez mais resultado de uma marcha pelas trilhas manjadas do gosto m\u00e9dio. S\u00f3 que esse gosto m\u00e9dio n\u00e3o est\u00e1 no eleitor de antem\u00e3o, como se fosse ele o med\u00edocre por defini\u00e7\u00e3o. N\u00e3o. O eleitor \u00e9 empurrado ao gosto m\u00e9dio pelas campanhas, que n\u00e3o v\u00e3o al\u00e9m daquele card\u00e1pio b\u00e1sico que n\u00e3o ultrapassa os limites do que os pol\u00edticos, cada vez mais avessos ao risco, julgam rent\u00e1vel. \u00a0Dilma e A\u00e9cio n\u00e3o ficaram parecidos no final; eles <a title=\"QUANDO A MEM\u00d3RIA MAIS ENTRAVA DO QUE INFORMA O FLUXO\" href=\"http:\/\/novaes-c-politico.com.br\/?p=837\">s\u00e3o iguais desde sempre<\/a>. Supostas &#8220;an\u00e1lises&#8221; enfatizam uma presumida tend\u00eancia do eleitor ao centro para explicar a mesmice que, n\u00e3o obstante, querem acreditar que n\u00e3o existe, raz\u00e3o esquizofr\u00eanica ignorante do fato simples de que n\u00e3o h\u00e1 exerc\u00edcio de gosto alternativo poss\u00edvel \u00e0quele a quem se ofereceu apenas<a title=\"PA\u00cdS EMPATADO, N\u00c3O DIVIDIDO\" href=\"http:\/\/novaes-c-politico.com.br\/?p=946\"> sal e a\u00e7\u00facar<\/a>: a \u00fanica op\u00e7\u00e3o \u00e9 fazer o soro da sobreviv\u00eancia, com as varia\u00e7\u00f5es se restringindo \u00e0 dosagem de um e outro dos dois limitados ingredientes.<\/p>\n<p>Mesmo sendo o \u00faltimo evento da campanha, o debate de ontem na Globo permitiu que se enxergasse essa assimetria entre demanda da sociedade e oferta dos pol\u00edticos. Tomemos como exemplo a pergunta da economista, que entende estar desempregada em raz\u00e3o de uma barreira imposta pelo mercado \u00e0s pessoas maduras. Dilma e A\u00e9cio pareceram n\u00e3o ter ouvido a pergunta, pois ambos usaram a ang\u00fastia da economista desempregada para falar ou de cursos do SENAI (a eleitora tem curso superior!), ou da necessidade de o pa\u00eds crescer (como se a economista n\u00e3o soubesse). Em suma, ela pedia um projeto que enfrentasse a quest\u00e3o de uma alternativa para os mais velhos trabalharem, se dizendo <em>j\u00e1<\/em> preparada para isso e, por isso mesmo, apontando uma incongru\u00eancia no mercado de trabalho, que, ao mesmo tempo, reclama de falta de m\u00e3o-de-obra qualificada e dispensa m\u00e3o-de-obra qualificada. Naturalmente, os cursinhos de <i>marketing<\/i> intensivos das campanhas n\u00e3o permitem ter resposta para uma &#8220;novidade&#8221; dessas e, ent\u00e3o, o que se viu foi candidata e candidato exibindo a reuni\u00e3o de falta de sensibilidade com limita\u00e7\u00e3o de repert\u00f3rio.<\/p>\n<p>A estrada real para a vit\u00f3ria nessa elei\u00e7\u00e3o provavelmente esteve desenhada pela aspira\u00e7\u00e3o popular por uma transforma\u00e7\u00e3o, mas faltou quem a propusesse. Prisioneiros do cabo de guerra do pacto incrementalista conservador institu\u00eddo pelo Real, Dilma e A\u00e9cio n\u00e3o tinham sequer como elevar os olhos da corda a que se agarram para, ent\u00e3o, buscar outros caminhos: ambos pregaram a mudan\u00e7a, mas um prometendo fazer exatamente o que o outro afian\u00e7ava que faria.<\/p>\n<p>J\u00e1 Marina fez como o caminhante noturno de Schopenhauer: tomando por um rio caudaloso a estrada clara que divisou \u00e0 sua frente, evitou-a escrupulosamente, contente por vez ou outra no curso da noite divis\u00e1-la ao longe, assegurando-se de que ia segura, enquanto ao evit\u00e1-la n\u00e3o fazia mais do que distanciar-se do pr\u00f3prio passado, regozijando-se por seguir o caminho lamacento em que lentamente escorregou para a irrelev\u00e2ncia. Foi uma grande perda, com um legado danosamente compat\u00edvel, que \u00e9 essa <a title=\"Uma REFORMA POL\u00cdTICA  r e a c i o n \u00e1 r i a\" href=\"http:\/\/novaes-c-politico.com.br\/?p=580\">nefasta reforma<\/a> contra a mudan\u00e7a, pela qual a <a title=\"UMA MUDAN\u00c7A DE ALCANCE MUNDIAL\" href=\"http:\/\/novaes-c-politico.com.br\/?p=121\">burocracia da representa\u00e7\u00e3o profissional<\/a> se assenhoreia ainda mais do mando pol\u00edtico: prorroga\u00e7\u00e3o de mandatos para alcan\u00e7ar uma coincid\u00eancia de calend\u00e1rio eleitoral com elei\u00e7\u00f5es somente a cada cindo longos anos &#8212; dif\u00edcil imaginar algo mais <a title=\"UMA A\u00c7\u00c3O PREVENTIVA DOS OLIGARCAS  CONTRA INQUIETA\u00c7\u00d5ES QUE SE ANUNCIAM\" href=\"http:\/\/novaes-c-politico.com.br\/?p=41\">perverso como resultado de junho de 2013<\/a>. Colocar-se contra essa proposta vai acabar dando ao PT alguma bandeira para empunhar.<\/p>\n<p>Ven\u00e7a quem vencer, nenhum de n\u00f3s poder\u00e1 dizer que n\u00e3o foi bem informado sobre a presidente ou o presidente que teremos: arrastar\u00e1 atr\u00e1s de si esquemas de corrup\u00e7\u00e3o pesada,\u00a0 continuar\u00e1 o Bolsa Fam\u00edlia, o Minha Casa Minha Vida e a recupera\u00e7\u00e3o &#8220;respons\u00e1vel&#8221; do valor do sal\u00e1rio m\u00ednimo, contrapartidas da n\u00e3o menos continu\u00edsta pol\u00edtica de assegurar aos rentistas a intocabilidade dos seus patrim\u00f4nios e do modelo que assegura a sua multiplica\u00e7\u00e3o, e sem nada alterar no projeto\u00a0<em>crescimentista<\/em> que estimula o endividamento familiar para o consumo de bens fabricados como se os recursos do planeta n\u00e3o fossem finitos, e celebra um agroneg\u00f3cio baseado na depreda\u00e7\u00e3o ambiental pelo desmatamento e no uso intensivo de pesticidas e agrot\u00f3xicos. Ou seja, a desigualdade e o car\u00e1ter insustent\u00e1vel do <em>esquem\u00e3o<\/em> v\u00e3o seguir firmes, tendo como pano de fundo a ideia de que o sucesso, individual (por certo), depende fundamentalmente ou da bem-aventuran\u00e7a do ber\u00e7o ou do exerc\u00edcio obstinado da falta de escr\u00fapulos &#8212; quando n\u00e3o de ambos. Prisioneiras dessa carapa\u00e7a de interesses, as energias da nossa gente continuar\u00e3o a ser gastas na mera reprodu\u00e7\u00e3o de uma vida sofrida ou sofr\u00edvel em nossas cidades tristes, condenada a inventar alguma alegria no simples fato de deixar para tr\u00e1s mais uma elei\u00e7\u00e3o em que as propagandas eleitorais permitiram ver parte do muito que poderia ser feito n\u00e3o fosse o que \u00e9 desviado para satisfazer aos interesses imediatos e estrat\u00e9gicos de quem pagou a produ\u00e7\u00e3o das belas imagens.<\/p>\n","protected":false},"excerpt":{"rendered":"<p>Carlos Novaes, 25 de outubro de 2014 T\u00e3o certo como no fim haver\u00e1 um vencedor, toda elei\u00e7\u00e3o tamb\u00e9m tem uma esp\u00e9cie de estrada real para a vit\u00f3ria. Mas \u00e9 cada vez mais raro que o vencedor seja aquele que percorreu essa estrada. Vit\u00f3rias eleitorais s\u00e3o cada vez mais resultado de uma marcha pelas trilhas manjadas [&hellip;]<\/p>\n","protected":false},"author":1338,"featured_media":0,"comment_status":"open","ping_status":"open","sticky":false,"template":"","format":"standard","meta":{"footnotes":""},"categories":[4,14,3],"tags":[],"class_list":["post-1039","post","type-post","status-publish","format-standard","hentry","category-eleicoes-de-2014","category-pt-e-psdb-sao-a-mesma-coisa","category-reforma-politica"],"_links":{"self":[{"href":"https:\/\/novaes-c-politico.com.br\/index.php?rest_route=\/wp\/v2\/posts\/1039","targetHints":{"allow":["GET"]}}],"collection":[{"href":"https:\/\/novaes-c-politico.com.br\/index.php?rest_route=\/wp\/v2\/posts"}],"about":[{"href":"https:\/\/novaes-c-politico.com.br\/index.php?rest_route=\/wp\/v2\/types\/post"}],"author":[{"embeddable":true,"href":"https:\/\/novaes-c-politico.com.br\/index.php?rest_route=\/wp\/v2\/users\/1338"}],"replies":[{"embeddable":true,"href":"https:\/\/novaes-c-politico.com.br\/index.php?rest_route=%2Fwp%2Fv2%2Fcomments&post=1039"}],"version-history":[{"count":27,"href":"https:\/\/novaes-c-politico.com.br\/index.php?rest_route=\/wp\/v2\/posts\/1039\/revisions"}],"predecessor-version":[{"id":8246,"href":"https:\/\/novaes-c-politico.com.br\/index.php?rest_route=\/wp\/v2\/posts\/1039\/revisions\/8246"}],"wp:attachment":[{"href":"https:\/\/novaes-c-politico.com.br\/index.php?rest_route=%2Fwp%2Fv2%2Fmedia&parent=1039"}],"wp:term":[{"taxonomy":"category","embeddable":true,"href":"https:\/\/novaes-c-politico.com.br\/index.php?rest_route=%2Fwp%2Fv2%2Fcategories&post=1039"},{"taxonomy":"post_tag","embeddable":true,"href":"https:\/\/novaes-c-politico.com.br\/index.php?rest_route=%2Fwp%2Fv2%2Ftags&post=1039"}],"curies":[{"name":"wp","href":"https:\/\/api.w.org\/{rel}","templated":true}]}}