{"id":115,"date":"2013-08-23T21:42:00","date_gmt":"2013-08-23T21:42:00","guid":{"rendered":"http:\/\/novaes-c-politico.com.br\/?p=115"},"modified":"2013-09-05T14:36:29","modified_gmt":"2013-09-05T14:36:29","slug":"so-4-ja-representacao-nao-e-profissao","status":"publish","type":"post","link":"https:\/\/novaes-c-politico.com.br\/?p=115","title":{"rendered":"S\u00d3 4 J\u00c1 &#8211; representa\u00e7\u00e3o n\u00e3o \u00e9 profiss\u00e3o"},"content":{"rendered":"<p style=\"text-align: right;\" align=\"center\"><span style=\"font-size: 1rem; line-height: 1.714285714;\">Carlos Novaes, junho de 2013<\/span><\/p>\n<p>O movimento de revolta que atravessa o Brasil e o mundo precisa encontrar uma bandeira pol\u00edtica que corresponda \u00e0 sua motiva\u00e7\u00e3o transformadora e lhe d\u00ea impulso, amplitude e materialidade:<\/p>\n<p>&#8211;\u00a0\u00a0\u00a0\u00a0\u00a0\u00a0\u00a0\u00a0\u00a0 Impulso \u2013 isto \u00e9, o torne mais forte;<\/p>\n<p>&#8211;\u00a0\u00a0\u00a0\u00a0\u00a0\u00a0\u00a0\u00a0\u00a0 Amplitude \u2013 isto \u00e9, o leve a reunir ainda mais gente;<\/p>\n<p>&#8211;\u00a0\u00a0\u00a0\u00a0\u00a0\u00a0\u00a0\u00a0\u00a0 Materialidade \u2013 isto \u00e9, d\u00ea a cada um de n\u00f3s uma meta fecunda, agrad\u00e1vel, clara e realiz\u00e1vel.<\/p>\n<p>O problema dos problemas pol\u00edticos no Brasil e no mundo \u00e9 a farsa da representa\u00e7\u00e3o legislativa: a representa\u00e7\u00e3o virou uma profiss\u00e3o e, com isso, pol\u00edtica virou carreira. A pr\u00e1tica rotineira dos pol\u00edticos profissionais os levou, e leva, a darem as costas \u00e0s sociedades que deveriam representar. A representa\u00e7\u00e3o n\u00e3o existe, pois eles est\u00e3o todo o tempo ocupados com seus pr\u00f3prios interesses e n\u00e3o d\u00e3o aten\u00e7\u00e3o aos desejos da sociedade. O primeiro interesse deles \u00e9 fazer carreira, continuar a ser pol\u00edtico para sempre. A sociedade s\u00f3 \u00e9 levada em conta quando suas demandas n\u00e3o atrapalham essa meta permanente deles ou podem ser usadas para ajuda-los a permanecer.<\/p>\n<p>Por melhor que seja a origem eleitoral de um pol\u00edtico, a profissionaliza\u00e7\u00e3o sempre o arrasta para longe das metas iniciais, pois ele passa a ser regido pela l\u00f3gica f\u00e9rrea da reelei\u00e7\u00e3o. T\u00e3o logo tenha sido eleito, a\u00a0 primeira preocupa\u00e7\u00e3o de um pol\u00edtico \u00e9 tudo fazer para conseguir um outro mandato legislativo na pr\u00f3xima elei\u00e7\u00e3o, mesmo que em um outro cargo.<\/p>\n<p>Para recuperar o sentido da representa\u00e7\u00e3o a solu\u00e7\u00e3o \u00e9 muito clara: o fim da reelei\u00e7\u00e3o para todos os cargos de representa\u00e7\u00e3o legislativa. Pol\u00edtica n\u00e3o \u00e9 profiss\u00e3o e cada um s\u00f3 deve ter um mandato de 4 anos, seja de vereador, deputado ou senador. Quando um eletricista, uma professora, um m\u00e9dico, uma petroleira, um lavrador ou uma esteticista se torna um pol\u00edtico profissional e passa a trabalhar por uma carreira pol\u00edtica, perdemos todos:<\/p>\n<p>&#8211;\u00a0\u00a0\u00a0\u00a0\u00a0\u00a0\u00a0\u00a0\u00a0 perdem os seus colegas de profiss\u00e3o de origem e seus \u201cclientes\u201d, pois o novo pol\u00edtico passa a manipular as ferramentas de uma outra \u201cprofiss\u00e3o\u201d. Deixa os seus iguais para tr\u00e1s sem jamais pensar em voltar \u00e0 antiga profiss\u00e3o, que est\u00e1 na origem de tudo;<\/p>\n<p>&#8211;\u00a0\u00a0\u00a0\u00a0\u00a0\u00a0\u00a0\u00a0\u00a0 perdem seus eleitores, que imaginaram estar elegendo um representante, mas v\u00e3o ter que aturar mais um pol\u00edtico entocado em uma vida pol\u00edtica rotinizada em nome de uma carreira;<\/p>\n<p>&#8211;\u00a0\u00a0\u00a0\u00a0\u00a0\u00a0\u00a0\u00a0\u00a0 perde a sociedade como um todo, pois perde seu, ou sua, eletricista, professora, m\u00e9dico, petroleira, lavrador, esteticista, etc e n\u00e3o ganha em troca algu\u00e9m voltado para os interesses de todos n\u00f3s, pois o pol\u00edtico profissional vai se ocupar em primeiro lugar de buscar dinheiro e poder para continuar empoleirado no legislativo.<\/p>\n<p>As coisas est\u00e3o de ponta cabe\u00e7a: permite-se a reelei\u00e7\u00e3o ali onde deveria ser obrigat\u00f3ria a renova\u00e7\u00e3o. Se a recondu\u00e7\u00e3o a <i>qualquer<\/i> <i>outro<\/i> mandato legislativo for proibida, mesmo que para um cargo diferente do j\u00e1 ocupado (fim da pol\u00edtica como carreira), ganhamos todos:<\/p>\n<p>&#8211;\u00a0\u00a0\u00a0\u00a0\u00a0\u00a0\u00a0\u00a0\u00a0 o fim da recondu\u00e7\u00e3o acabar\u00e1 com a perspectiva de uma carreira pol\u00edtica, o que ser\u00e1 um filtro poderoso contra o ambicioso pol\u00edtico t\u00edpico de nossos dias;<\/p>\n<p>&#8211;\u00a0\u00a0\u00a0\u00a0\u00a0\u00a0\u00a0\u00a0\u00a0 todo aquele que se candidatar saber\u00e1 que ter\u00e1 de voltar \u00e0 sua profiss\u00e3o depois dos 4 anos de mandato como representante &#8211; se for um mau representante poder\u00e1 comprometer seu futuro profissional, pois ter\u00e1 de voltar para o meio de onde saiu (os pol\u00edticos s\u00f3 se reinventam e traem porque tem a perspectiva de uma carreira);<\/p>\n<p>&#8211;\u00a0\u00a0\u00a0\u00a0\u00a0\u00a0\u00a0\u00a0\u00a0 a troca peri\u00f3dica e compuls\u00f3ria dos representantes vai tornar a representa\u00e7\u00e3o o que ela deve ser: fluxo dos interesses, desejos, expectativas, projetos e esperan\u00e7as da sociedade (hoje a representa\u00e7\u00e3o n\u00e3o \u00e9 fluxo \u2013 \u00e9 rotina que segue a cad\u00eancia dos interesses mesquinhos dos que fizeram da pol\u00edtica uma profiss\u00e3o);<\/p>\n<p>&#8211;\u00a0\u00a0\u00a0\u00a0\u00a0\u00a0\u00a0\u00a0\u00a0 a renova\u00e7\u00e3o permanente de representantes vai obrigar os partidos a funcionarem de modo totalmente diferente, pois hoje eles est\u00e3o deformados pelo dom\u00ednio\u00a0 burocr\u00e1tico dos profissionais da pol\u00edtica \u2013 os partidos ter\u00e3o de liberar energias e talentos internos que seus mandachuvas sufocam, e ter\u00e3o de abrir as portas \u00e0 sociedade, se quiserem representa-la;<\/p>\n<p>&#8211;\u00a0\u00a0\u00a0\u00a0\u00a0\u00a0\u00a0\u00a0\u00a0 um <i>representante<\/i> legislativo bem avaliado, tenha sido eleito como candidato avulso ou por um partido, poder\u00e1 aspirar a condi\u00e7\u00e3o de <i>gestor<\/i> p\u00fablico num mandato executivo, seja de prefeito, governador ou presidente.<\/p>\n<p>A bandeira de S\u00d3 4 anos de mandato legislativo \u00e9 radical porque ao mesmo tempo em que se luta para mudar a Constitui\u00e7\u00e3o via um projeto de lei de iniciativa popular, colhendo milh\u00f5es de assinaturas em todo o Brasil, podemos praticar desde j\u00e1 o que propomos: em 2014, nenhum voto para representante em quem j\u00e1 tem, ou tenha tido, mandato legislativo, por melhor que seja o pol\u00edtico.<\/p>\n<p>Essa bandeira \u00e9 radical porque seu sucesso depende, antes de tudo, da nossa pr\u00f3pria pr\u00e1tica horizontal, dispensando-nos de esperar pela mudan\u00e7a legal vertical que n\u00e3o obstante defendemos. Essa bandeira \u00e9 radical porque vai \u00e0 raiz de todos os problemas pol\u00edticos. Essa bandeira \u00e9 radical porque prop\u00f5e uma transforma\u00e7\u00e3o vi\u00e1vel sem derramamento de sangue, embora imponha algumas perdas.<\/p>\n<p>N\u00e3o h\u00e1 transforma\u00e7\u00e3o sem perdas. Vamos ter de abrir m\u00e3o dos poucos representantes em quem atualmente confiamos para alcan\u00e7ar uma meta mais elevada: uma representa\u00e7\u00e3o que corresponda \u00e0 din\u00e2mica de uma sociedade em mudan\u00e7a: cheia de problemas, mas a cada dia mais comunicativa e participante.<\/p>\n<p>&nbsp;<\/p>\n","protected":false},"excerpt":{"rendered":"<p>Carlos Novaes, junho de 2013 O movimento de revolta que atravessa o Brasil e o mundo precisa encontrar uma bandeira pol\u00edtica que corresponda \u00e0 sua motiva\u00e7\u00e3o transformadora e lhe d\u00ea impulso, amplitude e materialidade: &#8211;\u00a0\u00a0\u00a0\u00a0\u00a0\u00a0\u00a0\u00a0\u00a0 Impulso \u2013 isto \u00e9, o torne mais forte; &#8211;\u00a0\u00a0\u00a0\u00a0\u00a0\u00a0\u00a0\u00a0\u00a0 Amplitude \u2013 isto \u00e9, o leve a reunir ainda mais gente; [&hellip;]<\/p>\n","protected":false},"author":1338,"featured_media":0,"comment_status":"open","ping_status":"open","sticky":false,"template":"","format":"standard","meta":{"footnotes":""},"categories":[13,2],"tags":[],"class_list":["post-115","post","type-post","status-publish","format-standard","hentry","category-representacao-nao-e-profissao","category-textos-mais-antigos"],"_links":{"self":[{"href":"https:\/\/novaes-c-politico.com.br\/index.php?rest_route=\/wp\/v2\/posts\/115","targetHints":{"allow":["GET"]}}],"collection":[{"href":"https:\/\/novaes-c-politico.com.br\/index.php?rest_route=\/wp\/v2\/posts"}],"about":[{"href":"https:\/\/novaes-c-politico.com.br\/index.php?rest_route=\/wp\/v2\/types\/post"}],"author":[{"embeddable":true,"href":"https:\/\/novaes-c-politico.com.br\/index.php?rest_route=\/wp\/v2\/users\/1338"}],"replies":[{"embeddable":true,"href":"https:\/\/novaes-c-politico.com.br\/index.php?rest_route=%2Fwp%2Fv2%2Fcomments&post=115"}],"version-history":[{"count":7,"href":"https:\/\/novaes-c-politico.com.br\/index.php?rest_route=\/wp\/v2\/posts\/115\/revisions"}],"predecessor-version":[{"id":192,"href":"https:\/\/novaes-c-politico.com.br\/index.php?rest_route=\/wp\/v2\/posts\/115\/revisions\/192"}],"wp:attachment":[{"href":"https:\/\/novaes-c-politico.com.br\/index.php?rest_route=%2Fwp%2Fv2%2Fmedia&parent=115"}],"wp:term":[{"taxonomy":"category","embeddable":true,"href":"https:\/\/novaes-c-politico.com.br\/index.php?rest_route=%2Fwp%2Fv2%2Fcategories&post=115"},{"taxonomy":"post_tag","embeddable":true,"href":"https:\/\/novaes-c-politico.com.br\/index.php?rest_route=%2Fwp%2Fv2%2Ftags&post=115"}],"curies":[{"name":"wp","href":"https:\/\/api.w.org\/{rel}","templated":true}]}}