{"id":1732,"date":"2015-08-06T15:25:27","date_gmt":"2015-08-06T18:25:27","guid":{"rendered":"http:\/\/novaes-c-politico.com.br\/?p=1732"},"modified":"2015-09-05T17:54:08","modified_gmt":"2015-09-05T20:54:08","slug":"a-voz-ventriloqua-das-ruas","status":"publish","type":"post","link":"https:\/\/novaes-c-politico.com.br\/?p=1732","title":{"rendered":"A VOZ (ventr\u00edloqua) DAS RUAS"},"content":{"rendered":"<p align=\"right\">Carlos Novaes, 06 de agosto de 2015<\/p>\n<p>A re-pris\u00e3o de um Dirceu que j\u00e1 estava preso aumentou a certeza sobrenadante de que falta \u201calgu\u00e9m\u201d e, desafortunadamente para Dilma, ela se tornou a candidata &#8220;natural&#8221; a preencher a lacuna. Afinal, ao inv\u00e9s de se dar ao trabalho de enxergar esse \u201calgu\u00e9m\u201d faltante na nossa pr\u00f3pria ordem pol\u00edtica profissional enquanto ela mesma (por mais evidente que isso esteja, pois os maiores advers\u00e1rios da nossa lastim\u00e1vel presidenta s\u00e3o muuuiiito piores do que ela) a opini\u00e3o p\u00fablica prefere o caminho c\u00f4modo para si, e vantajoso para os oportunistas, de concentrar na figura mais fr\u00e1gil e merecidamente desmoralizada toda a sua ira pregui\u00e7osa. A pesquisa DataFolha de hoje \u00e9 clara: a opini\u00e3o p\u00fablica afunilou em Dilma toda a repulsa que nutre pelo sistema pol\u00edtico corrupto que nos infelicita. H\u00e1 uma onda contr\u00e1ria ao governo que \u00e9 justa, mas que abriga a inconsist\u00eancia que provavelmente determinar\u00e1 seu breve e curto espraiamento, pois Dilma est\u00e1 a pagar n\u00e3o s\u00f3 pelos erros (muitos) que cometeu, mas por simplesmente tudo. \u00c9 a colheita do PT por ter fraudado as bandeiras que at\u00e9 hoje insiste fingir que ainda defende. Infelizmente, o impeachment dela, se ocorrer, n\u00e3o ser\u00e1 uma oportunidade para a mudan\u00e7a, mas uma gigantesca v\u00e1lvula para dissipar a press\u00e3o a que, de certo modo, toda a ordem pol\u00edtica profissional est\u00e1 submetida. Esse desfecho pol\u00edtico fajuto de uma crise econ\u00f4mica verdadeira provocar\u00e1 na popula\u00e7\u00e3o uma euforia imatura, num desperd\u00edcio de energia que ser\u00e1 captado pelos espertalh\u00f5es para que tudo fique como est\u00e1 \u2013 ou pior.<\/p>\n<p>Digo <i>pior<\/i> porque os que est\u00e3o a tramar a queda de Dilma ir\u00e3o fazer um ajuste ainda mais duro do que este que ela vem tentando levar a cabo contra a c\u00ednica sabotagem deles, e tudo revestido do manto (e do mando) da necessidade, pois sempre poder\u00e3o invocar a heran\u00e7a maldita recebida \u2013 levar\u00e1 ainda muito tempo para que a opini\u00e3o p\u00fablica entenda que nossos pol\u00edticos profissionais n\u00e3o tem como deixar heran\u00e7a bendita. Digo <i>pior<\/i> porque na esteira da desmoraliza\u00e7\u00e3o do PT tamb\u00e9m foram desmoralizadas muitas das ideias e propostas justas que ele fingia defender, o que abrir\u00e1 caminho para que, de posse da presid\u00eancia via impeachment, as for\u00e7as reacion\u00e1rias imponham ao Brasil um retrocesso <em>legal<\/em> para aqu\u00e9m dos t\u00edmidos avan\u00e7os obtidos com a Constituinte. Digo <em>pior<\/em> porque revestidos da autoridade da presid\u00eancia num pa\u00eds em convuls\u00e3o sofrida, os agentes das <em>pr\u00e1ticas<\/em> nefastas ir\u00e3o ter oportunidades novas para continuar a agir contra o interesse p\u00fablico e <a title=\"Voc\u00ea matou meu filho!\" href=\"http:\/\/noticias.uol.com.br\/cotidiano\/ultimas-noticias\/2015\/08\/06\/eles-nao-sao-despreparados-diz-mae-de-jovem-morto-por-pm-no-rio.htm\">contra os mais fracos<\/a>. Se Dilma cair, iremos viver tempos sombrios, leitor.<\/p>\n<p>\u00c9 por enxergar os danos presentes e futuros da ins\u00e2nia e da sanha reinantes que Fernando Henrique tem sido cauteloso, pois ele, n\u00e3o sendo um A\u00e9cio, olha para al\u00e9m dos ganhos imediatos que uma situa\u00e7\u00e3o pol\u00edtica conturbada desprovida de vi\u00e9s transformador pode trazer. Tendo falseado uma discord\u00e2ncia em torno daquilo que na verdade os unia, PT e PSDB jogaram o pa\u00eds numa teatraliza\u00e7\u00e3o macabra. Cada um teve de ir buscar nos por\u00f5es da ditadura for\u00e7as auxiliares para levar a farsa adiante, numa encena\u00e7\u00e3o que aos poucos vai se revelando tr\u00e1gica para o nosso futuro, pois o pacto do Real se desfaz por todas as costuras. Sim, leitor, n\u00e3o h\u00e1 alternativa auspiciosa na desordem atual; e isso ocorre porque essa \u00e9 uma desordem que nasce de um desmoronamento, n\u00e3o de uma disputa entre projetos alternativos que estivessem disputando o seu, o meu, o nosso engajamento l\u00facido. N\u00e3o. O que est\u00e1 a desmoronar \u00e9 o arranjo fr\u00e1gil que os tucanos puseram de p\u00e9 h\u00e1 pouco mais de vinte anos, ao qual o PT aderiu faz pouco mais de dez, mas sem que ambos tivessem tirado consequ\u00eancia pr\u00e1tica auspiciosa dessa converg\u00eancia. A \u00e1rvore da nossa ordem pol\u00edtica profissional est\u00e1 caindo de podre aos nossos olhos, mas a opini\u00e3o p\u00fablica \u00e9 levada a se comportar como se tivesse encontrado um fruto podre na cesta. E quem maneja o boneco se ri.<\/p>\n","protected":false},"excerpt":{"rendered":"<p>Carlos Novaes, 06 de agosto de 2015 A re-pris\u00e3o de um Dirceu que j\u00e1 estava preso aumentou a certeza sobrenadante de que falta \u201calgu\u00e9m\u201d e, desafortunadamente para Dilma, ela se tornou a candidata &#8220;natural&#8221; a preencher a lacuna. Afinal, ao inv\u00e9s de se dar ao trabalho de enxergar esse \u201calgu\u00e9m\u201d faltante na nossa pr\u00f3pria ordem [&hellip;]<\/p>\n","protected":false},"author":1338,"featured_media":0,"comment_status":"open","ping_status":"open","sticky":false,"template":"","format":"standard","meta":{"footnotes":""},"categories":[15,2],"tags":[],"class_list":["post-1732","post","type-post","status-publish","format-standard","hentry","category-a-crise-e-a-crise","category-textos-mais-antigos"],"_links":{"self":[{"href":"https:\/\/novaes-c-politico.com.br\/index.php?rest_route=\/wp\/v2\/posts\/1732","targetHints":{"allow":["GET"]}}],"collection":[{"href":"https:\/\/novaes-c-politico.com.br\/index.php?rest_route=\/wp\/v2\/posts"}],"about":[{"href":"https:\/\/novaes-c-politico.com.br\/index.php?rest_route=\/wp\/v2\/types\/post"}],"author":[{"embeddable":true,"href":"https:\/\/novaes-c-politico.com.br\/index.php?rest_route=\/wp\/v2\/users\/1338"}],"replies":[{"embeddable":true,"href":"https:\/\/novaes-c-politico.com.br\/index.php?rest_route=%2Fwp%2Fv2%2Fcomments&post=1732"}],"version-history":[{"count":20,"href":"https:\/\/novaes-c-politico.com.br\/index.php?rest_route=\/wp\/v2\/posts\/1732\/revisions"}],"predecessor-version":[{"id":1945,"href":"https:\/\/novaes-c-politico.com.br\/index.php?rest_route=\/wp\/v2\/posts\/1732\/revisions\/1945"}],"wp:attachment":[{"href":"https:\/\/novaes-c-politico.com.br\/index.php?rest_route=%2Fwp%2Fv2%2Fmedia&parent=1732"}],"wp:term":[{"taxonomy":"category","embeddable":true,"href":"https:\/\/novaes-c-politico.com.br\/index.php?rest_route=%2Fwp%2Fv2%2Fcategories&post=1732"},{"taxonomy":"post_tag","embeddable":true,"href":"https:\/\/novaes-c-politico.com.br\/index.php?rest_route=%2Fwp%2Fv2%2Ftags&post=1732"}],"curies":[{"name":"wp","href":"https:\/\/api.w.org\/{rel}","templated":true}]}}