{"id":2396,"date":"2016-03-13T22:44:52","date_gmt":"2016-03-14T01:44:52","guid":{"rendered":"http:\/\/novaes-c-politico.com.br\/?p=2396"},"modified":"2016-03-24T15:08:53","modified_gmt":"2016-03-24T18:08:53","slug":"apoteose-malsa","status":"publish","type":"post","link":"https:\/\/novaes-c-politico.com.br\/?p=2396","title":{"rendered":"APOTEOSE MALS\u00c3"},"content":{"rendered":"<p align=\"right\">Carlos Novaes, 13 de mar\u00e7o de 2016<\/p>\n<p>&nbsp;<\/p>\n<p>O abismo entre o que o <i>lulopetismo<\/i> simbolizou e o que seus l\u00edderes entregaram \u00e9 de tal ordem que n\u00e3o h\u00e1 nada a resgatar para as lutas vindouras contra a desigualdade, salvo o fato de que o <i>lulopetismo<\/i> passa a ser o exemplo mais acabado do que deve ser evitado nessa luta: sucumbir \u00e0s <a title=\"PT PAGA O PRE\u00c7O PELA SUA ACOMODA\u00c7\u00c3O CONSERVADORA\" href=\"http:\/\/novaes-c-politico.com.br\/?p=478\">oportunidades <\/a>que a luta organizada contra a desigualdade abre aos seus l\u00edderes para contornarem em benef\u00edcio pr\u00f3prio as agruras impostas por essa mesma desigualdade \u00e0 maioria da popula\u00e7\u00e3o, cujos interesses eles supostamente representariam. O desmascaramento do apego dos l\u00edderes do <i>lulopetismo<\/i> ao dinheiro deu ocasi\u00e3o ao espraiamento da bo\u00e7alidade conservadora do \u201coutro lado\u201d porque desmoralizou at\u00e9 mesmo a mera compaix\u00e3o pelos menos afortunados, que dir\u00e1 a a\u00e7\u00e3o p\u00fablica para ampara-los. Todo um universo simb\u00f3lico da luta social e por uma ordem pol\u00edtica alternativa <a title=\"O PT ARRUINOU O PETISMO E O SISTEMA POL\u00cdTICO\" href=\"http:\/\/novaes-c-politico.com.br\/?p=1628\">foi desmoralizado<\/a> e as manifesta\u00e7\u00f5es deste domingo foram o vel\u00f3rio apote\u00f3tico dessa implos\u00e3o, que ser\u00e1 consagrada nas missas de s\u00e9timo dia anunciadas para a pr\u00f3xima semana, por menos que assim queiram enxerga-las os fi\u00e9is remanescentes da \u201ccausa\u201d.<\/p>\n<p>As manifesta\u00e7\u00f5es deste domingo contra Dilma, Lula e o PT foram expressivas. Mas o foram por\u00a0 duas raz\u00f5es: primeiro, porque o que est\u00e1, com justa raz\u00e3o, sendo execrado, j\u00e1 n\u00e3o pode reagir, j\u00e1 acabou; e, segundo, porque essa execra\u00e7\u00e3o atende ao <i>status quo<\/i>, pois arrasta junto toda a ordem simb\u00f3lica alternativa acima mencionada, constru\u00edda durante d\u00e9cadas contra a <a title=\"DESIGUALDADE, MUDANCISMO E VOTO \u2014 1 de 4\" href=\"http:\/\/novaes-c-politico.com.br\/?p=1260\">domina\u00e7\u00e3o rotineira<\/a> dos promotores da desigualdade, que sabem ter voltado ao protagonismo pol\u00edtico nessa hora em que se d\u00e1 a gesta\u00e7\u00e3o de uma ordem pol\u00edtica substituta que lhes garantir\u00e1 a manuten\u00e7\u00e3o da mesma desigualdade. O que houve neste domingo foi uma comemora\u00e7\u00e3o em torno de um <i>suposto<\/i> inimigo vencido, n\u00e3o luta contra ele. Este domingo foi a apoteose de uma desorienta\u00e7\u00e3o: ao se livrar de uma <a title=\"O FIM DA MENTIRA MAIS RECENTE COMO ESTERCO PARA A MENTIRA MAIS VELHA\" href=\"http:\/\/novaes-c-politico.com.br\/?p=2386\">mentira recente<\/a>, o pa\u00eds se prepara para aceitar como alternativa pseudo novidades sa\u00eddas de uma mentira mais velha e, por isso mesmo, mais solidamente danosas, cumprindo-se a m\u00e1xima de que dias de festa s\u00e3o v\u00e9spera de muita dor.<\/p>\n","protected":false},"excerpt":{"rendered":"<p>Carlos Novaes, 13 de mar\u00e7o de 2016 &nbsp; O abismo entre o que o lulopetismo simbolizou e o que seus l\u00edderes entregaram \u00e9 de tal ordem que n\u00e3o h\u00e1 nada a resgatar para as lutas vindouras contra a desigualdade, salvo o fato de que o lulopetismo passa a ser o exemplo mais acabado do que [&hellip;]<\/p>\n","protected":false},"author":1338,"featured_media":0,"comment_status":"open","ping_status":"open","sticky":false,"template":"","format":"standard","meta":{"footnotes":""},"categories":[15,4,14],"tags":[],"class_list":["post-2396","post","type-post","status-publish","format-standard","hentry","category-a-crise-e-a-crise","category-eleicoes-de-2014","category-pt-e-psdb-sao-a-mesma-coisa"],"_links":{"self":[{"href":"https:\/\/novaes-c-politico.com.br\/index.php?rest_route=\/wp\/v2\/posts\/2396","targetHints":{"allow":["GET"]}}],"collection":[{"href":"https:\/\/novaes-c-politico.com.br\/index.php?rest_route=\/wp\/v2\/posts"}],"about":[{"href":"https:\/\/novaes-c-politico.com.br\/index.php?rest_route=\/wp\/v2\/types\/post"}],"author":[{"embeddable":true,"href":"https:\/\/novaes-c-politico.com.br\/index.php?rest_route=\/wp\/v2\/users\/1338"}],"replies":[{"embeddable":true,"href":"https:\/\/novaes-c-politico.com.br\/index.php?rest_route=%2Fwp%2Fv2%2Fcomments&post=2396"}],"version-history":[{"count":9,"href":"https:\/\/novaes-c-politico.com.br\/index.php?rest_route=\/wp\/v2\/posts\/2396\/revisions"}],"predecessor-version":[{"id":2402,"href":"https:\/\/novaes-c-politico.com.br\/index.php?rest_route=\/wp\/v2\/posts\/2396\/revisions\/2402"}],"wp:attachment":[{"href":"https:\/\/novaes-c-politico.com.br\/index.php?rest_route=%2Fwp%2Fv2%2Fmedia&parent=2396"}],"wp:term":[{"taxonomy":"category","embeddable":true,"href":"https:\/\/novaes-c-politico.com.br\/index.php?rest_route=%2Fwp%2Fv2%2Fcategories&post=2396"},{"taxonomy":"post_tag","embeddable":true,"href":"https:\/\/novaes-c-politico.com.br\/index.php?rest_route=%2Fwp%2Fv2%2Ftags&post=2396"}],"curies":[{"name":"wp","href":"https:\/\/api.w.org\/{rel}","templated":true}]}}