{"id":268,"date":"2013-10-06T05:15:16","date_gmt":"2013-10-06T05:15:16","guid":{"rendered":"http:\/\/novaes-c-politico.com.br\/?p=268"},"modified":"2013-10-09T17:54:12","modified_gmt":"2013-10-09T17:54:12","slug":"marina-fez-o-melhor-nas-circunstancias","status":"publish","type":"post","link":"https:\/\/novaes-c-politico.com.br\/?p=268","title":{"rendered":"MARINA FEZ O MELHOR, NAS CIRCUNST\u00c2NCIAS"},"content":{"rendered":"<p style=\"text-align: right;\">Carlos Novaes, 6 de outubro de 2013<\/p>\n<p>Ao anunciar filia\u00e7\u00e3o ao PSB, robustecendo a candidatura de Eduardo Campos e abrindo a possibilidade de ser a candidata a vice-presidente na chapa do pernambucano, a ex-senadora Marina Silva deu seu \u00fanico passo pol\u00edtico realmente acertado desde a entrada no PV, em julho de 2009, ocasi\u00e3o em que filiou-se aos verdes com o compromisso de primeiro mudar o partido e, s\u00f3 depois, ser candidata a presidente. Naquela altura, em mais uma das suas demonstra\u00e7\u00f5es de pragmatismo confuso, ela logo abandonou o projeto de mudar o PV e entrou de cabe\u00e7a numa campanha que s\u00f3 quem sempre subestimou o lugar da acreana na disputa p\u00f4de receber como &#8220;vit\u00f3ria&#8221; seu desfecho nos propalados &#8220;quase 20 milh\u00f5es&#8221; de votos. N\u00e3o fossem os muit\u00edssimos erros cometidos, ela poderia ter <a title=\"Texto em que mostro o potencial de Marina em 2010\" href=\"http:\/\/novaes-c-politico.com.br\/?p=34\">realizado todo o seu potencial<\/a> e disputado o segundo turno naquela elei\u00e7\u00e3o.<\/p>\n<p>O acerto de Marina dessa vez est\u00e1 em ter aceito a consequ\u00eancia obvia da situa\u00e7\u00e3o em que se meteu e para a qual arrastou os que se submetem ao estilo de mando pol\u00edtico ventr\u00edloquo centralizado que ela parece protagonizar. Deixando de lado a inacredit\u00e1vel demora entre a j\u00e1 de si tardia sa\u00edda do PV e o lan\u00e7amento \u00e0 \u00e1gua da proposta do novo partido, a qual foi a respons\u00e1vel pelo injusto malogro nas areias do TSE, Marina e quem ela ouve estavam atados a tr\u00eas estais: um presumido inovador projeto partid\u00e1rio program\u00e1tico, uma candidatura presidencial dela pr\u00f3pria e o diagn\u00f3stico de que a <a title=\"Marina para presidente, em 2009\" href=\"http:\/\/novaes-c-politico.com.br\/?p=31\">nociva, e falsa, polariza\u00e7\u00e3o PTxPSDB<\/a> precisa ser desconstru\u00edda. A \u00fanica maneira de manter os tr\u00eas cabos esticados seria ter a Rede legalizada para as elei\u00e7\u00f5es de 2014. Exclu\u00edda essa possibilidade, era necess\u00e1rio decidir que perna(s) sacrificar, tendo em mente o menor dano pol\u00edtico na opini\u00e3o p\u00fablica, vale dizer, escolher a alternativa mais coerente com a pr\u00e1tica e o discurso exibidos publicamente at\u00e9 aqui.<\/p>\n<p>O que parecia o caminho natural para muitos dos seus seguidores teria resultado no maior erro, ou seja, insistir na candidatura presidencial. Depois de ter protagonizado essa \u00e9pica empreitada atabalhoada da chamada\u00a0<a title=\"PARTIDO EM REDE, 2011\" href=\"http:\/\/novaes-c-politico.com.br\/?p=25\">Rede<\/a>, com tudo que se pregou de inovador, program\u00e1tico, \u00e9tico, etc, filiar-se a outro partido apenas para ser candidata escancararia de sa\u00edda um pragmatismo que em 2009 ficara velado pelos acenos iniciais de &#8220;ressignificar&#8221; o PV. Descartar essa alternativa era a \u00fanica maneira de buscar preservar os outros dois compromissos, pois uma candidatura por partido nanico e gelatinoso (inclu\u00eddo a\u00ed o PPS, esse <em>pacman<\/em> que at\u00e9 anteontem, literalmente, estava \u00e0 espera de Jos\u00e9 Serra!) comprometeria o projeto da Rede e n\u00e3o daria contribui\u00e7\u00e3o para o fim da polariza\u00e7\u00e3o falsa, uma vez que ela pr\u00f3pria, a candidatura, seria falsa. Optar pela dedica\u00e7\u00e3o exclusiva ao projeto de construir o novo partido seria uma escolha aceit\u00e1vel, mas pouco contribuiria para o fim do <em>clinch<\/em> PSDBxPT e, ademais, deixaria Marina sem lugar direto na elei\u00e7\u00e3o presidencial de 2014.<\/p>\n<p>Nessa ordem de id\u00e9ias, entrar na candidatura presidencial de Eduardo Campos com um embarque no partido dele e preservando o projeto de constru\u00e7\u00e3o do seu pr\u00f3prio partido foi a melhor jogada, nas circunst\u00e2ncias, mesmo que ao faz\u00ea-la Marina esteja, involuntariamente, encorpando o <a title=\"Lula em 2014\" href=\"http:\/\/novaes-c-politico.com.br\/?p=66\">praticamente inevit\u00e1vel<\/a> &#8220;volta Lula&#8221; &#8211; e de duas maneiras: ao tornar a candidatura de Campos vi\u00e1vel, ela ajuda Lula a &#8220;entender&#8221; que s\u00f3 ele pode salvar a continuidade do projeto petista e abre caminho para que Campos venha a realizar seu verdadeiro sonho: ser o vice de Lula, pois s\u00f3 o ex-presidente tem cacife para garantir ao PMDB que nada ser\u00e1 perdido se eles forem desalojados da vice para o bem dos neg\u00f3cios comuns: h\u00e1 muitos minist\u00e9rios.<\/p>\n<p>Se as coisas se passarem assim, Marina n\u00e3o ficar\u00e1 de todo mal, mas tamb\u00e9m n\u00e3o ficar\u00e1 bem, pois entrar em cartaz no papel de &#8220;Ciro Gomes&#8221; nunca \u00e9 exatamente promessa de sucesso de bilheteria.<\/p>\n","protected":false},"excerpt":{"rendered":"<p>Carlos Novaes, 6 de outubro de 2013 Ao anunciar filia\u00e7\u00e3o ao PSB, robustecendo a candidatura de Eduardo Campos e abrindo a possibilidade de ser a candidata a vice-presidente na chapa do pernambucano, a ex-senadora Marina Silva deu seu \u00fanico passo pol\u00edtico realmente acertado desde a entrada no PV, em julho de 2009, ocasi\u00e3o em que [&hellip;]<\/p>\n","protected":false},"author":1338,"featured_media":0,"comment_status":"open","ping_status":"open","sticky":false,"template":"","format":"standard","meta":{"footnotes":""},"categories":[4,10],"tags":[],"class_list":["post-268","post","type-post","status-publish","format-standard","hentry","category-eleicoes-de-2014","category-partidos-politicos"],"_links":{"self":[{"href":"https:\/\/novaes-c-politico.com.br\/index.php?rest_route=\/wp\/v2\/posts\/268","targetHints":{"allow":["GET"]}}],"collection":[{"href":"https:\/\/novaes-c-politico.com.br\/index.php?rest_route=\/wp\/v2\/posts"}],"about":[{"href":"https:\/\/novaes-c-politico.com.br\/index.php?rest_route=\/wp\/v2\/types\/post"}],"author":[{"embeddable":true,"href":"https:\/\/novaes-c-politico.com.br\/index.php?rest_route=\/wp\/v2\/users\/1338"}],"replies":[{"embeddable":true,"href":"https:\/\/novaes-c-politico.com.br\/index.php?rest_route=%2Fwp%2Fv2%2Fcomments&post=268"}],"version-history":[{"count":19,"href":"https:\/\/novaes-c-politico.com.br\/index.php?rest_route=\/wp\/v2\/posts\/268\/revisions"}],"predecessor-version":[{"id":273,"href":"https:\/\/novaes-c-politico.com.br\/index.php?rest_route=\/wp\/v2\/posts\/268\/revisions\/273"}],"wp:attachment":[{"href":"https:\/\/novaes-c-politico.com.br\/index.php?rest_route=%2Fwp%2Fv2%2Fmedia&parent=268"}],"wp:term":[{"taxonomy":"category","embeddable":true,"href":"https:\/\/novaes-c-politico.com.br\/index.php?rest_route=%2Fwp%2Fv2%2Fcategories&post=268"},{"taxonomy":"post_tag","embeddable":true,"href":"https:\/\/novaes-c-politico.com.br\/index.php?rest_route=%2Fwp%2Fv2%2Ftags&post=268"}],"curies":[{"name":"wp","href":"https:\/\/api.w.org\/{rel}","templated":true}]}}