{"id":2911,"date":"2016-06-05T20:09:21","date_gmt":"2016-06-05T23:09:21","guid":{"rendered":"http:\/\/novaes-c-politico.com.br\/?p=2911"},"modified":"2016-06-08T07:30:10","modified_gmt":"2016-06-08T10:30:10","slug":"crise-em-ponto-morto-mas-vai-reengatar","status":"publish","type":"post","link":"https:\/\/novaes-c-politico.com.br\/?p=2911","title":{"rendered":"CRISE EM PONTO MORTO, MAS VAI REENGATAR"},"content":{"rendered":"<p align=\"right\">Carlos Novaes, 05 de junho de 2016<\/p>\n<p>H\u00e1 quase um ano, quando j\u00e1 estava claro que a Lava Jato, se prosseguisse sem freios, reuniria material para \u201cpegar\u201d todo mundo, escrevi <a title=\"GRA\u00daDOS E MI\u00daDOS\" href=\"http:\/\/novaes-c-politico.com.br\/?p=1856\">aqui<\/a>:<\/p>\n<blockquote><p>\u201cTal como em programas de audit\u00f3rio, tamb\u00e9m na pol\u00edtica \u00e9 pela baixaria que surge a verdade, como comprovam as declara\u00e7\u00f5es de Geddel que, em alto e bom som,\u00a0<a title=\"Geddel d\u00e1 entrevista a Josias, da Folha\" href=\"http:\/\/josiasdesouza.blogosfera.uol.com.br\/2015\/08\/19\/agenda-de-renan-e-conversa-fiada-diz-geddel\/\">disse<\/a>\u00a0o que pode ser resumido assim: &#8216;a esculhamba\u00e7\u00e3o em que v\u00ednhamos nos locupletando at\u00e9 aqui entrou em fal\u00eancia e precisamos encontrar um outro modo de operar&#8217;. Desafio qualquer um a encontrar resumo mais apurado do que esse para a \u201ccrise\u201d pol\u00edtica brasileira que, como venho insistindo, \u00e9 uma \u201ccrise\u201d do\u00a0<a title=\"PACTO FAJUTO E SA\u00cdDAS AUTORIT\u00c1RIAS\" href=\"http:\/\/novaes-c-politico.com.br\/?p=1712\">modo de operar dos profissionais<\/a>, por sua vez sobreposta ao desmanche do pacto do Real. Se n\u00e3o houver freio algum na\u00a0<em>Lava Jato<\/em>, figur\u00f5es do p-MDB, aliados de Geddel, se n\u00e3o o pr\u00f3prio (imposs\u00edvel n\u00e3o \u00e9) ir\u00e3o logo-logo aparecer entre os indiciados.\u201d<\/p><\/blockquote>\n<p>Como todos estamos a ver, embora a Lava Jato venha recebendo freios, ainda n\u00e3o foi poss\u00edvel estancar o processo nos limites da destrui\u00e7\u00e3o do <i>lulopetismo<\/i> e, assim, embora com tardan\u00e7a, figur\u00f5es do p-MDB vem caindo, menos pela a\u00e7\u00e3o resoluta do Judici\u00e1rio e das institui\u00e7\u00f5es conexas e mais pelas dificuldades de coordena\u00e7\u00e3o que todo o processo vem apresentando, ele pr\u00f3prio abrigando uma luta de fac\u00e7\u00f5es entre policiais, procuradores e ju\u00edzes, onde a moeda principal parece ser o chamado \u201cvazamento\u201d de evid\u00eancias que, como toda moeda, \u00e9 distribu\u00edda seletivamente e tem seu valor alterado no decorrer do tempo. Prova disso \u00e9 o tratamento dado a Marcelo Juc\u00e1: os \u00e1udios comprometedores vazaram, mas ele n\u00e3o foi submetido a nada parecido com o que aconteceu com Delc\u00eddio, apanhado em situa\u00e7\u00e3o igualmente comprometedora. Delc\u00eddio virou r\u00e9u e teve o senado contra si, enquanto Juc\u00e1, at\u00e9 aqui, perdeu apenas o cargo de ministro de Temer, junto ao qual continua a operar, fazendo dobradinha com ningu\u00e9m menos que o mesmo Geddel Vieira Lima da cita\u00e7\u00e3o acima, que n\u00e3o faz outro uso do poderoso cargo de Ministro da Secretaria de Governo da presid\u00eancia da Rep\u00fablica, que faz a articula\u00e7\u00e3o pol\u00edtica com o Congresso, sen\u00e3o para \u201cencontrar um novo modo de operar\u201d.<\/p>\n<p>Por mais que tenham tentado transpor a <i>crise de representa\u00e7\u00e3o<\/i> com o sacrif\u00edcio do s\u00f3cio mais recente (o <i>lulopetismo<\/i>) atrav\u00e9s da manipula\u00e7\u00e3o da Lava Jato e da crise econ\u00f4mica numa <a title=\"QUE FAZER?\" href=\"http:\/\/novaes-c-politico.com.br\/?p=1750\">\u201ccrise\u201d<\/a> pol\u00edtica fajuta <a title=\"UM DOMINGO PARA N\u00c3O ESQUECER \u2013 4 DE 6\" href=\"http:\/\/novaes-c-politico.com.br\/?p=2794\">entre<\/a> Legislativo e Executivo, \u201ccrise\u201d esta que se esgotou com o <a title=\"IMPEACHMENT COMO GOLPE \u2014 1 DE 2\" href=\"http:\/\/novaes-c-politico.com.br\/?p=2741\">golpe<\/a> congressual do <i>impeachment<\/i>, os pol\u00edticos profissionais enfrentam a cada dia novas dificuldades para reestabilizar o sistema corrupto em que operam a manuten\u00e7\u00e3o da desigualdade. Ao que parece, a autonomia que os operadores da pol\u00edtica ganharam gra\u00e7as \u00e0 desigualdade, da qual dependem, entrou em desordem porque praticamente todos os agentes pol\u00edticos profissionais, cada vez mais selecionados entre os piores, aderiram ao <i>modus operandi<\/i> pelo qual o \u201c<i>Mercado\u201d<\/i> havia proveitosa e confortavelmente engatado no Estado (o poder) a din\u00e2mica dos seus interesses (o dinheiro). Disfar\u00e7ado de campanha eleitoral, o fluxo de dinheiro para enriquecimento il\u00edcito de empres\u00e1rios e pol\u00edticos sempre foi a base desse engate; entretanto, o \u00eaxito dessa coopta\u00e7\u00e3o remunerada dos pol\u00edticos profissionais e de seus partidos foi de tal ordem que a corrup\u00e7\u00e3o se generalizou e saiu de controle, tornando-se ela pr\u00f3pria a inspira\u00e7\u00e3o e a raz\u00e3o de ser das principais fac\u00e7\u00f5es que se digladiam no ambiente institucional assim deteriorado. Mesmo nos menores munic\u00edpios brasileiros, a luta eleitoral deste ano ser\u00e1 uma luta n\u00e3o pelas prefeituras como inst\u00e2ncias de <i>gest\u00e3o<\/i> p\u00fablica, mas sim pelo controle de unidades de neg\u00f3cios: por exemplo, n\u00e3o h\u00e1 cidade brasileira em que vereadores (Legislativo) n\u00e3o tenham laranjas \u00e0 testa de pequenas empresas operadoras de m\u00e1quinas e equipamentos alugados a pre\u00e7os corruptos pela prefeitura (Executivo) \u2013 os raros prefeitos que resistem aos esquemas enfrentam processos de afastamento do cargo.<\/p>\n<p>Como tudo isso est\u00e1 a acontecer na d\u00e9cima economia do mundo, que possui um mercado de 200 milh\u00f5es de consumidores, longe de mim pretender que a crise seja apenas nossa, brasileira. E n\u00e3o estou a falar de atenuantes para erros internos, estou a dizer que a encrenca pol\u00edtica em que se meteu o sistema mantenedor da desigualdade no Brasil est\u00e1 a indicar uma dificuldade mais geral para manter a desigualdade que, n\u00e3o obstante, n\u00e3o para de se expandir pelo mundo, salvo em pa\u00edses que s\u00e3o exce\u00e7\u00e3o e, como tal, tem tanta serventia nesse debate quanto as exce\u00e7\u00f5es honestas do Congresso brasileiro. De outra perspectiva, nossa desigualdade est\u00e1 para a desigualdade mundial assim como o desmantelamento do <i>lulopetismo<\/i> est\u00e1 para o desmantelamento do sistema pol\u00edtico brasileiro: assim como a nossa <a title=\"REPRESENTA\u00c7\u00c3O E TRANSFORMA\u00c7\u00c3O\" href=\"http:\/\/novaes-c-politico.com.br\/?p=1601\">crise de representa\u00e7\u00e3o<\/a> n\u00e3o ir\u00e1 se resolver pelo sacrif\u00edcio do PT e de Lula no altar das imposturas moralizantes, tamb\u00e9m nossa desigualdade n\u00e3o poder\u00e1 ser enfrentada sem colocar problemas para a manuten\u00e7\u00e3o da desigualdade mundial. Da\u00ed tamb\u00e9m o interesse do mundo pela crise no Brasil e a impertin\u00eancia de algu\u00e9m se declarar envergonhado de ser brasileiro, afinal, onde viver sem sentir vergonha?!<\/p>\n","protected":false},"excerpt":{"rendered":"<p>Carlos Novaes, 05 de junho de 2016 H\u00e1 quase um ano, quando j\u00e1 estava claro que a Lava Jato, se prosseguisse sem freios, reuniria material para \u201cpegar\u201d todo mundo, escrevi aqui: \u201cTal como em programas de audit\u00f3rio, tamb\u00e9m na pol\u00edtica \u00e9 pela baixaria que surge a verdade, como comprovam as declara\u00e7\u00f5es de Geddel que, em [&hellip;]<\/p>\n","protected":false},"author":1338,"featured_media":0,"comment_status":"open","ping_status":"open","sticky":false,"template":"","format":"standard","meta":{"footnotes":""},"categories":[15,4,13],"tags":[],"class_list":["post-2911","post","type-post","status-publish","format-standard","hentry","category-a-crise-e-a-crise","category-eleicoes-de-2014","category-representacao-nao-e-profissao"],"_links":{"self":[{"href":"https:\/\/novaes-c-politico.com.br\/index.php?rest_route=\/wp\/v2\/posts\/2911","targetHints":{"allow":["GET"]}}],"collection":[{"href":"https:\/\/novaes-c-politico.com.br\/index.php?rest_route=\/wp\/v2\/posts"}],"about":[{"href":"https:\/\/novaes-c-politico.com.br\/index.php?rest_route=\/wp\/v2\/types\/post"}],"author":[{"embeddable":true,"href":"https:\/\/novaes-c-politico.com.br\/index.php?rest_route=\/wp\/v2\/users\/1338"}],"replies":[{"embeddable":true,"href":"https:\/\/novaes-c-politico.com.br\/index.php?rest_route=%2Fwp%2Fv2%2Fcomments&post=2911"}],"version-history":[{"count":11,"href":"https:\/\/novaes-c-politico.com.br\/index.php?rest_route=\/wp\/v2\/posts\/2911\/revisions"}],"predecessor-version":[{"id":2914,"href":"https:\/\/novaes-c-politico.com.br\/index.php?rest_route=\/wp\/v2\/posts\/2911\/revisions\/2914"}],"wp:attachment":[{"href":"https:\/\/novaes-c-politico.com.br\/index.php?rest_route=%2Fwp%2Fv2%2Fmedia&parent=2911"}],"wp:term":[{"taxonomy":"category","embeddable":true,"href":"https:\/\/novaes-c-politico.com.br\/index.php?rest_route=%2Fwp%2Fv2%2Fcategories&post=2911"},{"taxonomy":"post_tag","embeddable":true,"href":"https:\/\/novaes-c-politico.com.br\/index.php?rest_route=%2Fwp%2Fv2%2Ftags&post=2911"}],"curies":[{"name":"wp","href":"https:\/\/api.w.org\/{rel}","templated":true}]}}