{"id":2922,"date":"2016-06-07T22:40:32","date_gmt":"2016-06-08T01:40:32","guid":{"rendered":"http:\/\/novaes-c-politico.com.br\/?p=2922"},"modified":"2016-06-13T23:29:23","modified_gmt":"2016-06-14T02:29:23","slug":"crise-custo-brasil-e-transformacao-1-de-2","status":"publish","type":"post","link":"https:\/\/novaes-c-politico.com.br\/?p=2922","title":{"rendered":"CRISE, CUSTO BRASIL E TRANSFORMA\u00c7\u00c3O &#8212; 1 DE 3"},"content":{"rendered":"<p style=\"text-align: center;\" align=\"right\"><strong>ONDE ESTAMOS?<\/strong><\/p>\n<p align=\"right\">Carlos Novaes, 07 de junho de 2016<\/p>\n<p>Uma sociedade est\u00e1 em crise quando vive sua situa\u00e7\u00e3o como <a title=\"QUANDO A MEM\u00d3RIA MAIS ENTRAVA DO QUE INFORMA O FLUXO\" href=\"http:\/\/novaes-c-politico.com.br\/?p=837\"><i>intoler\u00e1vel<\/i><\/a> e n\u00e3o encontra nas institui\u00e7\u00f5es dispon\u00edveis os meios de transpor de modo auspicioso o que lhe parece intoler\u00e1vel. Em uma sociedade em crise, a atividade pol\u00edtica, seja ela profissional ou n\u00e3o, torna-se uma disputa pela narrativa da crise, e isso porque \u201cdefinir\u201d a crise j\u00e1 \u00e9 uma maneira de principiar a escolher uma sa\u00edda dela \u2013 sair de uma crise sempre exige arbitrar perdas, e ningu\u00e9m quer perder. Por isso mesmo, ou seja, como desenhar a crise \u00e9 uma disputa, nem sempre as sociedades alcan\u00e7am os fundamentos da crise em que vivem e, ent\u00e3o, os sofrimentos ganham intensidade e\/ou se prolongam na medida em que aqueles que vinham tirando vantagem do arranjo que desembocou na crise conservam poder para defini-la e dar-lhe &#8220;solu\u00e7\u00e3o&#8221;.<\/p>\n<p>A sociedade brasileira est\u00e1 em crise porque a insist\u00eancia em manter uma desigualdade t\u00e3o extrema &#8212; que premia assim regiamente os brasileiros ricos, enquanto desfavorece os brasileiros remediados e pune os brasileiros pobres &#8212; engendrou uma situa\u00e7\u00e3o social e uma ordem pol\u00edtico-institucional que s\u00e3o vividas como <i>intoler\u00e1veis<\/i> pela maioria da popula\u00e7\u00e3o. <b>A situa\u00e7\u00e3o social<\/b> \u00e9 vivida como intoler\u00e1vel porque j\u00e1 ningu\u00e9m escapa das consequ\u00eancias de suas flagrantes inutilidade, injusti\u00e7a e desperd\u00edcio. Ela \u00e9 flagrantemente <i>in\u00fatil<\/i> porque a expans\u00e3o da riqueza dos ricos em nada aproveita ao desenvolvimento do pa\u00eds; ela \u00e9 flagrantemente <i>injusta<\/i> porque se d\u00e1 numa escala na qual o que se contrap\u00f5e \u00e0 reiterada mis\u00e9ria de muitos e \u00e0 escalonada pen\u00faria de tantos \u00e9 o luxo em expans\u00e3o de muito poucos; e ela \u00e9 um <i>desperd\u00edcio<\/i> porque h\u00e1 um abismo n\u00e3o menos flagrante entre as potencialidades do pa\u00eds e de seu povo e as condi\u00e7\u00f5es de vida a que o modelo vigente condena esse mesmo povo. <b>A ordem pol\u00edtico-institucional \u00e9<\/b>, por sua vez,<b> <\/b>vivida como intoler\u00e1vel porque j\u00e1 somos maioria os que nos vemos maltratados pelo <i>exerc\u00edcio faccioso dos poderes institucionais<\/i>, marcados por viol\u00eancia, arbitrariedade e inefic\u00e1cia. Ela \u00e9 <i>violenta<\/i> na a\u00e7\u00e3o e ina\u00e7\u00e3o seletivas de seus efetivos policiais; ela \u00e9 <i>arbitr\u00e1ria <\/i>nas decis\u00f5es assim\u00e9tricas de suas burocracias interessadas; e ela \u00e9 <i>ineficaz<\/i> tamb\u00e9m porque tem na corrup\u00e7\u00e3o um motivo de planejamento, empregando-a ainda para premiar ades\u00f5es e obter obedi\u00eancia.<\/p>\n<p><i>Conclus\u00e3o 1: o custo Brasil <strong>\u00e9<\/strong> a <\/i>desigualdade<i>, n\u00e3o a legisla\u00e7\u00e3o e os programas que, sem enfrenta-la, mitigam defeituosamente seus efeitos danosos sobre os mais pobres, como o SUS, o Minha Casa Minha Vida, a Escola P\u00fablica e Universal, o Bolsa Fam\u00edlia e a Previd\u00eancia Social. Institui\u00e7\u00f5es assim abrigam distor\u00e7\u00f5es precisamente porque vivemos sob um <\/i><a title=\"UM DOMINGO PARA N\u00c3O ESQUECER \u2013 1 DE 6\" href=\"http:\/\/novaes-c-politico.com.br\/?p=2761\">Estado de Direito Autorit\u00e1rio<\/a><i>, que combina democracia eleitoral e exerc\u00edcio faccioso dos poderes institucionais: fac\u00e7\u00f5es lutam pelo manejo (fechado) do or\u00e7amento e pela chancela eleitoral (aberta) dessas institui\u00e7\u00f5es, o que faz delas ambiente para a combina\u00e7\u00e3o de corrup\u00e7\u00e3o com encena\u00e7\u00e3o populista, o que s\u00f3 pode gerar inefic\u00e1cia, que \u00e9 a m\u00e3e do desperd\u00edcio.<\/i><\/p>\n<p>N\u00e3o obstante, desde que a crise eclodiu, a minoria numerosa e poderosa que tem ganho com esse arranjo condenado, e controla institui\u00e7\u00f5es e meios de comunica\u00e7\u00e3o de prest\u00edgio, vem conseguindo tanger a opini\u00e3o p\u00fablica, fazendo-a acreditar nas tr\u00eas seguintes fantasias: primeiro, que h\u00e1 (ou havia) uma crise pol\u00edtica entre Executivo e Legislativo; <b>como se<\/b> a <i>crise de representa\u00e7\u00e3o<\/i> <a title=\"CRISE EM PONTO MORTO, MAS VAI REENGATAR\" href=\"http:\/\/novaes-c-politico.com.br\/?p=2911\">decorrente da autonomia<\/a> que a desigualdade extrema proporcionou aos pol\u00edticos profissionais n\u00e3o engolfasse todo o sistema pol\u00edtico e pudesse ser resolvida com essa encena\u00e7\u00e3o que <a title=\"UM DOMINGO PARA N\u00c3O ESQUECER \u2013 4 DE 6\" href=\"http:\/\/novaes-c-politico.com.br\/?p=2794\">sazonalmente contrap\u00f5e<\/a> o Congresso \u00e0 presid\u00eancia da Rep\u00fablica &#8212; <b>resultado:<\/b> as ruas se dividiram improdutivamente em torno do <i>impeachment<\/i> de Dilma, quando o problema \u00e9 o sistema pol\u00edtico enquanto tal.<\/p>\n<p>Segundo, a fantasia de que vivemos uma crise econ\u00f4mica decorrente principalmente da m\u00e1 gest\u00e3o da presidente afastada no curso da encena\u00e7\u00e3o anterior; <b>como se<\/b> o malabarismo necess\u00e1rio \u00e0 manuten\u00e7\u00e3o da desigualdade extrema n\u00e3o nos condenasse a crises econ\u00f4micas uma atr\u00e1s da outra, mesmo que por vezes o malabarismo se mostre engenhoso, d\u00ea certo e adie problemas, como o foi no caso do Real ou, em grau menor, no caso das receitas do Lula contra a &#8220;marolinha&#8221; &#8212; <b>resultado:<\/b> <a title=\"O FIM DA MENTIRA MAIS RECENTE COMO ESTERCO PARA A MENTIRA MAIS VELHA\" href=\"http:\/\/novaes-c-politico.com.br\/?p=2386\">as ruas se dividiram<\/a> improdutivamente entre os defensores da via tucana e os defensores da via lulopetista, quando nenhuma dessas duas vias leva ao enfrentamento da desigualdade precisamente porque se deixaram fazer instrumento da sua conserva\u00e7\u00e3o.<\/p>\n<p>Terceiro, a fantasia de que vivemos uma <a title=\"DIAGN\u00d3STICO RUIM LEVA A SOLU\u00c7\u00d5ES ENGANOSAS \u2014 1 DE 2\" href=\"http:\/\/novaes-c-politico.com.br\/?p=2890\"><i>crise moral<\/i><\/a>; <b>como se<\/b> a corrup\u00e7\u00e3o generalizada fosse um mero desvio de conduta e n\u00e3o o pr\u00f3prio modo de operar de todo o sistema institucional voltado a manter a desigualdade extrema atrav\u00e9s do <i>exerc\u00edcio faccioso dos poderes institucionais<\/i> &#8212; <b>resultado:<\/b> as ruas se dividiram hipocrita e improdutivamente em grupos que se acusam uns aos outros de &#8220;desvio&#8221;, cada um fingindo n\u00e3o ver seus pr\u00f3prios corruptos e todos contribuindo para o disparate de que a corrup\u00e7\u00e3o generalizada no sistema pol\u00edtico <a title=\"UM DOMINGO PARA N\u00c3O ESQUECER \u2013 6 DE 6\" href=\"http:\/\/novaes-c-politico.com.br\/?p=2822\">&#8220;representaria&#8221;<\/a> uma suposta <i>cultura<\/i> brasileira de corrup\u00e7\u00e3o, como se a corrup\u00e7\u00e3o n\u00e3o fosse exatamente o dispositivo que, aliado \u00e0 reelei\u00e7\u00e3o legislativa, permitiu que nossos &#8220;representantes&#8221; nos dessem as costas, ganhando a autonomia que lhes permite fazerem-se ferramentas de quem lhes paga para representarem interesses contr\u00e1rios aos nossos.<\/p>\n<p><i>Conclus\u00e3o 2: embora com <a title=\"LUTA DE FAC\u00c7\u00d5ES, FIC\u00c7\u00c3O CONSTITUCIONAL E SOCIEDADE INCONSEQUENTE\" href=\"http:\/\/novaes-c-politico.com.br\/?p=2867\">dificuldades crescentes<\/a> para legitimar o <\/i><a title=\"UM DOMINGO PARA N\u00c3O ESQUECER \u2013 2 DE 6\" href=\"http:\/\/novaes-c-politico.com.br\/?p=2764\">Estado de Direito Autorit\u00e1rio<\/a><i> que os beneficia, os titulares do exerc\u00edcio faccioso dos poderes institucionais lograram, at\u00e9 aqui, esconder a extens\u00e3o e a profundidade da crise, e a luta social mais estridente tornou-se uma caricatura das disputas entre eles: os grupos que v\u00e3o \u00e0 rua comportam-se como fac\u00e7\u00f5es que anulam uma \u00e0 outra e, assim, o \u00e2nimo democr\u00e1tico da sociedade n\u00e3o converge para um projeto de transforma\u00e7\u00e3o e a energia social voltada \u00e0 mudan\u00e7a \u00e9 dissipada em hostilidades vis.<\/i><\/p>\n","protected":false},"excerpt":{"rendered":"<p>ONDE ESTAMOS? Carlos Novaes, 07 de junho de 2016 Uma sociedade est\u00e1 em crise quando vive sua situa\u00e7\u00e3o como intoler\u00e1vel e n\u00e3o encontra nas institui\u00e7\u00f5es dispon\u00edveis os meios de transpor de modo auspicioso o que lhe parece intoler\u00e1vel. Em uma sociedade em crise, a atividade pol\u00edtica, seja ela profissional ou n\u00e3o, torna-se uma disputa pela [&hellip;]<\/p>\n","protected":false},"author":1338,"featured_media":0,"comment_status":"open","ping_status":"open","sticky":false,"template":"","format":"standard","meta":{"footnotes":""},"categories":[15,14,13],"tags":[],"class_list":["post-2922","post","type-post","status-publish","format-standard","hentry","category-a-crise-e-a-crise","category-pt-e-psdb-sao-a-mesma-coisa","category-representacao-nao-e-profissao"],"_links":{"self":[{"href":"https:\/\/novaes-c-politico.com.br\/index.php?rest_route=\/wp\/v2\/posts\/2922","targetHints":{"allow":["GET"]}}],"collection":[{"href":"https:\/\/novaes-c-politico.com.br\/index.php?rest_route=\/wp\/v2\/posts"}],"about":[{"href":"https:\/\/novaes-c-politico.com.br\/index.php?rest_route=\/wp\/v2\/types\/post"}],"author":[{"embeddable":true,"href":"https:\/\/novaes-c-politico.com.br\/index.php?rest_route=\/wp\/v2\/users\/1338"}],"replies":[{"embeddable":true,"href":"https:\/\/novaes-c-politico.com.br\/index.php?rest_route=%2Fwp%2Fv2%2Fcomments&post=2922"}],"version-history":[{"count":17,"href":"https:\/\/novaes-c-politico.com.br\/index.php?rest_route=\/wp\/v2\/posts\/2922\/revisions"}],"predecessor-version":[{"id":2928,"href":"https:\/\/novaes-c-politico.com.br\/index.php?rest_route=\/wp\/v2\/posts\/2922\/revisions\/2928"}],"wp:attachment":[{"href":"https:\/\/novaes-c-politico.com.br\/index.php?rest_route=%2Fwp%2Fv2%2Fmedia&parent=2922"}],"wp:term":[{"taxonomy":"category","embeddable":true,"href":"https:\/\/novaes-c-politico.com.br\/index.php?rest_route=%2Fwp%2Fv2%2Fcategories&post=2922"},{"taxonomy":"post_tag","embeddable":true,"href":"https:\/\/novaes-c-politico.com.br\/index.php?rest_route=%2Fwp%2Fv2%2Ftags&post=2922"}],"curies":[{"name":"wp","href":"https:\/\/api.w.org\/{rel}","templated":true}]}}