{"id":2995,"date":"2016-07-17T14:14:08","date_gmt":"2016-07-17T17:14:08","guid":{"rendered":"http:\/\/novaes-c-politico.com.br\/?p=2995"},"modified":"2016-07-18T12:16:59","modified_gmt":"2016-07-18T15:16:59","slug":"vitoria-de-maia-fecha-a-janela-a-transformacao-aberta-pela-lava-jato","status":"publish","type":"post","link":"https:\/\/novaes-c-politico.com.br\/?p=2995","title":{"rendered":"VIT\u00d3RIA DE MAIA FECHA A JANELA \u00c0 TRANSFORMA\u00c7\u00c3O ABERTA PELA LAVA JATO"},"content":{"rendered":"<p style=\"text-align: right;\" align=\"center\"><span style=\"line-height: 1.71429; font-size: 1rem;\">Carlos Novaes, 17 de julho de 2016<\/span><\/p>\n<p>Quem j\u00e1 leu outros <i>posts<\/i> deste blog, como os da s\u00e9rie iniciada <a title=\"UM DOMINGO PARA N\u00c3O ESQUECER \u2013 1 DE 6\" href=\"http:\/\/novaes-c-politico.com.br\/?p=2761\">aqui<\/a>, sabe que h\u00e1 anos venho explorando as conex\u00f5es entre nossa desigualdade e nossa crise de representa\u00e7\u00e3o pol\u00edtica, problemas que, a meu ver, est\u00e3o na base de nossas crises econ\u00f4micas e pol\u00edticas. A pol\u00edtica brasileira \u00e9 v\u00edtima de um longo cativeiro, sequestrada que foi pelas rotinas impostas por aqueles que fizeram da representa\u00e7\u00e3o uma ferramenta para alcan\u00e7ar seus pr\u00f3prios interesses, que alimentam a manuten\u00e7\u00e3o da desigualdade e se op\u00f5em aos interesses da maioria da popula\u00e7\u00e3o, que sofre as consequ\u00eancias dela. Para sair disso precisamos de uma <i>outra<\/i> representa\u00e7\u00e3o pol\u00edtica, pois s\u00f3 ela nos permitiria adotar procedimentos de combate eficaz \u00e0 desigualdade, o que destravaria o desenvolvimento pleno do pa\u00eds \u2013 o problema principal, portanto, <a title=\"DESIGUALDADE, MUDANCISMO E VOTO \u2014 4 de 4\" href=\"http:\/\/novaes-c-politico.com.br\/?p=1472\">\u00e9 a pol\u00edtica<\/a>, e qualquer mudan\u00e7a real s\u00f3 ocorrer\u00e1 <a title=\"CRISE, CUSTO BRASIL E TRANSFORMA\u00c7\u00c3O \u2014 3 DE 3\" href=\"http:\/\/novaes-c-politico.com.br\/?p=2954\">contra a pol\u00edtica profissional<\/a>, cujas mazelas centrais a Lava Jato e seus desdobramentos puseram a nu nesses quase vinte meses de <a title=\"QUE FAZER?\" href=\"http:\/\/novaes-c-politico.com.br\/?p=1750\">crise e \u201ccrise\u201d<\/a>, per\u00edodo no qual a sociedade brasileira teve oportunidade de iniciar um processo de transforma\u00e7\u00e3o.<\/p>\n<p>Infelizmente, por\u00e9m, <a title=\"A LAVA JATO E A \u201cGOVERNABILIDADE\u201d \u2014 2 DE 2\" href=\"http:\/\/novaes-c-politico.com.br\/?p=2984\">deu-se o mais prov\u00e1vel<\/a>, e a elei\u00e7\u00e3o de Rodrigo Maia (DEM, ex-PFL, sa\u00eddo da ARENA) para a presid\u00eancia da C\u00e2mara dos Deputados indica que os pol\u00edticos profissionais se reorganizaram em campo e, assim, fechou-se a janela de oportunidades \u00e0 transforma\u00e7\u00e3o pol\u00edtica que havia sido aberta pela Lava Jato, cujo <a title=\"A LAVA JATO E A \u201cGOVERNABILIDADE\u201d \u2014 1 DE 2\" href=\"http:\/\/novaes-c-politico.com.br\/?p=2976\">bra\u00e7o republicano<\/a> ainda ir\u00e1 espernear por algum tempo, mas sem provocar qualquer novo estrago significativo no bloco de poder que se <i>refundiu<\/i>. Em outras palavras, a maioria facciosa que elegeu Maia, hegemonizada pelas fac\u00e7\u00f5es que tem <i>projeto de poder<\/i> (para fazer dinheiro), derrotou o ajuntamento n\u00e3o menos faccioso de pequenos partidos que tem apenas <i>projeto eleitoral<\/i> (para fazer dinheiro), que se havia fortalecido de maneira extravagante no curso da desorienta\u00e7\u00e3o provocada pela Lava Jato. Acompanhando o curso da lideran\u00e7a funesta de Eduardo Cunha, o chamado Centr\u00e3o viveu a ascens\u00e3o e a queda de sua agenda de miudezas, que foi devolvida aos bastidores da din\u00e2mica parlamentar t\u00e3o logo se completou o rearranjo no bloco de poder, que dentro em breve deter\u00e1 coordena\u00e7\u00e3o suficiente para &#8212; apoiado nesse \u201cparlamentarismo de ocasi\u00e3o\u201d do \u201c\u00e9 dando que se recebe&#8221; &#8212; voltar a distribuir vantagens que contentar\u00e3o esses agrupamentos minorit\u00e1rios momentaneamente rebelados e permitir\u00e3o alcan\u00e7ar a <a title=\"A LAVA JATO E A \u201cGOVERNABILIDADE\u201d \u2014 2 DE 2\" href=\"http:\/\/novaes-c-politico.com.br\/?p=2984\">governabilidade<\/a> <strong>deles<\/strong>.<\/p>\n<p>Essa refundi\u00e7\u00e3o do bloco de poder foi poss\u00edvel porque ao impedirem que Lula assumisse a Casa Civil sob Dilma seus advers\u00e1rios eleitorais mantiveram o prop\u00f3sito de remover a ele e seu PT do protagonismo, mas sem perder de vista que n\u00e3o podiam abrir m\u00e3o de seus pr\u00e9stimos para a reconstru\u00e7\u00e3o, em outros termos, e sob novo protagonismo, do que a Lava Jato havia destru\u00eddo da ordem pol\u00edtica que beneficia a eles todos. O curso das negocia\u00e7\u00f5es pol\u00edticas que se deram no <a title=\"A LAVA JATO E A \u201cGOVERNABILIDADE\u201d \u2014 1 DE 2\" href=\"http:\/\/novaes-c-politico.com.br\/?p=2976\">teatro de opera\u00e7\u00f5es da Lava Jato<\/a> levou Lula e seu PT a acabarem por aceitar o impeachment de Dilma e, assim, puderam voltar por inteiro \u00e0 condi\u00e7\u00e3o de for\u00e7a subalterna, vale dizer, de oposi\u00e7\u00e3o, no bloco de poder em que desde a elei\u00e7\u00e3o de 2002 figuravam como protagonistas. Dessa perspectiva, o apoio de Lula \u00e0 candidatura de Maia, que foi decisivo para a vit\u00f3ria contra Cunha, n\u00e3o foi nem um erro de c\u00e1lculo da \u201cesquerda\u201d, nem mais um epis\u00f3dio na derrocada do ex-presidente. N\u00e3o foi um erro de c\u00e1lculo porque Lula e os seus compreenderam que o que estava em quest\u00e3o j\u00e1 n\u00e3o era o ex-mandato de Dilma, mas a reconfigura\u00e7\u00e3o do bloco de poder que permite a todos que o jogo da pol\u00edtica profissional seja jogado. N\u00e3o foi mais um epis\u00f3dio da derrocada de Lula porque essa vit\u00f3ria <em>conjunta<\/em> demarca o in\u00edcio da sua recupera\u00e7\u00e3o, pelo menos no \u00e2mbito das rela\u00e7\u00f5es internas do bloco de poder dominante desafiado pela Lava Jato a se reinventar.<\/p>\n<p>Depois da investidura de Temer, a elei\u00e7\u00e3o de Maia \u00e9 mais um passo no refreamento da Lava Jato, processo que se concluir\u00e1 em breve com a cassa\u00e7\u00e3o do mandato de Eduardo Cunha, pois a morte pol\u00edtica do ogre do Rio (cuja obstina\u00e7\u00e3o obtusa acabou por se revelar conveniente) dar\u00e1 pegada \u00e0 narrativa de que o jogo se concluiu com \u00eaxito, o que por certo contentar\u00e1 a grande maioria da nossa <a title=\"LUTA DE FAC\u00c7\u00d5ES, FIC\u00c7\u00c3O CONSTITUCIONAL E SOCIEDADE INCONSEQUENTE\" href=\"http:\/\/novaes-c-politico.com.br\/?p=2867\">sociedade inconsequente<\/a>, que n\u00e3o vai realizar tudo isso como <a title=\"UM DOMINGO PARA N\u00c3O ESQUECER \u2013 2 DE 6\" href=\"http:\/\/novaes-c-politico.com.br\/?p=2764\">mais uma derrota sua<\/a>. Em outras palavras, a investidura de Temer foi uma derrota de Lula, pois o afastou do protagonismo nessa fase do jogo, mas os passos seguintes seguem a mesma l\u00f3gica pol\u00edtica que Lula teria dado ao sistema se tivesse chegado a assumir a Casa Civil \u2013 como apontei <a title=\"LULA, O PRIMEIRO-MINISTRO SONHADO PELOS TUCANOS\" href=\"http:\/\/novaes-c-politico.com.br\/?p=2403\">aqui<\/a>, a diferen\u00e7a est\u00e1 em que na variante conclu\u00edda prevaleceu o c\u00e1lculo dos que jogaram para unilateralizar a Lava Jato contra o lulopetismo e em favor de seu pr\u00f3prio projeto de poder (p-MDB, PSDB e sat\u00e9lites).<\/p>\n<p>Finalmente, corresponde a uma l\u00f3gica profunda, nada tendo de casual, que a neutraliza\u00e7\u00e3o do potencial emancipat\u00f3rio da Lava Jato seja sacramentada atrav\u00e9s da elei\u00e7\u00e3o de um novo presidente para a C\u00e2mara dos Deputados, e que este presidente seja do antigo PFL. Afinal, se o presidente deposto da C\u00e2mara foi justamente aquele que buscou tirar da balb\u00fardia instalada pela Lava Jato todo o seu potencial desestabilizador contra o mandato de Dilma, que era hostil aos seus interesses mi\u00fados; ao novo presidente dela cabe precisamente o contr\u00e1rio, dar estabilidade parlamentar ao arranjo pol\u00edtico alcan\u00e7ado com a entroniza\u00e7\u00e3o <a title=\"IMPEACHMENT COMO GOLPE \u2013 2 de 2\" href=\"http:\/\/novaes-c-politico.com.br\/?p=2754\">golpista <\/a>de Temer na presid\u00eancia, um aliado seu. Que Rodrigo Maia seja do antigo PFL n\u00e3o \u00e9 casual porque estamos em plena onda de interinidades pela fal\u00eancia dos dois protagonistas do pacto do Real, o PT e o PSDB, circunst\u00e2ncia que traz para o prosc\u00eanio justamente as for\u00e7as auxiliares da ditadura (p-MDB e PFL) que ambos mantiveram vivas para poderem se engalfinhar improdutivamente um contra o outro, engalfinhamento que os levou \u00e0 condi\u00e7\u00e3o perif\u00e9rica em que est\u00e3o, e condenou o pa\u00eds ao malogro das <a title=\"UM DOMINGO PARA N\u00c3O ESQUECER \u2013 4 DE 6\" href=\"http:\/\/novaes-c-politico.com.br\/?p=2794\">esperan\u00e7as falsas<\/a> que eles haviam suscitado na consolida\u00e7\u00e3o da democracia num Estado de Direito Democr\u00e1tico. A sociedade brasileira est\u00e1 de volta \u00e0 situa\u00e7\u00e3o pol\u00edtica de luta contra a desigualdade do final da ditadura paisano-militar, tendo que se contentar com essa nova parti\u00e7\u00e3o de poder entre <a title=\"DESIGUALDADE, MUDANCISMO E VOTO \u2014 1 de 4\" href=\"http:\/\/novaes-c-politico.com.br\/?p=1260\">p-MDB<\/a> e ARENA, s\u00f3 que agora sem contar com uma for\u00e7a emancipat\u00f3ria como a que o PT significou naquela altura. O pa\u00eds regrediu e a luta ser\u00e1 dur\u00edssima para quem <a title=\"CRISE, CUSTO BRASIL E TRANSFORMA\u00c7\u00c3O \u2014 3 DE 3\" href=\"http:\/\/novaes-c-politico.com.br\/?p=2954\">perseverar<\/a> em combate contra a desigualdade.<\/p>\n","protected":false},"excerpt":{"rendered":"<p>Carlos Novaes, 17 de julho de 2016 Quem j\u00e1 leu outros posts deste blog, como os da s\u00e9rie iniciada aqui, sabe que h\u00e1 anos venho explorando as conex\u00f5es entre nossa desigualdade e nossa crise de representa\u00e7\u00e3o pol\u00edtica, problemas que, a meu ver, est\u00e3o na base de nossas crises econ\u00f4micas e pol\u00edticas. A pol\u00edtica brasileira \u00e9 [&hellip;]<\/p>\n","protected":false},"author":1338,"featured_media":0,"comment_status":"open","ping_status":"open","sticky":false,"template":"","format":"standard","meta":{"footnotes":""},"categories":[15,4,13],"tags":[],"class_list":["post-2995","post","type-post","status-publish","format-standard","hentry","category-a-crise-e-a-crise","category-eleicoes-de-2014","category-representacao-nao-e-profissao"],"_links":{"self":[{"href":"https:\/\/novaes-c-politico.com.br\/index.php?rest_route=\/wp\/v2\/posts\/2995","targetHints":{"allow":["GET"]}}],"collection":[{"href":"https:\/\/novaes-c-politico.com.br\/index.php?rest_route=\/wp\/v2\/posts"}],"about":[{"href":"https:\/\/novaes-c-politico.com.br\/index.php?rest_route=\/wp\/v2\/types\/post"}],"author":[{"embeddable":true,"href":"https:\/\/novaes-c-politico.com.br\/index.php?rest_route=\/wp\/v2\/users\/1338"}],"replies":[{"embeddable":true,"href":"https:\/\/novaes-c-politico.com.br\/index.php?rest_route=%2Fwp%2Fv2%2Fcomments&post=2995"}],"version-history":[{"count":16,"href":"https:\/\/novaes-c-politico.com.br\/index.php?rest_route=\/wp\/v2\/posts\/2995\/revisions"}],"predecessor-version":[{"id":3001,"href":"https:\/\/novaes-c-politico.com.br\/index.php?rest_route=\/wp\/v2\/posts\/2995\/revisions\/3001"}],"wp:attachment":[{"href":"https:\/\/novaes-c-politico.com.br\/index.php?rest_route=%2Fwp%2Fv2%2Fmedia&parent=2995"}],"wp:term":[{"taxonomy":"category","embeddable":true,"href":"https:\/\/novaes-c-politico.com.br\/index.php?rest_route=%2Fwp%2Fv2%2Fcategories&post=2995"},{"taxonomy":"post_tag","embeddable":true,"href":"https:\/\/novaes-c-politico.com.br\/index.php?rest_route=%2Fwp%2Fv2%2Ftags&post=2995"}],"curies":[{"name":"wp","href":"https:\/\/api.w.org\/{rel}","templated":true}]}}