{"id":306,"date":"2013-11-22T20:14:25","date_gmt":"2013-11-22T20:14:25","guid":{"rendered":"http:\/\/novaes-c-politico.com.br\/?p=306"},"modified":"2013-11-22T20:14:25","modified_gmt":"2013-11-22T20:14:25","slug":"falhas-nao-crimes","status":"publish","type":"post","link":"https:\/\/novaes-c-politico.com.br\/?p=306","title":{"rendered":"FALHAS, N\u00c3O &#8211; CRIMES"},"content":{"rendered":"<p align=\"right\"><span style=\"line-height: 1.714285714; font-size: 1rem;\">Carlos Novaes, novembro de 2013<\/span><\/p>\n<p>\u00a0A nota que acaba de ser publicada pelo comandante da Policia Militar de S\u00e3o Paulo \u00e9 mais uma evid\u00eancia do absoluto div\u00f3rcio existente entre, de um lado, as institui\u00e7\u00f5es de poder e, de outro, a sociedade.<\/p>\n<p>N\u00e3o \u00e9 de hoje que \u00e9 voz corrente em S\u00e3o Paulo a express\u00e3o &#8220;coxinha&#8221; para designar pejorativamente policiais militares. A origem da express\u00e3o nasceu do reconhecido h\u00e1bito de policiais comerem, sem pagar, em padarias de S\u00e3o Paulo, a famosa &#8220;coxinha&#8221;, uma massa frita \u00e0 base de carne de frango. Embora hoje essa suposta iguaria seja relativamente barata, d\u00e9cadas atr\u00e1s, no per\u00edodo da hiperinfla\u00e7\u00e3o, quando o poder aquisitivo da massa popular (inclusive dos policiais) era bem menor, comer o salgado era para poucos, circunst\u00e2ncia que deu sabor especial \u00e0 precis\u00e3o do apelido: de uma \u00fanica la\u00e7ada, &#8220;coxinha&#8221; denunciava que policiais extorquiriam para si, de gra\u00e7a, o que n\u00e3o poderiam pagar, obliterando, atrav\u00e9s de um crime, sua pr\u00f3pria condi\u00e7\u00e3o de pobres (aliena\u00e7\u00e3o); apontava o consumo b\u00e1sico de que os pobres honestos estavam impossibilitados (desigualdade) e fazia deboche do que o povo v\u00ea de seletivo na trucul\u00eancia da PM, t\u00e3o conhecida sua em facetas bem mais cruas do que a que v\u00ea exercida contra os padeiros (autoritarismo militar) &#8211; em suma, uma vers\u00e3o t\u00e3o concisa quanto inteligente do ressentimento popular que se faz cr\u00edtica social do poder.<\/p>\n<p>Diante de quadro t\u00e3o antigo e sedimentado, \u00e9 quase incr\u00edvel que o comandante da PM venha a p\u00fablico n\u00e3o s\u00f3 se mostrando ofendido e a reagir com amea\u00e7as de retalia\u00e7\u00e3o \u00e0 men\u00e7\u00e3o de jornalistas ao &#8220;p\u00e3o com manteiga&#8221;, vers\u00e3o televisiva <i>soft<\/i> da consagrada picardia popular, como pretender, a essa altura, que se receba como demonstra\u00e7\u00e3o de capacidade autocr\u00edtica ele reconhecer que a institui\u00e7\u00e3o que comanda tem &#8220;falhas&#8221;, quando at\u00e9 as pedras sabem da conduta frequentemente <i>cri-mi-no-sa<\/i> de policiais militares, s\u00f3 investigadas em um ou outro inqu\u00e9rito depois de muita press\u00e3o da sociedade.<\/p>\n<p>Tomada em seu conjunto, a bizarrice da situa\u00e7\u00e3o est\u00e1 a indicar que o comando da policia militar resolveu reagir de maneira errada \u00e0 crescente for\u00e7a da tese de <a title=\"PODER MILITAR, PODER DE POL\u00cdCIA E LEGITIMIDADE PARA O USO DA FOR\u00c7A\" href=\"http:\/\/novaes-c-politico.com.br\/?p=70\">extin\u00e7\u00e3o da PM<\/a> na opini\u00e3o p\u00fablica &#8211; como n\u00e3o poderia deixar de ser.<\/p>\n","protected":false},"excerpt":{"rendered":"<p>Carlos Novaes, novembro de 2013 \u00a0A nota que acaba de ser publicada pelo comandante da Policia Militar de S\u00e3o Paulo \u00e9 mais uma evid\u00eancia do absoluto div\u00f3rcio existente entre, de um lado, as institui\u00e7\u00f5es de poder e, de outro, a sociedade. N\u00e3o \u00e9 de hoje que \u00e9 voz corrente em S\u00e3o Paulo a express\u00e3o &#8220;coxinha&#8221; [&hellip;]<\/p>\n","protected":false},"author":1338,"featured_media":0,"comment_status":"open","ping_status":"open","sticky":false,"template":"","format":"standard","meta":{"footnotes":""},"categories":[7,2],"tags":[],"class_list":["post-306","post","type-post","status-publish","format-standard","hentry","category-policia-militar-seguranca-violencia","category-textos-mais-antigos"],"_links":{"self":[{"href":"https:\/\/novaes-c-politico.com.br\/index.php?rest_route=\/wp\/v2\/posts\/306","targetHints":{"allow":["GET"]}}],"collection":[{"href":"https:\/\/novaes-c-politico.com.br\/index.php?rest_route=\/wp\/v2\/posts"}],"about":[{"href":"https:\/\/novaes-c-politico.com.br\/index.php?rest_route=\/wp\/v2\/types\/post"}],"author":[{"embeddable":true,"href":"https:\/\/novaes-c-politico.com.br\/index.php?rest_route=\/wp\/v2\/users\/1338"}],"replies":[{"embeddable":true,"href":"https:\/\/novaes-c-politico.com.br\/index.php?rest_route=%2Fwp%2Fv2%2Fcomments&post=306"}],"version-history":[{"count":6,"href":"https:\/\/novaes-c-politico.com.br\/index.php?rest_route=\/wp\/v2\/posts\/306\/revisions"}],"predecessor-version":[{"id":312,"href":"https:\/\/novaes-c-politico.com.br\/index.php?rest_route=\/wp\/v2\/posts\/306\/revisions\/312"}],"wp:attachment":[{"href":"https:\/\/novaes-c-politico.com.br\/index.php?rest_route=%2Fwp%2Fv2%2Fmedia&parent=306"}],"wp:term":[{"taxonomy":"category","embeddable":true,"href":"https:\/\/novaes-c-politico.com.br\/index.php?rest_route=%2Fwp%2Fv2%2Fcategories&post=306"},{"taxonomy":"post_tag","embeddable":true,"href":"https:\/\/novaes-c-politico.com.br\/index.php?rest_route=%2Fwp%2Fv2%2Ftags&post=306"}],"curies":[{"name":"wp","href":"https:\/\/api.w.org\/{rel}","templated":true}]}}