{"id":314,"date":"2013-11-30T19:31:25","date_gmt":"2013-11-30T19:31:25","guid":{"rendered":"http:\/\/novaes-c-politico.com.br\/?p=314"},"modified":"2013-11-30T19:38:41","modified_gmt":"2013-11-30T19:38:41","slug":"a-travessia-de-genoino","status":"publish","type":"post","link":"https:\/\/novaes-c-politico.com.br\/?p=314","title":{"rendered":"A TRAVESSIA DE GENOINO"},"content":{"rendered":"<p><!--[if gte mso 9]><xml>\n<w:WordDocument>\n<w:View>Normal<\/w:View>\n<w:Zoom>0<\/w:Zoom>\n<w:HyphenationZone>21<\/w:HyphenationZone>\n<w:PunctuationKerning\/>\n<w:ValidateAgainstSchemas\/>\n<w:SaveIfXMLInvalid>false<\/w:SaveIfXMLInvalid>\n<w:IgnoreMixedContent>false<\/w:IgnoreMixedContent>\n<w:AlwaysShowPlaceholderText>false<\/w:AlwaysShowPlaceholderText>\n<w:Compatibility>\n<w:BreakWrappedTables\/>\n<w:SnapToGridInCell\/>\n<w:WrapTextWithPunct\/>\n<w:UseAsianBreakRules\/>\n<w:DontGrowAutofit\/>\n<\/w:Compatibility>\n<w:BrowserLevel>MicrosoftInternetExplorer4<\/w:BrowserLevel>\n<\/w:WordDocument>\n<\/xml><![endif]--><\/p>\n<p><!--[if gte mso 9]><xml>\n<w:LatentStyles DefLockedState=\"false\" LatentStyleCount=\"156\">\n<\/w:LatentStyles>\n<\/xml><![endif]--><!--[if gte mso 10]>\n\n\n\n<style>\n \/* Style Definitions *\/\n table.MsoNormalTable\n\t{mso-style-name:\"Tabela normal\";\n\tmso-tstyle-rowband-size:0;\n\tmso-tstyle-colband-size:0;\n\tmso-style-noshow:yes;\n\tmso-style-parent:\"\";\n\tmso-padding-alt:0cm 5.4pt 0cm 5.4pt;\n\tmso-para-margin:0cm;\n\tmso-para-margin-bottom:.0001pt;\n\tmso-pagination:widow-orphan;\n\tfont-size:10.0pt;\n\tfont-family:\"Times New Roman\";\n\tmso-ansi-language:#0400;\n\tmso-fareast-language:#0400;\n\tmso-bidi-language:#0400;}\n<\/style>\n\n<![endif]--><\/p>\n<p class=\"MsoNormal\" style=\"text-align: right;\" align=\"right\"><span style=\"font-family: Calibri;\">Carlos Novaes, novembro de 2013<\/span><\/p>\n<p class=\"MsoNormal\" style=\"text-align: justify;\"><span style=\"font-family: Calibri;\">Duas das muitas contribui\u00e7\u00f5es dessa segunda metade do julgamento do mensal\u00e3o (falta a primeira, a do PSDB) foram chamar a aten\u00e7\u00e3o para a desumanidade de nossas cadeias e enterrar a bobagem de que decis\u00e3o judicial se cumpre e n\u00e3o se discute. A tudo se discute e, acima de todos, um dos casos. Genoino mobiliza. Nenhum outro dos condenados no processo suscitou ou motiva discuss\u00e3o sobre a justi\u00e7a da sua respectiva condena\u00e7\u00e3o, mas o caso Genoino nos interroga, nos provoca, requer que falemos. L\u00ea-se nas variadas plataformas de m\u00eddia toda sorte de opini\u00e3o acerca dessa queda \u2013 h\u00e1 abordagens sociol\u00f3gicas, pol\u00edticas, jur\u00eddicas, filos\u00f3ficas e, at\u00e9, psicol\u00f3gicas. H\u00e1 an\u00e1lise, h\u00e1 ultraje e h\u00e1 ressentimento &#8211; sobretudo ressentimento. Fala-se com azedume de suas caras: haveria n\u00e3o um, mas dois e, mesmo,<span style=\"mso-spacerun: yes;\">\u00a0 <\/span>tr\u00eas ou quatro Genoinos. Fiquemos atentos, porque estamos nos reconhecendo.<\/span><\/p>\n<p class=\"MsoNormal\" style=\"text-align: justify;\"><span style=\"font-family: Calibri;\">Muitos s\u00e3o os apelos do mundo e, ao contr\u00e1rio de homens como Dirceu e Del\u00fabio, que n\u00e3o se dispersam em d\u00favidas hamletianas, a maioria de n\u00f3s, homens comuns, traz dentro do peito n\u00e3o um, mas muitos eus. Decidir qual dos chamados seguir \u00e9 quase sempre uma luta. Estamos revirando Genoino porque o sabemos um de n\u00f3s \u2013 estamos \u00e9 nos explicando, falando sobretudo de n\u00f3s mesmos, de nossa dificuldade para por em ordem id\u00e9ias, emo\u00e7\u00f5es e sentimento de justi\u00e7a diante de situa\u00e7\u00e3o t\u00e3o perturbadoramente familiar \u2013 n\u00e3o falo das escolhas de Genoino, falo do que vemos de atormentador nessas escolhas.<\/span><span style=\"font-family: Calibri;\">\u00a0<\/span><\/p>\n<p class=\"MsoNormal\" style=\"text-align: justify;\"><span style=\"font-family: Calibri;\">Afinal, por mais de 30 anos (30 anos!), essa figura incomum marcou com sua pr\u00e1tica pol\u00edtica at\u00e9 advers\u00e1rios, at\u00e9 aqueles de n\u00f3s avessos ao seu partido. Arriscou a vida contra a ditadura <a title=\"Ditadura e Policia Militar\" href=\"http:\/\/novaes-c-politico.com.br\/?p=70\">paisano-militar<\/a>, foi emparedado e torturado por ela e, uma vez liberto, lutou pela democracia &#8211; sempre falando, \u00e0s vezes ouvindo, n\u00e3o raro revendo posi\u00e7\u00f5es a c\u00e9u aberto. Mesmo para quem tinha clareza do lento e cont\u00ednuo <a title=\"A ruinosa burocratiza\u00e7\u00e3o do PT - 1992\" href=\"http:\/\/novosestudos.org.br\/v1\/files\/uploads\/contents\/69\/20080625_pt_dilemas.pdf\">navegar do PT em dire\u00e7\u00e3o ao desastre<\/a>, a voz dissonante de Genoino varava a treva como um sinal de que ainda havia algu\u00e9m na g\u00e1vea. <\/span><\/p>\n<p class=\"MsoNormal\" style=\"text-align: justify;\"><span style=\"font-family: Calibri;\">Apenas a inclina\u00e7\u00e3o c\u00f4moda pela desesperan\u00e7a na esfera pol\u00edtica (afinal, ter esperan\u00e7a implica alguma atitude) explica que muitos prefiram vilipendiar essa mem\u00f3ria (que tamb\u00e9m \u00e9 sua), tratando Genoino ora como um dissimulado que, finalmente, teria se revelado, ora como um <em>aparatinik<\/em> de alma stalinista \u2013 na verdade, foi bem ao contr\u00e1rio, pois o processo de burocratiza\u00e7\u00e3o e oligarquiza\u00e7\u00e3o do PT (que nada deve ao fervor \u201csocialista\u201d da ins\u00e2nia stalinista, mas antes responde \u00e0s ambi\u00e7\u00f5es materiais em uma sociedade perif\u00e9rica desigual) emparedou Genoino pela segunda vez e, ent\u00e3o, ele cometeu seu grande erro pol\u00edtico: n\u00e3o aceitou, ou n\u00e3o entendeu (nesse foro, que sei eu?) a extens\u00e3o e a profundidade da derrota que sofria naquele triunfo eleitoral de 2002.<\/span><\/p>\n<p class=\"MsoNormal\" style=\"text-align: justify;\"><span style=\"font-family: Calibri;\">Ao receber a presid\u00eancia formal do PT sem condi\u00e7\u00f5es de exerce-la de fato, numa altura em que a f\u00e9rrea liga Lula-Dirceu n\u00e3o poderia sen\u00e3o distribuir para o truco as cartas marcadas de um baralho manjado, Genoino sonhou que jogava xadrez e poderia dar uma de pe\u00e3o em lance de espera. Um erro grave, grav\u00edssimo, se considerarmos que eram muitos os que, mesmo ent\u00e3o, ainda o tinham como refer\u00eancia pol\u00edtica &#8211; mas n\u00e3o um crime. Se as circunst\u00e2ncias havidas no transcurso do mensal\u00e3o deixam claro que nosso personagem n\u00e3o poderia deixar de saber pelo menos parte do que se passava, tampouco a mem\u00f3ria do que ele foi deixa d\u00favida de que n\u00e3o vinham dele nem o conceber, nem o gerir e muito menos o negociar a partilha das sujeiras destapadas (estado de coisas que s\u00f3 n\u00e3o \u00e9 cr\u00edvel para quem n\u00e3o tem ideia de como as decis\u00f5es s\u00e3o tomadas na c\u00fapula do petismo). Sendo assim, ele n\u00e3o poderia ter sido condenado como os demais e, muito menos, como se membro da quadrilha fosse.<\/span><\/p>\n<p class=\"MsoNormal\" style=\"text-align: justify;\"><span style=\"font-family: Calibri;\">Mesmo emparedado pelo desfavor inevit\u00e1vel da opini\u00e3o p\u00fablica e pela dureza n\u00e3o de todo impertinente de um judici\u00e1rio caolho, Genoino n\u00e3o buscou se livrar empurrando os demais para a fogueira, nem assumindo a parte que lhe cabia nos descaminhos havidos, cometendo, neste \u00faltimo caso, mais um erro. A singularidade dessa situa\u00e7\u00e3o complexa condenou-o \u00e0 solid\u00e3o do esbravejar em via p\u00fablica, cen\u00e1rio que convida ao pat\u00e9tico. Mas olhadas com o m\u00ednimo de humanidade, mesmo as atribula\u00e7\u00f5es desencontradas por que passa sua sa\u00fade nos informam da autenticidade do drama: ao inv\u00e9s do perfil inquebrant\u00e1vel que os c\u00ednicos costumam exibir na adversidade, vivida como parte do jogo em que est\u00e3o para o que der e vier (sobretudo der), Genoino apresenta fraquezas, sofrimentos e perturba\u00e7\u00f5es t\u00edpicas de um Fausto que malbaratou sua merecida reputa\u00e7\u00e3o.<\/span><\/p>\n<p class=\"MsoNormal\" style=\"text-align: justify;\"><span style=\"font-family: Calibri;\">\u00c9 hora de cumprir a senten\u00e7a. Que ele o fa\u00e7a refletindo sobre os erros, sem \u00e2nimo de desforra e, sobretudo, sem a determina\u00e7\u00e3o ruinosa de a tudo abandonar. Que Genoino encontre for\u00e7as para voltar \u00e0 cena p\u00fablica reencontrado com sua mem\u00f3ria, dando a todo aquele que dela partilhou, e ainda preserva em si ao menos a nostalgia de alguma dec\u00eancia, a oportunidade de dizer: muito obrigado.<\/span><\/p>\n","protected":false},"excerpt":{"rendered":"<p>Carlos Novaes, novembro de 2013 Duas das muitas contribui\u00e7\u00f5es dessa segunda metade do julgamento do mensal\u00e3o (falta a primeira, a do PSDB) foram chamar a aten\u00e7\u00e3o para a desumanidade de nossas cadeias e enterrar a bobagem de que decis\u00e3o judicial se cumpre e n\u00e3o se discute. A tudo se discute e, acima de todos, um [&hellip;]<\/p>\n","protected":false},"author":1338,"featured_media":0,"comment_status":"open","ping_status":"open","sticky":false,"template":"","format":"standard","meta":{"footnotes":""},"categories":[1],"tags":[],"class_list":["post-314","post","type-post","status-publish","format-standard","hentry","category-uncategorized"],"_links":{"self":[{"href":"https:\/\/novaes-c-politico.com.br\/index.php?rest_route=\/wp\/v2\/posts\/314","targetHints":{"allow":["GET"]}}],"collection":[{"href":"https:\/\/novaes-c-politico.com.br\/index.php?rest_route=\/wp\/v2\/posts"}],"about":[{"href":"https:\/\/novaes-c-politico.com.br\/index.php?rest_route=\/wp\/v2\/types\/post"}],"author":[{"embeddable":true,"href":"https:\/\/novaes-c-politico.com.br\/index.php?rest_route=\/wp\/v2\/users\/1338"}],"replies":[{"embeddable":true,"href":"https:\/\/novaes-c-politico.com.br\/index.php?rest_route=%2Fwp%2Fv2%2Fcomments&post=314"}],"version-history":[{"count":3,"href":"https:\/\/novaes-c-politico.com.br\/index.php?rest_route=\/wp\/v2\/posts\/314\/revisions"}],"predecessor-version":[{"id":316,"href":"https:\/\/novaes-c-politico.com.br\/index.php?rest_route=\/wp\/v2\/posts\/314\/revisions\/316"}],"wp:attachment":[{"href":"https:\/\/novaes-c-politico.com.br\/index.php?rest_route=%2Fwp%2Fv2%2Fmedia&parent=314"}],"wp:term":[{"taxonomy":"category","embeddable":true,"href":"https:\/\/novaes-c-politico.com.br\/index.php?rest_route=%2Fwp%2Fv2%2Fcategories&post=314"},{"taxonomy":"post_tag","embeddable":true,"href":"https:\/\/novaes-c-politico.com.br\/index.php?rest_route=%2Fwp%2Fv2%2Ftags&post=314"}],"curies":[{"name":"wp","href":"https:\/\/api.w.org\/{rel}","templated":true}]}}