{"id":321,"date":"2014-03-11T21:13:12","date_gmt":"2014-03-11T21:13:12","guid":{"rendered":"http:\/\/novaes-c-politico.com.br\/?p=321"},"modified":"2014-03-11T21:14:04","modified_gmt":"2014-03-11T21:14:04","slug":"fhc-e-gleisi-ha-polemica-nisso","status":"publish","type":"post","link":"https:\/\/novaes-c-politico.com.br\/?p=321","title":{"rendered":"FHC e Gleisi &#8211;  h\u00e1 pol\u00eamica nisso?"},"content":{"rendered":"<p><!--[if gte mso 9]><xml>\n<w:WordDocument>\n<w:View>Normal<\/w:View>\n<w:Zoom>0<\/w:Zoom>\n<w:HyphenationZone>21<\/w:HyphenationZone>\n<w:PunctuationKerning\/>\n<w:ValidateAgainstSchemas\/>\n<w:SaveIfXMLInvalid>false<\/w:SaveIfXMLInvalid>\n<w:IgnoreMixedContent>false<\/w:IgnoreMixedContent>\n<w:AlwaysShowPlaceholderText>false<\/w:AlwaysShowPlaceholderText>\n<w:Compatibility>\n<w:BreakWrappedTables\/>\n<w:SnapToGridInCell\/>\n<w:WrapTextWithPunct\/>\n<w:UseAsianBreakRules\/>\n<w:DontGrowAutofit\/>\n<\/w:Compatibility>\n<w:BrowserLevel>MicrosoftInternetExplorer4<\/w:BrowserLevel>\n<\/w:WordDocument>\n<\/xml><![endif]--><\/p>\n<p><!--[if gte mso 9]><xml>\n<w:LatentStyles DefLockedState=\"false\" LatentStyleCount=\"156\">\n<\/w:LatentStyles>\n<\/xml><![endif]--><!--[if gte mso 10]>\n\n\n\n<style>\n \/* Style Definitions *\/\n table.MsoNormalTable\n\t{mso-style-name:\"Tabela normal\";\n\tmso-tstyle-rowband-size:0;\n\tmso-tstyle-colband-size:0;\n\tmso-style-noshow:yes;\n\tmso-style-parent:\"\";\n\tmso-padding-alt:0cm 5.4pt 0cm 5.4pt;\n\tmso-para-margin:0cm;\n\tmso-para-margin-bottom:.0001pt;\n\tmso-pagination:widow-orphan;\n\tfont-size:10.0pt;\n\tfont-family:\"Times New Roman\";\n\tmso-ansi-language:#0400;\n\tmso-fareast-language:#0400;\n\tmso-bidi-language:#0400;}\n<\/style>\n\n<![endif]--><!--[if gte mso 9]><xml>\n<o:shapedefaults v:ext=\"edit\" spidmax=\"1026\"\/>\n<\/xml><![endif]--><!--[if gte mso 9]><xml>\n<o:shapelayout v:ext=\"edit\">\n<o:idmap v:ext=\"edit\" data=\"1\"\/>\n<\/o:shapelayout><\/xml><![endif]--><\/p>\n<p class=\"MsoNormal\" style=\"text-align: right;\" align=\"right\">Carlos Novaes, mar\u00e7o de 2014<\/p>\n<p class=\"MsoNormal\" style=\"text-align: justify;\">Al\u00e9m da clareza com que exibem suas pr\u00f3prias limita\u00e7\u00f5es para a an\u00e1lise da situa\u00e7\u00e3o pol\u00edtica, n\u00e3o h\u00e1 nada que se aproveite nos artigos de Fernando Henrique Cardoso e Gleisi Hoffmann em exibi\u00e7\u00e3o no UOL. Em seu disparate e em sua nota c\u00f4mica comuns, os artigos servem de aperitivo salobro aos pratos indigestos que nos ser\u00e3o servidos \u00e0 farta nessa campanha eleitoral de 2014.<\/p>\n<p class=\"MsoNormal\" style=\"text-align: justify;\">O ponto alto \u00e9 o disparate comum entre as duas for\u00e7as que os articulistas representam: a ideia de que possam haver &#8220;quest\u00f5es fundamentais&#8221; a unir a &#8220;nossa na\u00e7\u00e3o&#8221;. O que \u00e9 fundamental desune, sempre, precisamente por ser fundamental, e n\u00e3o h\u00e1 nada mais transformador do que a busca e o empenho pelo que \u00e9 fundamental.<\/p>\n<p class=\"MsoNormal\" style=\"text-align: justify;\">Ao darem as costas a verdade pol\u00edtica t\u00e3o b\u00e1sica em favor do conforto propiciado pelo convencionalismo (atitude t\u00edpica de quem &#8220;j\u00e1 chegou l\u00e1&#8221;), essas duas figuras emblem\u00e1ticas do velho<span style=\"mso-spacerun: yes;\">\u00a0 <\/span>expressam como meta o que o Brasil precisa deixar para tr\u00e1s: a busca de um modelo em que todos ganham, sempre que por ganhar se entenda manter inalterada ou melhorar a pr\u00f3pria condi\u00e7\u00e3o na pir\u00e2mide da riqueza e do mando, qualquer que seja a posi\u00e7\u00e3o ocupada nela: como se sabe h\u00e1 tempos, algu\u00e9m tem de perder. Mas como pretender tal descortino de um ex-presidente da Rep\u00fablica que chegou ao posto precisamente porque, sem ter se comprometido com a fei\u00e7\u00e3o transformadora da pol\u00edtica, se credenciou (pelo que escreveu e fez), entre os que teriam de perder, como &#8220;referencial de equil\u00edbrio e estabilidade do debate nacional&#8221;? E o que esperar de uma aspirante \u00e0 presid\u00eancia da <b style=\"mso-bidi-font-weight: normal;\"><i style=\"mso-bidi-font-style: normal;\">mesma<\/i><\/b> Rep\u00fablica (Gleisi \u00e9 in\u00e1bil a ponto de sempre deixar evidente que vem vociferando sobretudo para se credenciar junto aos seus, sonhando em preencher o v\u00e1cuo geracional do PT) que serve a um governo que se julga imune \u00e0 f\u00faria das ruas porque n\u00e3o a mereceria &#8220;depois de tanto ter feito por essa gente&#8221; e tem, como chefe a quem teme, ningu\u00e9m menos que Lula, que se jacta de que sob seu mando os banqueiros ganharam dinheiro como nunca &#8212; embora ele pr\u00f3prio tenha chegado \u00e0 presid\u00eancia como s\u00edmbolo (suposto, diga-se) de uma transforma\u00e7\u00e3o t\u00e3o necess\u00e1ria quanto mal representada por ele?<\/p>\n<p class=\"MsoNormal\" style=\"text-align: justify;\">A nota c\u00f4mica \u00e9 o modo como ambos cospem e continuam a comer no prato cuspido: ele porque pretende levar o leitor a ter esperan\u00e7as numa &#8220;classe pol\u00edtica&#8221; de que se serviu e que, s\u00f3 agora, reconhece como o sustent\u00e1culo fisiol\u00f3gico do estado de coisas mals\u00e3o que se quer superar; ela porque depois de apontar a cusparada do pseudo advers\u00e1rio, completa o &#8220;racioc\u00ednio&#8221; cuspindo ela mesma, para em seguida assumir ares solenes na defesa do Congresso, mostrando-se afetada com o\u00a0 &#8220;achincalhe&#8221; ao prato duplamente cuspido em que continua comendo. <i style=\"mso-bidi-font-style: normal;\">Porta dos Fundos<\/i> ficou no chinelo.<\/p>\n","protected":false},"excerpt":{"rendered":"<p>Carlos Novaes, mar\u00e7o de 2014 Al\u00e9m da clareza com que exibem suas pr\u00f3prias limita\u00e7\u00f5es para a an\u00e1lise da situa\u00e7\u00e3o pol\u00edtica, n\u00e3o h\u00e1 nada que se aproveite nos artigos de Fernando Henrique Cardoso e Gleisi Hoffmann em exibi\u00e7\u00e3o no UOL. Em seu disparate e em sua nota c\u00f4mica comuns, os artigos servem de aperitivo salobro aos [&hellip;]<\/p>\n","protected":false},"author":1338,"featured_media":0,"comment_status":"open","ping_status":"open","sticky":false,"template":"","format":"standard","meta":{"footnotes":""},"categories":[4,1],"tags":[],"class_list":["post-321","post","type-post","status-publish","format-standard","hentry","category-eleicoes-de-2014","category-uncategorized"],"_links":{"self":[{"href":"https:\/\/novaes-c-politico.com.br\/index.php?rest_route=\/wp\/v2\/posts\/321","targetHints":{"allow":["GET"]}}],"collection":[{"href":"https:\/\/novaes-c-politico.com.br\/index.php?rest_route=\/wp\/v2\/posts"}],"about":[{"href":"https:\/\/novaes-c-politico.com.br\/index.php?rest_route=\/wp\/v2\/types\/post"}],"author":[{"embeddable":true,"href":"https:\/\/novaes-c-politico.com.br\/index.php?rest_route=\/wp\/v2\/users\/1338"}],"replies":[{"embeddable":true,"href":"https:\/\/novaes-c-politico.com.br\/index.php?rest_route=%2Fwp%2Fv2%2Fcomments&post=321"}],"version-history":[{"count":7,"href":"https:\/\/novaes-c-politico.com.br\/index.php?rest_route=\/wp\/v2\/posts\/321\/revisions"}],"predecessor-version":[{"id":328,"href":"https:\/\/novaes-c-politico.com.br\/index.php?rest_route=\/wp\/v2\/posts\/321\/revisions\/328"}],"wp:attachment":[{"href":"https:\/\/novaes-c-politico.com.br\/index.php?rest_route=%2Fwp%2Fv2%2Fmedia&parent=321"}],"wp:term":[{"taxonomy":"category","embeddable":true,"href":"https:\/\/novaes-c-politico.com.br\/index.php?rest_route=%2Fwp%2Fv2%2Fcategories&post=321"},{"taxonomy":"post_tag","embeddable":true,"href":"https:\/\/novaes-c-politico.com.br\/index.php?rest_route=%2Fwp%2Fv2%2Ftags&post=321"}],"curies":[{"name":"wp","href":"https:\/\/api.w.org\/{rel}","templated":true}]}}