{"id":3286,"date":"2017-05-27T17:36:12","date_gmt":"2017-05-27T20:36:12","guid":{"rendered":"http:\/\/novaes-c-politico.com.br\/?p=3286"},"modified":"2017-05-28T10:40:09","modified_gmt":"2017-05-28T13:40:09","slug":"de-volta-ao-colegio-eleitoral-como-nao-desperdicar-a-transicao-2-de-3","status":"publish","type":"post","link":"https:\/\/novaes-c-politico.com.br\/?p=3286","title":{"rendered":"DE VOLTA AO COL\u00c9GIO ELEITORAL &#8212; COMO N\u00c3O DESPERDI\u00c7AR A TRANSI\u00c7\u00c3O? &#8212; 2 DE 3"},"content":{"rendered":"<p align=\"right\">Carlos Novaes, 27 de maio de 2017 &#8211; 17:36<\/p>\n<p>O momento pol\u00edtico brasileiro atual exibe o impasse que antecede uma <i>transi\u00e7\u00e3o, <\/i>e isso por quatro raz\u00f5es interdependentes:<i> primeiro, a<\/i> crise, al\u00e9m de <i>cr\u00f4nica<\/i>, \u00e9 abrangente e profunda, atingindo as dimens\u00f5es pol\u00edtica, econ\u00f4mica e institucional; <i>segundo<\/i>, n\u00e3o h\u00e1 identifica\u00e7\u00e3o clara do vetor da crise; <i>terceiro<\/i>, n\u00e3o h\u00e1 for\u00e7a pol\u00edtica capaz de exercer hegemonia para dar rumo auspicioso ao vetor da crise; <i>quarto<\/i>, n\u00e3o h\u00e1 proposta clara sobre como sair da crise de modo proveitoso. Numa situa\u00e7\u00e3o dessas, n\u00e3o \u00e9 de surpreender que o exerc\u00edcio do poder se d\u00ea de modo prec\u00e1rio. Ademais, dadas as circunst\u00e2ncias criminosas que marcam a crise, as for\u00e7as que est\u00e3o no exerc\u00edcio do poder est\u00e3o <a title=\"DIRETAS-J\u00c1 \u00c9 A FARSA DEPOIS DA TRAG\u00c9DIA DE 1984\" href=\"http:\/\/novaes-c-politico.com.br\/?p=3220\">afundadas na ilegitimidade<\/a>, sendo elas mesmas, a um s\u00f3 tempo, causa da crise e parte do que deve ser deixado para tr\u00e1s. Em suma, a sociedade brasileira precisa construir uma <i>maioria social<\/i> que lhe permita <i>transitar<\/i> para outro patamar civilizat\u00f3rio. A outra alternativa \u00e9 regredirmos a uma forma abertamente autorit\u00e1ria. N\u00e3o sendo de descartar que acabemos por\u00a0<a title=\"ESTADO CONFLAGRADO E SOCIEDADE INERTE\" href=\"http:\/\/novaes-c-politico.com.br\/?p=3124\">deixar \u00e0 in\u00e9rcia<\/a> a defini\u00e7\u00e3o do curso, o que acabar\u00e1 por nos levar aos sofrimentos t\u00edpicos de quem vive eternamente na v\u00e9spera de desastre ainda maior.<\/p>\n<p>A dimens\u00e3o pol\u00edtica da crise geral \u00e9 uma <a title=\"REPRESENTA\u00c7\u00c3O E TRANSFORMA\u00c7\u00c3O\" href=\"http:\/\/novaes-c-politico.com.br\/?p=1601\">crise de <i>representa\u00e7\u00e3o<\/i><\/a>; a dimens\u00e3o econ\u00f4mica \u00e9 uma crise da <i>gest\u00e3o<\/i> p\u00fablica posta a servi\u00e7o dos interesses dos que se aferram \u00e0 desigualdade; a dimens\u00e3o institucional \u00e9 um <a title=\"UM DOMINGO PARA N\u00c3O ESQUECER \u2013 2 DE 6\" href=\"http:\/\/novaes-c-politico.com.br\/?p=2764\">Estado de Direito Autorit\u00e1rio<\/a> conflagrado numa <a title=\"LUTA DE FAC\u00c7\u00d5ES, FIC\u00c7\u00c3O CONSTITUCIONAL E SOCIEDADE INCONSEQUENTE\" href=\"http:\/\/novaes-c-politico.com.br\/?p=2867\">luta entre fac\u00e7\u00f5es<\/a>. <i>O vetor principal<\/i> desta crise s\u00e3o as contradi\u00e7\u00f5es postas pela <a title=\"CONVERSAR, PENSAR, CONVERSAR\u2026 E S\u00d3 ENT\u00c3O VOTAR\" href=\"http:\/\/novaes-c-politico.com.br\/?p=3188\">insustentabilidade da desigualdade brasileira<\/a>, mas as for\u00e7as que exercem o poder n\u00e3o poderiam, \u00e9 claro, concordar com este diagn\u00f3stico e, ent\u00e3o, inventam causas: <i>na pol\u00edtica<\/i>, a culpa foi de Dilma e do PT, como se eles n\u00e3o fossem todos s\u00f3cios; <i>na economia<\/i>, os culpados s\u00e3o exatamente os poucos direitos arrancados pelos de baixo nas \u00faltimas d\u00e9cadas, voltados a mitigar efeitos nefastos da desigualdade, simbolizados na Previd\u00eancia, na ordem do Trabalho, no SUS etc; <i>nas institui\u00e7\u00f5es<\/i>, os problemas adviriam de um suposto atropelo da independ\u00eancia entre os tr\u00eas poderes, agravado com a a\u00e7\u00e3o supostamente abusiva das autoridades que justamente investigam os crimes que cimentaram a presta\u00e7\u00e3o de servi\u00e7os rec\u00edprocos entre pol\u00edticos profissionais e agentes do Mercado.<\/p>\n<p><i>N\u00e3o h\u00e1 for\u00e7a capaz de exercer hegemonia<\/i> no rumo da supera\u00e7\u00e3o auspiciosa da crise porque uma das raz\u00f5es da crise est\u00e1 no fato de que as duas for\u00e7as que a sociedade gerou para lev\u00e1-la adiante, o <a title=\"CRISE, CUSTO BRASIL E TRANSFORMA\u00c7\u00c3O \u2014 3 DE 3\" href=\"http:\/\/novaes-c-politico.com.br\/?p=2954\">PSDB e o PT<\/a>, se aliaram \u00e0s for\u00e7as do atraso aderindo ao dogma de que os ricos n\u00e3o podem perder \u2013 o dinheir\u00e3o da corrup\u00e7\u00e3o \u00e9 compat\u00edvel com a extens\u00e3o da trag\u00e9dia socioecon\u00f4mica cuja encena\u00e7\u00e3o farsesca no teatro eleitoral ele financiou. Precisamos de outra pol\u00edtica, da qual sair\u00e3o novas for\u00e7as pol\u00edticas orientadas \u00e0 mudan\u00e7a e \u00e0 transforma\u00e7\u00e3o. Finalmente, <i>n\u00e3o h\u00e1 proposta clara<\/i> sobre como sair da crise porque, de um lado, os embates que ocupam o prosc\u00eanio s\u00e3o os da situa\u00e7\u00e3o rebaixada j\u00e1 descrita, e eles visam a manuten\u00e7\u00e3o, n\u00e3o a <i>transi\u00e7\u00e3o<\/i>; de outro lado, <i>n\u00e3o h\u00e1 proposta clara<\/i> porque ela ter\u00e1 de ser inventada, ter\u00e1 de sair de um <a title=\"ELEI\u00c7\u00d5ES CONSTITUINTES; N\u00c3O MAIS UMA GAMBIARRA\" href=\"http:\/\/novaes-c-politico.com.br\/?p=3172\">processo Constituinte<\/a>, no qual se fa\u00e7a o debate das reformas necess\u00e1rias, que, sem d\u00favida, como j\u00e1 dito, incluem a Previd\u00eancia, a ordem do Trabalho, as pol\u00edticas sociais e muito mais.<\/p>\n<p>Ou seja, nossa transi\u00e7\u00e3o s\u00f3 poder\u00e1 come\u00e7ar com a instala\u00e7\u00e3o de um processo constituinte, a ser aberto com a escolha de um presidente indireto que se abstenha de promover reformas e se restrinja a presidir o in\u00edcio da constru\u00e7\u00e3o de uma via constitucional nova. Nessa nova <i>transi\u00e7\u00e3o<\/i>, deveremos evitar cometer os erros da anterior, que nos deu uma democracia eleitoral em articula\u00e7\u00e3o contradit\u00f3ria com um Estado de Direito Autorit\u00e1rio.<\/p>\n","protected":false},"excerpt":{"rendered":"<p>Carlos Novaes, 27 de maio de 2017 &#8211; 17:36 O momento pol\u00edtico brasileiro atual exibe o impasse que antecede uma transi\u00e7\u00e3o, e isso por quatro raz\u00f5es interdependentes: primeiro, a crise, al\u00e9m de cr\u00f4nica, \u00e9 abrangente e profunda, atingindo as dimens\u00f5es pol\u00edtica, econ\u00f4mica e institucional; segundo, n\u00e3o h\u00e1 identifica\u00e7\u00e3o clara do vetor da crise; terceiro, n\u00e3o [&hellip;]<\/p>\n","protected":false},"author":1338,"featured_media":0,"comment_status":"open","ping_status":"open","sticky":false,"template":"","format":"standard","meta":{"footnotes":""},"categories":[15,4,14],"tags":[],"class_list":["post-3286","post","type-post","status-publish","format-standard","hentry","category-a-crise-e-a-crise","category-eleicoes-de-2014","category-pt-e-psdb-sao-a-mesma-coisa"],"_links":{"self":[{"href":"https:\/\/novaes-c-politico.com.br\/index.php?rest_route=\/wp\/v2\/posts\/3286","targetHints":{"allow":["GET"]}}],"collection":[{"href":"https:\/\/novaes-c-politico.com.br\/index.php?rest_route=\/wp\/v2\/posts"}],"about":[{"href":"https:\/\/novaes-c-politico.com.br\/index.php?rest_route=\/wp\/v2\/types\/post"}],"author":[{"embeddable":true,"href":"https:\/\/novaes-c-politico.com.br\/index.php?rest_route=\/wp\/v2\/users\/1338"}],"replies":[{"embeddable":true,"href":"https:\/\/novaes-c-politico.com.br\/index.php?rest_route=%2Fwp%2Fv2%2Fcomments&post=3286"}],"version-history":[{"count":14,"href":"https:\/\/novaes-c-politico.com.br\/index.php?rest_route=\/wp\/v2\/posts\/3286\/revisions"}],"predecessor-version":[{"id":3297,"href":"https:\/\/novaes-c-politico.com.br\/index.php?rest_route=\/wp\/v2\/posts\/3286\/revisions\/3297"}],"wp:attachment":[{"href":"https:\/\/novaes-c-politico.com.br\/index.php?rest_route=%2Fwp%2Fv2%2Fmedia&parent=3286"}],"wp:term":[{"taxonomy":"category","embeddable":true,"href":"https:\/\/novaes-c-politico.com.br\/index.php?rest_route=%2Fwp%2Fv2%2Fcategories&post=3286"},{"taxonomy":"post_tag","embeddable":true,"href":"https:\/\/novaes-c-politico.com.br\/index.php?rest_route=%2Fwp%2Fv2%2Ftags&post=3286"}],"curies":[{"name":"wp","href":"https:\/\/api.w.org\/{rel}","templated":true}]}}