{"id":3343,"date":"2017-06-03T14:05:06","date_gmt":"2017-06-03T17:05:06","guid":{"rendered":"http:\/\/novaes-c-politico.com.br\/?p=3343"},"modified":"2017-06-17T13:47:54","modified_gmt":"2017-06-17T16:47:54","slug":"vai-demorar-pois-teremos-de-transpor-os-escombros-de-psdb-e-pt","status":"publish","type":"post","link":"https:\/\/novaes-c-politico.com.br\/?p=3343","title":{"rendered":"VAI DEMORAR, POIS TEREMOS DE TRANSPOR OS ESCOMBROS DE PSDB E PT"},"content":{"rendered":"<p align=\"right\">Carlos Novaes, 03 de junho de 2017<\/p>\n<p style=\"text-align: left;\" align=\"right\">O <a title=\"REPRESENTA\u00c7\u00c3O E TRANSFORMA\u00c7\u00c3O\" href=\"http:\/\/novaes-c-politico.com.br\/?p=1601\">sistema pol\u00edtico profissional<\/a> n\u00e3o nos representa faz tempo. A novidade \u00e9 que ele j\u00e1 n\u00e3o oferece alternativa sequer para si mesmo, pois PSDB e PT, as duas for\u00e7as que se revezavam no <a title=\"PA\u00cdS EMPATADO, N\u00c3O DIVIDIDO\" href=\"http:\/\/novaes-c-politico.com.br\/?p=946\">teatro eleitoral<\/a> trazendo a reboque os partidos da ditadura paisano-militar, j\u00e1 <a title=\"CRISE, CUSTO BRASIL E TRANSFORMA\u00c7\u00c3O \u2014 3 DE 3\" href=\"http:\/\/novaes-c-politico.com.br\/?p=2954\">n\u00e3o disp\u00f5em de credibilidade<\/a> para apresentar uma alternativa cr\u00edvel. \u00c9 por isso que, a cada dia, fica mais largo o abismo entre o <i>pal\u00e1cio e a rua<\/i>, de que j\u00e1 tratei detidamente\u00a0<a title=\"O PAL\u00c1CIO E A RUA \u2014 1 de 4\" href=\"http:\/\/novaes-c-politico.com.br\/?p=1094\">aqui<\/a>,\u00a0e bem antes desta crise.<\/p>\n<p>Esse abismo est\u00e1 a ficar mais largo porque tanto o pal\u00e1cio quanto a rua se resolvem pondo o PT e PSDB \u00e0 margem. No pal\u00e1cio, cujo polo din\u00e2mico est\u00e1, hoje, centrado na C\u00e2mara dos Deturpados, a solu\u00e7\u00e3o vai sendo constru\u00edda em torno de Rodrigo Maia, do DEM (ex-PFL, ex-ARENA), tendo como coadjuvante o <a title=\"DESIGUALDADE, MUDANCISMO E VOTO \u2014 1 de 4\" href=\"http:\/\/novaes-c-politico.com.br\/?p=1260\">p-MDB<\/a> \u2013 uma dobradinha entre os partidos da ditadura paisano-militar que \u00e9 mera invers\u00e3o daquela apresentada no Col\u00e9gio Eleitoral de 1985: Tancredo (p-MDB), com Sarney (PFL, ex-ARENA). Ou seja, mais uma evid\u00eancia de que estamos a voltar atr\u00e1s, mas numa vers\u00e3o piorada. O sistema pol\u00edtico do nosso <a title=\"UM DOMINGO PARA N\u00c3O ESQUECER \u2013 2 DE 6\" href=\"http:\/\/novaes-c-politico.com.br\/?p=2764\">Estado de Direito Autorit\u00e1rio<\/a> se fecha num n\u00f3 ainda mais apertado.<\/p>\n<p>Uma situa\u00e7\u00e3o como essa n\u00e3o tinha como n\u00e3o levar PSDB e PT a agudas diverg\u00eancias internas \u2013 quando n\u00e3o a rupturas e, at\u00e9, um not\u00f3rio sumi\u00e7o (cad\u00ea o Serra, <em>senador por S\u00e3o Paulo<\/em>?!). Enquanto o <a title=\"Veja o \u00faltimo par\u00e1grafo deste artigo aqui\" href=\"http:\/\/novaes-c-politico.com.br\/?p=3325\">PSDB <em>Bovary<\/em><\/a> se debate entre sair e ficar no governo liderado por Temer; o <a title=\"O PT ARRUINOU O PETISMO E O SISTEMA POL\u00cdTICO\" href=\"http:\/\/novaes-c-politico.com.br\/?p=1628\">PT<\/a> se divide em torno de lideran\u00e7as secund\u00e1rias conforme as escolhas de Lula. Nos dois casos, trata-se de um abra\u00e7o de afogados, como se pode verificar no fato de que n\u00e3o h\u00e1 correspond\u00eancia na rua a estas lutas internas.<\/p>\n<p>As lideran\u00e7as dos movimentos proto-fascistas, que haviam acolhido e celebrado A\u00e9cio, j\u00e1 n\u00e3o t\u00eam coragem de dar as caras, mesmo quando as evid\u00eancias contra Temer se mostram muito mais contundentes do que o que havia contra Dilma \u2013 esses \u201cl\u00edderes\u201d t\u00eam corruptos de estima\u00e7\u00e3o e, por isso, sequer conseguem imaginar apoio aos segmentos do PSDB que querem sair do governo. Sem eles, o PSDB n\u00e3o tem como sair \u00e0 rua. Quanto ao PT, vai \u00e0s ruas com capacidade de arregimenta\u00e7\u00e3o cada vez menor, pois tem havido uma diminui\u00e7\u00e3o no contingente de trouxas dispostos a assistir suas <a title=\"UM DOMINGO PARA N\u00c3O ESQUECER \u2013 3 DE 6\" href=\"http:\/\/novaes-c-politico.com.br\/?p=2777\">piruetas \u201cesquerdistas\u201d<\/a> de ocasi\u00e3o: no governo, se jactavam de ter levado os ricos a ganharem dinheiro como nunca antes; perdidos os cargos, querem nos convencer de que ir\u00e3o combater o modelo de concentra\u00e7\u00e3o de renda e riqueza a que se acomodaram&#8230;<\/p>\n<p>A direita saiu da rua; a autointitulada esquerda independente tem em Boulos seu porta-voz. Ora, Boulos exibe esperan\u00e7as erradas ao advertir que Lula precisar\u00e1 aprender com os pr\u00f3prios erros, \u201cesquecido\u201d de que o que se cometeu foram crimes e, pior, fingindo acreditar que, a essa altura, Lula precisaria aprender o que desde sempre soube, mas preferiu n\u00e3o enfrentar (precisamente porque moldou sua lideran\u00e7a na perspectiva da acomoda\u00e7\u00e3o, n\u00e3o da transforma\u00e7\u00e3o): n\u00e3o iremos adiante sem que os ricos percam, pois a desigualdade brasileira \u00e9, sim, um jogo de soma zero.<\/p>\n<p>N\u00e3o chega a servir de come\u00e7o a uma transforma\u00e7\u00e3o o engajamento de artistas e de ativistas culturais e populares \u00e0 bandeira das diretas-j\u00e1, de cuja impropriedade j\u00e1 tratei <a title=\"DIRETAS-J\u00c1 \u00c9 A FARSA DEPOIS DA TRAG\u00c9DIA DE 1984\" href=\"http:\/\/novaes-c-politico.com.br\/?p=3220\">aqui<\/a>. Eles acertam quando rejeitam a presen\u00e7a em suas manifesta\u00e7\u00f5es dessas burocracias partid\u00e1rias e sindicais que temos de deixar para tr\u00e1s, mas erram ao pleitear elei\u00e7\u00f5es \u00e0s quais s\u00f3 poder\u00e3o concorrer exatamente essas burocracias! Como j\u00e1 disse, <a title=\"CONVERSAR, PENSAR, CONVERSAR\u2026 E S\u00d3 ENT\u00c3O VOTAR\" href=\"http:\/\/novaes-c-politico.com.br\/?p=3188\">precisamos de tempo<\/a>. Realizar elei\u00e7\u00f5es constituintes em 2018 talvez nos d\u00ea algum f\u00f4lego para criar <a title=\"O QUE FALTA N\u00c3O \u00c9 UM NOME, MAS O LUGAR A SER OCUPADO\" href=\"http:\/\/novaes-c-politico.com.br\/?p=3206\">melhores condi\u00e7\u00f5es<\/a> para disputas eleitorais que, no cen\u00e1rio mais prov\u00e1vel, ter\u00e3o PFL e p-MDB no governo, com PT e PSDB na &#8220;oposi\u00e7\u00e3o&#8221; e trazendo D\u00f3ria e Ciro Gomes como novidades&#8230;<\/p>\n","protected":false},"excerpt":{"rendered":"<p>Carlos Novaes, 03 de junho de 2017 O sistema pol\u00edtico profissional n\u00e3o nos representa faz tempo. A novidade \u00e9 que ele j\u00e1 n\u00e3o oferece alternativa sequer para si mesmo, pois PSDB e PT, as duas for\u00e7as que se revezavam no teatro eleitoral trazendo a reboque os partidos da ditadura paisano-militar, j\u00e1 n\u00e3o disp\u00f5em de credibilidade [&hellip;]<\/p>\n","protected":false},"author":1338,"featured_media":0,"comment_status":"open","ping_status":"open","sticky":false,"template":"","format":"standard","meta":{"footnotes":""},"categories":[15,4,14],"tags":[],"class_list":["post-3343","post","type-post","status-publish","format-standard","hentry","category-a-crise-e-a-crise","category-eleicoes-de-2014","category-pt-e-psdb-sao-a-mesma-coisa"],"_links":{"self":[{"href":"https:\/\/novaes-c-politico.com.br\/index.php?rest_route=\/wp\/v2\/posts\/3343","targetHints":{"allow":["GET"]}}],"collection":[{"href":"https:\/\/novaes-c-politico.com.br\/index.php?rest_route=\/wp\/v2\/posts"}],"about":[{"href":"https:\/\/novaes-c-politico.com.br\/index.php?rest_route=\/wp\/v2\/types\/post"}],"author":[{"embeddable":true,"href":"https:\/\/novaes-c-politico.com.br\/index.php?rest_route=\/wp\/v2\/users\/1338"}],"replies":[{"embeddable":true,"href":"https:\/\/novaes-c-politico.com.br\/index.php?rest_route=%2Fwp%2Fv2%2Fcomments&post=3343"}],"version-history":[{"count":18,"href":"https:\/\/novaes-c-politico.com.br\/index.php?rest_route=\/wp\/v2\/posts\/3343\/revisions"}],"predecessor-version":[{"id":3356,"href":"https:\/\/novaes-c-politico.com.br\/index.php?rest_route=\/wp\/v2\/posts\/3343\/revisions\/3356"}],"wp:attachment":[{"href":"https:\/\/novaes-c-politico.com.br\/index.php?rest_route=%2Fwp%2Fv2%2Fmedia&parent=3343"}],"wp:term":[{"taxonomy":"category","embeddable":true,"href":"https:\/\/novaes-c-politico.com.br\/index.php?rest_route=%2Fwp%2Fv2%2Fcategories&post=3343"},{"taxonomy":"post_tag","embeddable":true,"href":"https:\/\/novaes-c-politico.com.br\/index.php?rest_route=%2Fwp%2Fv2%2Ftags&post=3343"}],"curies":[{"name":"wp","href":"https:\/\/api.w.org\/{rel}","templated":true}]}}