{"id":3376,"date":"2017-06-16T19:00:59","date_gmt":"2017-06-16T22:00:59","guid":{"rendered":"http:\/\/novaes-c-politico.com.br\/?p=3376"},"modified":"2017-06-17T13:33:46","modified_gmt":"2017-06-17T16:33:46","slug":"o-esgotamento-do-recurso-ao-impeachment","status":"publish","type":"post","link":"https:\/\/novaes-c-politico.com.br\/?p=3376","title":{"rendered":"O ESGOTAMENTO DO RECURSO AO IMPEACHMENT"},"content":{"rendered":"<p align=\"right\">Carlos Novaes, 16 de junho de 2017<\/p>\n<p>&nbsp;<\/p>\n<p>Quem acompanha este blog est\u00e1 familiarizado com a ideia de que, desde a redemocratiza\u00e7\u00e3o eleitoral, o Congresso brasileiro tem sido <a title=\"UM DOMINGO PARA N\u00c3O ESQUECER \u2013 4 DE 6\" href=\"http:\/\/novaes-c-politico.com.br\/?p=2794\">mais conservador<\/a> do que os presidentes da Rep\u00fablica eleitos. Mais conservador, aqui, significa mais avesso \u00e0 mudan\u00e7a. A raz\u00e3o dessa assimetria \u00e9 simples de entender: o Congresso da redemocratiza\u00e7\u00e3o herdou da ditadura paisano-militar seu dispositivo paisano, o p-MDB, tendo como linha auxiliar o PFL-DEM, partidos que haviam criado ra\u00edzes na din\u00e2mica eleitoral mi\u00fada, n\u00e3o interrompida pela ditadura. Esses partidos sempre enxergaram a mudan\u00e7a como amea\u00e7a \u00e0 situa\u00e7\u00e3o que haviam conquistado no per\u00edodo autorit\u00e1rio e, por isso, se empenharam em obter a transi\u00e7\u00e3o lenta, gradual e segura.<\/p>\n<p>Como uma desigualdade como a brasileira n\u00e3o pode deixar de colocar problemas \u00e0 reprodu\u00e7\u00e3o da ordem pol\u00edtica, especialmente quando h\u00e1 um sistema eleitoral aberto \u00e0 participa\u00e7\u00e3o popular, o desafio para os que buscam manter a desigualdade \u00e9 obter o voto de quem quer mudan\u00e7a para depois fazer com que, malgrado melhorias inst\u00e1veis, tudo fique como est\u00e1. Faz mais de trinta anos que eles tem tido sucesso nisso &#8212; chegaram a embrulhar pela coopta\u00e7\u00e3o <a title=\"CRISE, CUSTO BRASIL E TRANSFORMA\u00c7\u00c3O \u2014 3 DE 3\" href=\"http:\/\/novaes-c-politico.com.br\/?p=2954\">PSDB e PT<\/a> &#8212; mas ao pre\u00e7o de acumular contradi\u00e7\u00f5es que est\u00e3o sempre a criar problemas novos. Ou seja, o Brasil tem vivido sob o regime pol\u00edtico da improvisa\u00e7\u00e3o.<\/p>\n<p>Como j\u00e1 discuti <a title=\"A LAVA JATO E A \u201cGOVERNABILIDADE\u201d \u2014 2 DE 2\" href=\"http:\/\/novaes-c-politico.com.br\/?p=2984\">aqui<\/a>, sempre que as contradi\u00e7\u00f5es desse estado de coisas resultam em mobiliza\u00e7\u00e3o popular hostil ao mando, e torna-se incontorn\u00e1vel oferecer algum aceno \u00e0 mudan\u00e7a, a ira popular \u00e9 desviada contra o Executivo (<em>gest\u00e3o<\/em>), numa opera\u00e7\u00e3o que visa preservar o cora\u00e7\u00e3o do sistema nefasto: o Congresso (<em>representa\u00e7\u00e3o<\/em>). Essa \u00e9 a explica\u00e7\u00e3o para estarmos \u00e0 beira do terceiro impeachment presidencial em menos de trinta anos. Com isso, se vendem v\u00e1rias ilus\u00f5es em uma \u00fanica manobra: primeiro, como o impeachment \u00e9 tarefa congressual, o Congresso n\u00e3o apenas fica preservado, mas se \u00a0fortalece como inst\u00e2ncia de solu\u00e7\u00e3o do problema, quando \u00e9 nele que est\u00e3o concentrados nossos problemas; segundo, e por isso mesmo, reitera-se que o problema \u00e9 o presidencialismo imperial (mas que for\u00e7a \u00e9 essa, que vive amea\u00e7ada de cair?!); terceiro, e at\u00e9 contraditoriamente, se faz mais uma aposta em que a solu\u00e7\u00e3o vir\u00e1 com a escolha de um novo presidente, realimentando a dan\u00e7a das cadeiras em que o Congresso nunca deixa de encontrar onde sentar!<\/p>\n<p>Em outras palavras, o impeachment tem sido uma manobra para contornar crises. Mas como a crise se aprofundou numa crise de legitima\u00e7\u00e3o do <a title=\"UM DOMINGO PARA N\u00c3O ESQUECER \u2013 2 DE 6\" href=\"http:\/\/novaes-c-politico.com.br\/?p=2764\">Estado de Direito Autorit\u00e1rio<\/a>, o impeachment j\u00e1 n\u00e3o tem o poder prestidigitador que vinha tendo, pois a ilegitimidade do pr\u00f3prio Congresso veio a furo. \u00a0A melhor maneira de perceber que um truque de m\u00e1gica ficou manjado \u00e9 v\u00ea-lo a ser encenado por qualquer um \u2013 pois \u00e9 o que estamos a ver: h\u00e1 gente propondo impeachment por todo lado; ele, o impeachment, virou a varinha de cond\u00e3o da luta de fac\u00e7\u00f5es em que est\u00e1 abismado nosso <a title=\"CONSOLIDA\u00c7\u00c3O DO AUTORITARISMO\" href=\"http:\/\/novaes-c-politico.com.br\/?p=3017\">Estado de Direito Autorit\u00e1rio<\/a>. H\u00e1 fac\u00e7\u00f5es que o cogitam contra Fachin; outras contra Gilmar e, at\u00e9, contra o Janot.<\/p>\n<p>Olhada assim, a situa\u00e7\u00e3o de Temer \u00e9 esdruxulamente nova, e \u00e9 nessa novidade que ele se segura: n\u00e3o \u00e9 exatamente que falte a eles um nome para substitui-lo, falta o m\u00e9todo; afinal, com que cara nossos \u201crepresentantes\u201d se dirigiriam ao microfone para declarar SIM ao afastamento de Temer?! Eles est\u00e3o numa sinuca de bico, pois est\u00e1 \u00e0 vista de todos que a f\u00e1bula fala deles. Em artigo <a title=\"O QUE FALTA N\u00c3O \u00c9 UM NOME, MAS O LUGAR A SER OCUPADO\" href=\"http:\/\/novaes-c-politico.com.br\/?p=3206\">recente<\/a>, explorei esse mesmo dilema por outro \u00e2ngulo: o que falta \u00e9 o lugar, n\u00e3o um nome.<\/p>\n<p><strong>Fica o Registro:<\/strong><\/p>\n<p><strong>&#8211; Sem fazer caso dessa crise de legitimidade que os engoliu<\/strong>, os deputados e senadores continuam a agir como se nos representassem e apertam o acelerador da parafern\u00e1lia institucional destinada a roubar da sociedade qualquer possibilidade de buscar a mudan\u00e7a: querem improvisar o voto em lista ou, pelo menos, o chamado distrit\u00e3o, e est\u00e3o em vias de aprovar nada menos do que mais 3 bilh\u00f5es de reais do nosso dinheiro para gastarem contra n\u00f3s na campanha eleitoral de 2018. At\u00e9 quando, Brasil?!?<\/p>\n<p><strong>&#8211; Os tucanos, coitados,<\/strong> foram na do FHC e subiram na pinguela, estando a descobrir que n\u00e3o sabem nadar!<\/p>\n<p><strong>&#8211; Sintoma adicional do aspecto terminal da crise<\/strong> \u00e9 o fato de haver quem sonhe em voltar \u00e0 polariza\u00e7\u00e3o Lula-FHC, agora mais <a title=\"UM DOMINGO PARA N\u00c3O ESQUECER \u2013 3 DE 6\" href=\"http:\/\/novaes-c-politico.com.br\/?p=2777\">fajuta<\/a> do que nunca.<\/p>\n<p><strong>&#8211; Mais abaixo, links<\/strong> para uma sequ\u00eancia de tr\u00eas recentes palestras minhas sobre o que nos levou \u00e0 crise atual. Entendo que a participa\u00e7\u00e3o do p\u00fablico ao final de cada palestra foi fundamental, inclusive para que eu deixasse mais clara a minha opini\u00e3o.<\/p>\n<p><a title=\"PALESTRA 1\" href=\" https:\/\/www.youtube.com\/watch?v=q5cOG9d-MJQ\">PALESTRA 1<\/a><\/p>\n<p><a title=\"PALESTRA 2\" href=\"https:\/\/www.youtube.com\/watch?v=hHsWnH-JIrU\"><span style=\"font-size: 1rem;\">PALESTRA 2<\/span><\/a><\/p>\n<p><span style=\"font-size: 1rem;\"><a title=\"PALESTRA 3\" href=\"https:\/\/www.youtube.com\/watch?v=a3sGD_E5HKQ\">PALESTRA 3<\/a>\u00a0<\/span><\/p>\n","protected":false},"excerpt":{"rendered":"<p>Carlos Novaes, 16 de junho de 2017 &nbsp; Quem acompanha este blog est\u00e1 familiarizado com a ideia de que, desde a redemocratiza\u00e7\u00e3o eleitoral, o Congresso brasileiro tem sido mais conservador do que os presidentes da Rep\u00fablica eleitos. Mais conservador, aqui, significa mais avesso \u00e0 mudan\u00e7a. A raz\u00e3o dessa assimetria \u00e9 simples de entender: o Congresso [&hellip;]<\/p>\n","protected":false},"author":1338,"featured_media":0,"comment_status":"open","ping_status":"open","sticky":false,"template":"","format":"standard","meta":{"footnotes":""},"categories":[15,4],"tags":[],"class_list":["post-3376","post","type-post","status-publish","format-standard","hentry","category-a-crise-e-a-crise","category-eleicoes-de-2014"],"_links":{"self":[{"href":"https:\/\/novaes-c-politico.com.br\/index.php?rest_route=\/wp\/v2\/posts\/3376","targetHints":{"allow":["GET"]}}],"collection":[{"href":"https:\/\/novaes-c-politico.com.br\/index.php?rest_route=\/wp\/v2\/posts"}],"about":[{"href":"https:\/\/novaes-c-politico.com.br\/index.php?rest_route=\/wp\/v2\/types\/post"}],"author":[{"embeddable":true,"href":"https:\/\/novaes-c-politico.com.br\/index.php?rest_route=\/wp\/v2\/users\/1338"}],"replies":[{"embeddable":true,"href":"https:\/\/novaes-c-politico.com.br\/index.php?rest_route=%2Fwp%2Fv2%2Fcomments&post=3376"}],"version-history":[{"count":9,"href":"https:\/\/novaes-c-politico.com.br\/index.php?rest_route=\/wp\/v2\/posts\/3376\/revisions"}],"predecessor-version":[{"id":3380,"href":"https:\/\/novaes-c-politico.com.br\/index.php?rest_route=\/wp\/v2\/posts\/3376\/revisions\/3380"}],"wp:attachment":[{"href":"https:\/\/novaes-c-politico.com.br\/index.php?rest_route=%2Fwp%2Fv2%2Fmedia&parent=3376"}],"wp:term":[{"taxonomy":"category","embeddable":true,"href":"https:\/\/novaes-c-politico.com.br\/index.php?rest_route=%2Fwp%2Fv2%2Fcategories&post=3376"},{"taxonomy":"post_tag","embeddable":true,"href":"https:\/\/novaes-c-politico.com.br\/index.php?rest_route=%2Fwp%2Fv2%2Ftags&post=3376"}],"curies":[{"name":"wp","href":"https:\/\/api.w.org\/{rel}","templated":true}]}}