{"id":344,"date":"2014-05-13T18:34:46","date_gmt":"2014-05-13T18:34:46","guid":{"rendered":"http:\/\/novaes-c-politico.com.br\/?p=344"},"modified":"2014-05-15T16:01:47","modified_gmt":"2014-05-15T16:01:47","slug":"pt-e-pmdb-preferem-lula","status":"publish","type":"post","link":"https:\/\/novaes-c-politico.com.br\/?p=344","title":{"rendered":"PT E PMDB PREFEREM LULA"},"content":{"rendered":"<p><!--[if gte mso 9]><xml>\n<w:WordDocument>\n<w:View>Normal<\/w:View>\n<w:Zoom>0<\/w:Zoom>\n<w:HyphenationZone>21<\/w:HyphenationZone>\n<w:PunctuationKerning\/>\n<w:ValidateAgainstSchemas\/>\n<w:SaveIfXMLInvalid>false<\/w:SaveIfXMLInvalid>\n<w:IgnoreMixedContent>false<\/w:IgnoreMixedContent>\n<w:AlwaysShowPlaceholderText>false<\/w:AlwaysShowPlaceholderText>\n<w:Compatibility>\n<w:BreakWrappedTables\/>\n<w:SnapToGridInCell\/>\n<w:WrapTextWithPunct\/>\n<w:UseAsianBreakRules\/>\n<w:DontGrowAutofit\/>\n<\/w:Compatibility>\n<w:BrowserLevel>MicrosoftInternetExplorer4<\/w:BrowserLevel>\n<\/w:WordDocument>\n<\/xml><![endif]--><\/p>\n<p><!--[if gte mso 9]><xml>\n<w:LatentStyles DefLockedState=\"false\" LatentStyleCount=\"156\">\n<\/w:LatentStyles>\n<\/xml><![endif]--><!--[if gte mso 10]>\n\n\n\n<style>\n \/* Style Definitions *\/\n table.MsoNormalTable\n\t{mso-style-name:\"Tabela normal\";\n\tmso-tstyle-rowband-size:0;\n\tmso-tstyle-colband-size:0;\n\tmso-style-noshow:yes;\n\tmso-style-parent:\"\";\n\tmso-padding-alt:0cm 5.4pt 0cm 5.4pt;\n\tmso-para-margin:0cm;\n\tmso-para-margin-bottom:.0001pt;\n\tmso-pagination:widow-orphan;\n\tfont-size:10.0pt;\n\tfont-family:\"Times New Roman\";\n\tmso-ansi-language:#0400;\n\tmso-fareast-language:#0400;\n\tmso-bidi-language:#0400;}\n<\/style>\n\n<![endif]--><\/p>\n<p><!--[if gte mso 9]><xml>\n<w:WordDocument>\n<w:View>Normal<\/w:View>\n<w:Zoom>0<\/w:Zoom>\n<w:HyphenationZone>21<\/w:HyphenationZone>\n<w:PunctuationKerning\/>\n<w:ValidateAgainstSchemas\/>\n<w:SaveIfXMLInvalid>false<\/w:SaveIfXMLInvalid>\n<w:IgnoreMixedContent>false<\/w:IgnoreMixedContent>\n<w:AlwaysShowPlaceholderText>false<\/w:AlwaysShowPlaceholderText>\n<w:Compatibility>\n<w:BreakWrappedTables\/>\n<w:SnapToGridInCell\/>\n<w:WrapTextWithPunct\/>\n<w:UseAsianBreakRules\/>\n<w:DontGrowAutofit\/>\n<\/w:Compatibility>\n<w:BrowserLevel>MicrosoftInternetExplorer4<\/w:BrowserLevel>\n<\/w:WordDocument>\n<\/xml><![endif]--><\/p>\n<p class=\"MsoNormal\" style=\"text-align: right;\" align=\"right\">Carlos Novaes, maio de 2014<\/p>\n<p class=\"MsoNormal\" style=\"text-align: justify;\">Constru\u00eddo como uma burocracia nacional, o PT jamais se engatou na l\u00f3gica pol\u00edtica federativa, raz\u00e3o pela qual, para exercer o mando conquistado por cima, requer o apoio de um PMDB, cujo desengate de uma din\u00e2mica propriamente nacional se reflete na habilidade com que faz o jogo mi\u00fado (das coisas gra\u00fadas) no legislativo, nas inst\u00e2ncias locais e nos estados, uma heran\u00e7a do per\u00edodo em que as limita\u00e7\u00f5es da ditadura no plano eleitoral levaram \u00e0 &#8220;sele\u00e7\u00e3o natural&#8221; de atores e m\u00e9todos aptos a esse jogo em que se ganha avan\u00e7ando por polegadas. Com as sucessivas elei\u00e7\u00f5es livres, essa jun\u00e7\u00e3o pelo que falta a cada um encontra um de seus limites na aspira\u00e7\u00e3o de lideran\u00e7as locais eleitoralmente bem sucedidas do PT pela conquista dos postos eleitorais mais altos em seus estados (o que arrastaria tamb\u00e9m ao sucesso nos legislativos e nas prefeituras) e na press\u00e3o correlata da base e de setores intermedi\u00e1rios da pir\u00e2mide do PMDB pela constru\u00e7\u00e3o de um projeto nacional, pois j\u00e1 enxergaram que a falta dele vem comprometendo o \u00eaxito no plano infra-nacional, ainda que se prestando ao conforto de seus &#8220;l\u00edderes&#8221;.<\/p>\n<p class=\"MsoNormal\" style=\"text-align: justify;\">O PT est\u00e1 em vantagem nesse jogo n\u00e3o apenas porque \u00e9 quem, ao final, fica com a caneta na m\u00e3o, mas sobretudo porque sua m\u00e1quina burocr\u00e1tica estabeleceu uma tradi\u00e7\u00e3o de obedi\u00eancia ao &#8220;projeto nacional&#8221; que logra submeter seus recalcitrantes &#8211; com for\u00e7a decrescente, \u00e9 verdade. Os mandat\u00e1rios do PMDB derivam seu poder do quanto conseguem distribuir para os apetites regionais da fatia de poder que alcan\u00e7am exercer no cons\u00f3rcio nacional, combinada com a conten\u00e7\u00e3o do avan\u00e7o estadual do PT, bra\u00e7os de uma pin\u00e7a crescentemente desfavor\u00e1vel.<\/p>\n<p class=\"MsoNormal\" style=\"text-align: justify;\">Salta aos olhos a fragilidade de uma candidatura Dilma como resposta a esse estado de coisas, especialmente quando todos acreditam que uma candidatura Lula est\u00e1 ao alcance da m\u00e3o. Do ponto de vista do PT, <a title=\"O DESESPERO DE DILMA\" href=\"http:\/\/novaes-c-politico.com.br\/?p=329\">o entusiasmo<\/a> com a volta de Lula seria a \u00fanica maneira de tirar suas candidaturas estaduais combalidas do marasmo a que estar\u00e3o condenadas num cen\u00e1rio em que se oferecer\u00e1 mais do mesmo; da perspectiva do PMDB, Lula \u00e9 visto como um pragm\u00e1tico mais aberto ao toma l\u00e1 da c\u00e1 &#8211; como Eduardo Cunha deixou claro ao se dizer saudoso dele -, pragmatismo cuja generosidade compensaria, para a c\u00fapula, o avan\u00e7o estadual do PT, ainda que a conta n\u00e3o v\u00e1 fechar no futuro &#8212; mas quanto ao porvir vale para os oligarcas do PMDB o que disse no passado um <i style=\"mso-bidi-font-style: normal;\">partner<\/i> seu na ditadura: &#8220;no futuro estaremos todos mortos&#8221;.<\/p>\n<p class=\"MsoNormal\" style=\"text-align: justify;\">Pendurando de outro modo os mesmos dados, Dilma n\u00e3o pode dar impulso \u00e0s candidaturas estaduais do PT porque n\u00e3o \u00e9 uma lideran\u00e7a eleitoral (seus votos jamais foram seus) e tampouco pode receber delas um entusiasmo local que n\u00e3o suscita (inclusive, mas n\u00e3o apenas, porque agora \u00e9 vista como aquela que est\u00e1 ocupando um lugar em que Lula deveria estar) \u2013 ou seja, esses dois lados do petismo funcionam como lastro desfavor\u00e1vel rec\u00edproco; pelo lado do PMDB, o descontentamento com a inabilidade dela na condu\u00e7\u00e3o dos seus pleitos \u00e9 evidente h\u00e1 anos, insufici\u00eancia que n\u00e3o \u00e9 sen\u00e3o uma tradu\u00e7\u00e3o de suas fragilidades propriamente pol\u00edticas, resumidas no fato de n\u00e3o saber a grande diferen\u00e7a em pol\u00edtica entre mandar (ger\u00eancia das coisas) e conduzir (distribui\u00e7\u00e3o de pap\u00e9is), jogo em que, mais uma vez, Lula \u00e9 um mestre.<\/p>\n<p class=\"MsoNormal\" style=\"text-align: justify;\">O que falta ent\u00e3o para que, afinal, se d\u00ea a candidatura presidencial de Lula em 2014? Que ele cumpra o compromisso assumido marotamente com Dilma no recente Encontro Nacional do PT e a fa\u00e7a a primeira a saber que <a title=\"S\u00f3 Lula impede Lula candidato a presidente em 2014\" href=\"http:\/\/novaes-c-politico.com.br\/?p=66\">ele decidiu<\/a> ser o candidato. Pode n\u00e3o acontecer? Pode, mas \u00e9 muito improv\u00e1vel que o disparate prevale\u00e7a em situa\u00e7\u00e3o em que o \u00f3bvio est\u00e1 t\u00e3o claro para os agentes que contam e \u00e9 vivido como demanda por 64% dos simpatizantes da marca PT. Se prevalecer, esse disparate ter\u00e1 sa\u00eddo de uma escolha pessoal que s\u00f3 poder\u00e1 ser vista como irracional e, ent\u00e3o, abrir-se-\u00e1 uma janela para que o eleitor enxergue outra alternativa, redistribuindo os custos pelo esfor\u00e7o novo para dotar o processo de racionalidade, que n\u00e3o poder\u00e1 ser apontada por aquele que s\u00f3 pode ser visto pelos interessados como o irracional de plant\u00e3o.<\/p>\n<p><!--[if gte mso 9]><xml>\n<w:LatentStyles DefLockedState=\"false\" LatentStyleCount=\"156\">\n<\/w:LatentStyles>\n<\/xml><![endif]--><!--[if gte mso 10]>\n\n\n\n<style>\n \/* Style Definitions *\/\n table.MsoNormalTable\n\t{mso-style-name:\"Tabela normal\";\n\tmso-tstyle-rowband-size:0;\n\tmso-tstyle-colband-size:0;\n\tmso-style-noshow:yes;\n\tmso-style-parent:\"\";\n\tmso-padding-alt:0cm 5.4pt 0cm 5.4pt;\n\tmso-para-margin:0cm;\n\tmso-para-margin-bottom:.0001pt;\n\tmso-pagination:widow-orphan;\n\tfont-size:10.0pt;\n\tfont-family:\"Times New Roman\";\n\tmso-ansi-language:#0400;\n\tmso-fareast-language:#0400;\n\tmso-bidi-language:#0400;}\n<\/style>\n\n<![endif]--><\/p>\n","protected":false},"excerpt":{"rendered":"<p>Carlos Novaes, maio de 2014 Constru\u00eddo como uma burocracia nacional, o PT jamais se engatou na l\u00f3gica pol\u00edtica federativa, raz\u00e3o pela qual, para exercer o mando conquistado por cima, requer o apoio de um PMDB, cujo desengate de uma din\u00e2mica propriamente nacional se reflete na habilidade com que faz o jogo mi\u00fado (das coisas gra\u00fadas) [&hellip;]<\/p>\n","protected":false},"author":1338,"featured_media":0,"comment_status":"open","ping_status":"open","sticky":false,"template":"","format":"standard","meta":{"footnotes":""},"categories":[4,10],"tags":[],"class_list":["post-344","post","type-post","status-publish","format-standard","hentry","category-eleicoes-de-2014","category-partidos-politicos"],"_links":{"self":[{"href":"https:\/\/novaes-c-politico.com.br\/index.php?rest_route=\/wp\/v2\/posts\/344","targetHints":{"allow":["GET"]}}],"collection":[{"href":"https:\/\/novaes-c-politico.com.br\/index.php?rest_route=\/wp\/v2\/posts"}],"about":[{"href":"https:\/\/novaes-c-politico.com.br\/index.php?rest_route=\/wp\/v2\/types\/post"}],"author":[{"embeddable":true,"href":"https:\/\/novaes-c-politico.com.br\/index.php?rest_route=\/wp\/v2\/users\/1338"}],"replies":[{"embeddable":true,"href":"https:\/\/novaes-c-politico.com.br\/index.php?rest_route=%2Fwp%2Fv2%2Fcomments&post=344"}],"version-history":[{"count":9,"href":"https:\/\/novaes-c-politico.com.br\/index.php?rest_route=\/wp\/v2\/posts\/344\/revisions"}],"predecessor-version":[{"id":350,"href":"https:\/\/novaes-c-politico.com.br\/index.php?rest_route=\/wp\/v2\/posts\/344\/revisions\/350"}],"wp:attachment":[{"href":"https:\/\/novaes-c-politico.com.br\/index.php?rest_route=%2Fwp%2Fv2%2Fmedia&parent=344"}],"wp:term":[{"taxonomy":"category","embeddable":true,"href":"https:\/\/novaes-c-politico.com.br\/index.php?rest_route=%2Fwp%2Fv2%2Fcategories&post=344"},{"taxonomy":"post_tag","embeddable":true,"href":"https:\/\/novaes-c-politico.com.br\/index.php?rest_route=%2Fwp%2Fv2%2Ftags&post=344"}],"curies":[{"name":"wp","href":"https:\/\/api.w.org\/{rel}","templated":true}]}}