{"id":4184,"date":"2018-07-08T23:16:06","date_gmt":"2018-07-09T02:16:06","guid":{"rendered":"http:\/\/novaes-c-politico.com.br\/?p=4184"},"modified":"2018-07-31T23:08:36","modified_gmt":"2018-08-01T02:08:36","slug":"facciosismo-faz-de-lula-um-preso-politico","status":"publish","type":"post","link":"https:\/\/novaes-c-politico.com.br\/?p=4184","title":{"rendered":"FACCIOSISMO FEZ DE LULA UM PRESO POL\u00cdTICO"},"content":{"rendered":"<p style=\"text-align: right;\">Carlos Novaes, 08 de julho de 2018<\/p>\n<p style=\"text-align: right;\"><strong>[<\/strong>Com acr\u00e9scimos em <strong>09\/07 <\/strong>e em<strong> 10\/07,<\/strong> em<strong> Fica o Registro]<\/strong><\/p>\n<p>Como <a href=\"http:\/\/novaes-c-politico.com.br\/?p=3510\">j\u00e1 dito<\/a>, de<a href=\"http:\/\/novaes-c-politico.com.br\/?p=3528\">talhado<\/a> e <a href=\"http:\/\/novaes-c-politico.com.br\/?p=3843\">explicado<\/a>: embora n\u00e3o tenha <a href=\"http:\/\/novaes-c-politico.com.br\/?p=2777\">nenhuma simpatia<\/a> pol\u00edtica por Lula, entendo que a condena\u00e7\u00e3o que o levou \u00e0 pris\u00e3o foi exarada sem provas. A pris\u00e3o dele foi uma decorr\u00eancia n\u00e3o do funcionamento da Justi\u00e7a, mas do fato de que Lula chefia uma fac\u00e7\u00e3o estatal que foi desalojada da condi\u00e7\u00e3o de protagonista no <em>exerc\u00edcio faccioso dos poderes institucionais<\/em> pela a\u00e7\u00e3o convergente das fac\u00e7\u00f5es concorrentes no \u00e2mbito desse teatro de opera\u00e7\u00f5es em que a Lava Jato se transformou <a href=\"http:\/\/novaes-c-politico.com.br\/?p=2976\">faz tempo<\/a>. Por isso mesmo, todo o esfor\u00e7o de Lula e dos <em>lulopetistas<\/em> que sabem o que est\u00e3o fazendo est\u00e1 voltado n\u00e3o para transformar o Brasil, mas para voltarem \u00e0 condi\u00e7\u00e3o de protagonistas no exerc\u00edcio do mando em nosso <a href=\"http:\/\/novaes-c-politico.com.br\/?p=2761\">Estado de Direito Autorit\u00e1rio<\/a>, como ficou claro nas circunst\u00e2ncias em que se deu a pris\u00e3o do petista, discutidas <a href=\"http:\/\/novaes-c-politico.com.br\/?p=3945\">aqui<\/a> e <a href=\"http:\/\/novaes-c-politico.com.br\/?p=3972\">aqui<\/a>.<\/p>\n<p>Diante desse esfor\u00e7o do <em>lulopetismo<\/em>, as fac\u00e7\u00f5es advers\u00e1rias t\u00eam rea\u00e7\u00f5es diferentes, conforme tenham mais ou menos raz\u00f5es para temer que Lula tenha \u00eaxito. As fac\u00e7\u00f5es mais orientadas pelos interesses eleitorais tucanos atuam de modo a manter Lula na pris\u00e3o, temendo mais os preju\u00edzos eleitorais de uma volta dele ao cen\u00e1rio do que os preju\u00edzos evidentes infligidos ao pa\u00eds por uma pris\u00e3o assim arbitr\u00e1ria. As fac\u00e7\u00f5es que sabem poder compor eleitoralmente com Lula, nas quais o <a href=\"http:\/\/novaes-c-politico.com.br\/?p=1260\">p-MDB<\/a> tem papel articulador, t\u00eam dado sinais crescentes, embora n\u00e3o un\u00e2nimes, de que aceitariam um rearranjo em torno do petista.<\/p>\n<p>Girando para al\u00e9m do eixo propriamente eleitoral, bra\u00e7os mais ajuizados das <a href=\"http:\/\/novaes-c-politico.com.br\/?p=3751\">fac\u00e7\u00f5es estatais<\/a> est\u00e3o cientes n\u00e3o apenas de que a <a href=\"http:\/\/novaes-c-politico.com.br\/?p=4087\">elei\u00e7\u00e3o programada<\/a>, tenha o resultado que tenha, n\u00e3o resolver\u00e1 <a href=\"http:\/\/novaes-c-politico.com.br\/?p=3631\">a crise de legitima\u00e7\u00e3o do Estado<\/a>, mas tamb\u00e9m de que a situa\u00e7\u00e3o de Lula fragiliza ainda mais o exerc\u00edcio faccioso dos poderes institucionais. E isso por duas raz\u00f5es: primeiro, Lula preso mant\u00e9m na ordem do dia a exig\u00eancia de que outros implicados tamb\u00e9m sejam presos, o que impede a reestabiliza\u00e7\u00e3o do arranjo mais geral; segundo, a for\u00e7a do prest\u00edgio de Lula, revigorada pela pris\u00e3o sem provas, torna imposs\u00edvel simular para a sociedade, sem a participa\u00e7\u00e3o do petista, que a crise de legitima\u00e7\u00e3o do Estado foi superada.<\/p>\n<p>Em outras palavras, para os facciosos que querem manter o <em>status quo<\/em> e t\u00eam ju\u00edzo o impeachment deu t\u00e3o errado que o ideal, agora, seria poder voltar \u00e0 situa\u00e7\u00e3o pr\u00e9-eleitoral de 2014: tentar a sorte optando por se alinhar contra ou ao lado de Lula, buscando os arranjos de poder que a escolha implicar (tal como teria sido poss\u00edvel se Lula tivesse <a href=\"http:\/\/novaes-c-politico.com.br\/?p=2403\">assumido a Casa Civil<\/a> sob Dilma). S\u00e3o essas circunst\u00e2ncias complexas e os c\u00e1lculos n\u00e3o menos complexos delas decorrentes que explicam sejam as decis\u00f5es em s\u00e9rie da <a href=\"http:\/\/novaes-c-politico.com.br\/?p=3220\">maioria facciosa da segunda turma do STF<\/a>, determinada a tamponar as vias transformadoras que foram abertas contra o autoritarismo do Estado de direito brasileiro; sejam as movimenta\u00e7\u00f5es dos militares, que n\u00e3o est\u00e3o dispostos a \u201cmatar os 30 mil\u201d do Bolsonaro para manter vantagens que podem conservar se repavimentarem as pontes com Lula; seja a concatena\u00e7\u00e3o facciosa escancarada entre Fachin, TRF-4 e Moro, que insistem em manter um programa m\u00e1ximo <a href=\"http:\/\/novaes-c-politico.com.br\/?p=3040\">unilateral<\/a> que torna uma piada de mau gosto o que quer que se possa entender com uma causa republicana.<\/p>\n<p>A movimenta\u00e7\u00e3o ocorrida neste domingo em torno do <em>habeas corpus<\/em> de Lula deve ser examinada \u00e0 luz do entendimento exposto acima. A fren\u00e9tica concatena\u00e7\u00e3o entre Moro e o TRF-4 escancara uma articula\u00e7\u00e3o facciosa que j\u00e1 fora poss\u00edvel perceber quando Fachin recebeu celeremente do mesmo TRF-4, como que por encomenda, a decis\u00e3o que lhe permitiu evitar a vota\u00e7\u00e3o de um pedido de soltura de Lula na mesma segunda Turma. Como a decis\u00e3o de soltar Lula tamb\u00e9m foi facciosa, a conflagra\u00e7\u00e3o das fac\u00e7\u00f5es estatais atingiu um ponto que torna rid\u00edculo que algu\u00e9m ainda fale em Estado democr\u00e1tico de direito, como fazem as fac\u00e7\u00f5es em disputa, cada uma reivindicando sua pr\u00f3pria causa como um resgate ou afirma\u00e7\u00e3o dessa quimera.<\/p>\n<p>Como quer que voc\u00ea se alinhe, leitor, o fato \u00e9 que hoje Lula obteve um triunfo ineg\u00e1vel: viu explicitar-se para o observador recalcitrante a sua condi\u00e7\u00e3o de preso pol\u00edtico. A crise de legitima\u00e7\u00e3o s\u00f3 faz crescer, o que apequena a elei\u00e7\u00e3o e deixa cada vez mais clara a fraqueza dos candidatos \u00e0 presid\u00eancia.<\/p>\n<p><strong>Em 09\/07 &#8212; Fica o Registro:<\/strong><\/p>\n<ul>\n<li><strong>O tom predominante<\/strong> do que hoje aparece na m\u00eddia sobre esse epis\u00f3dio do <em>habeas corpus<\/em> do Lula \u00e9 o de que houve falha jur\u00eddica, trapalhada, palha\u00e7ada, atropelo de hierarquia, bizarrice, partidarismo jur\u00eddico e por a\u00ed vai:\u00a0 puro escapismo de quem n\u00e3o v\u00ea ou finge n\u00e3o ver a gravidade do que se passa no <a href=\"http:\/\/novaes-c-politico.com.br\/?p=4159\">Estado brasileiro<\/a>. Todas essas &#8220;an\u00e1lises&#8221; tem em comum o fato de se concentrarem improdutivamente na conduta particular dos personagens envolvidos (e, at\u00e9, no car\u00e1ter deles!), como se a enormidade do que se passa pudesse ser explicada pelas escolhas desses indiv\u00edduos, como se fosse poss\u00edvel n\u00e3o estabelecer conex\u00e3o direta entre esse epis\u00f3dio e todas as outras decis\u00f5es mais recentes no STF pr\u00f3 e contra Lula e outros r\u00e9us e suspeitos da Lava Jato, ou mesmo as mais recentes decis\u00f5es pestilentas do Congresso sobre agrot\u00f3xicos, ou ainda a manuten\u00e7\u00e3o de vantagens estatais para fac\u00e7\u00f5es estatais, como o aux\u00edlio-moradia aos ju\u00edzes &#8212; a crise tamb\u00e9m \u00e9 crise de legitima\u00e7\u00e3o ali onde as fac\u00e7\u00f5es enxergam oportunidades, leitor. Enfim, olhados em seu conjunto, esses embates nada t\u00eam de personalizados e deixam claro que est\u00e1 a ficar a cada dia mais aguda a\u00a0guerra de fac\u00e7\u00f5es no curso da crise de legitima\u00e7\u00e3o do nosso Estado de Direito Autorit\u00e1rio &#8212; como <a href=\"http:\/\/novaes-c-politico.com.br\/?p=2566\">j\u00e1 foi dito<\/a> h\u00e1 tempos, s\u00f3 na rua o Brasil tomar\u00e1 o rumo de um Estado de Direito Democr\u00e1tico.<\/li>\n<li><strong>10\/07 &#8212; Mais claro, nem por encomenda:<\/strong> a imprensa <a href=\"https:\/\/www1.folha.uol.com.br\/poder\/2018\/07\/petistas-pediram-habeas-corpus-para-lula-ao-saber-quem-era-juiz-plantonista.shtml\">traz<\/a> hoje relato detalhado de como deputados do PT, inclusive \u00e0 revelia da defesa t\u00e9cnica de Lula, agiram para exibir deliberadamente a guerra de <a href=\"http:\/\/novaes-c-politico.com.br\/?p=3751\">fac\u00e7\u00f5es estatais<\/a> em que se movem os\u00a0<em>lulopetistas<\/em>\u00a0e seus advers\u00e1rios, justificando inteiramente o texto publicado aqui quando Lula se entregou sem se fazer prender: <em><a href=\"http:\/\/novaes-c-politico.com.br\/?p=3972\">Lula dobrou sua aposta na guerra de fac\u00e7\u00f5es<\/a>.<\/em> Tal como as outras fac\u00e7\u00f5es, os <em>lulopetistas<\/em> tentam manejar a opini\u00e3o p\u00fablica que j\u00e1 \u00e9, e que pode vir a ser, favor\u00e1vel \u00e0 causa deles n\u00e3o para tir\u00e1-la da in\u00e9rcia, mas apenas para aumentar-lhes o cacife tanto na guerra faccional em si quanto nessa elei\u00e7\u00e3o rid\u00edcula, voltada a <a href=\"http:\/\/novaes-c-politico.com.br\/?p=3361\">simular a supera\u00e7\u00e3o da crise de legitima\u00e7\u00e3o<\/a> que engolfou a todas as fac\u00e7\u00f5es. Como \u00e9 pr\u00f3prio de situa\u00e7\u00f5es assim ag\u00f4nicas, em que a marca dos protagonistas \u00e9 a cegueira para o abismo em cuja borda est\u00e3o a dan\u00e7ar, essas fac\u00e7\u00f5es estatais n\u00e3o param de ver oportunidades ali onde abrem portas para o caos: as fac\u00e7\u00f5es no Judici\u00e1rio (<em>judica\u00e7\u00e3o<\/em>) querem incorporar o aux\u00edlio-moradia aos sal\u00e1rios; as fac\u00e7\u00f5es nos pres\u00eddios (<em>viola\u00e7\u00e3o<\/em>) se mostram mais sangrentas do que nunca em sua pr\u00f3pria luta por hegemonia; as fac\u00e7\u00f5es no Executivo (<em>gest\u00e3o<\/em>) prevaricam na selva e na cidade em troca de vantagens imediatas, pouco se lixando para o futuro (em que j\u00e1 estar\u00e3o mortos); e as fac\u00e7\u00f5es no Congresso (<em>representa\u00e7\u00e3o<\/em>) t\u00eam aprovado toda sorte de legisla\u00e7\u00e3o retr\u00f3grada e nociva, ao mesmo tempo em que se redistribuem entre as candidaturas presidenciais, garantindo interlocutores seguros por toda parte para, naturalmente, voltarem a se acertar depois das elei\u00e7\u00f5es no intuito de mostrar quem manda ao novo presidente da &#8220;Rep\u00fablica&#8221;, que docemente constrangido aceitar\u00e1 a canga &#8212; a menos que a maioria da sociedade se mexa.<\/li>\n<\/ul>\n","protected":false},"excerpt":{"rendered":"<p>Carlos Novaes, 08 de julho de 2018 [Com acr\u00e9scimos em 09\/07 e em 10\/07, em Fica o Registro] Como j\u00e1 dito, detalhado e explicado: embora n\u00e3o tenha nenhuma simpatia pol\u00edtica por Lula, entendo que a condena\u00e7\u00e3o que o levou \u00e0 pris\u00e3o foi exarada sem provas. A pris\u00e3o dele foi uma decorr\u00eancia n\u00e3o do funcionamento da [&hellip;]<\/p>\n","protected":false},"author":1338,"featured_media":0,"comment_status":"open","ping_status":"open","sticky":false,"template":"","format":"standard","meta":{"footnotes":""},"categories":[15,4],"tags":[],"class_list":["post-4184","post","type-post","status-publish","format-standard","hentry","category-a-crise-e-a-crise","category-eleicoes-de-2014"],"_links":{"self":[{"href":"https:\/\/novaes-c-politico.com.br\/index.php?rest_route=\/wp\/v2\/posts\/4184","targetHints":{"allow":["GET"]}}],"collection":[{"href":"https:\/\/novaes-c-politico.com.br\/index.php?rest_route=\/wp\/v2\/posts"}],"about":[{"href":"https:\/\/novaes-c-politico.com.br\/index.php?rest_route=\/wp\/v2\/types\/post"}],"author":[{"embeddable":true,"href":"https:\/\/novaes-c-politico.com.br\/index.php?rest_route=\/wp\/v2\/users\/1338"}],"replies":[{"embeddable":true,"href":"https:\/\/novaes-c-politico.com.br\/index.php?rest_route=%2Fwp%2Fv2%2Fcomments&post=4184"}],"version-history":[{"count":19,"href":"https:\/\/novaes-c-politico.com.br\/index.php?rest_route=\/wp\/v2\/posts\/4184\/revisions"}],"predecessor-version":[{"id":4222,"href":"https:\/\/novaes-c-politico.com.br\/index.php?rest_route=\/wp\/v2\/posts\/4184\/revisions\/4222"}],"wp:attachment":[{"href":"https:\/\/novaes-c-politico.com.br\/index.php?rest_route=%2Fwp%2Fv2%2Fmedia&parent=4184"}],"wp:term":[{"taxonomy":"category","embeddable":true,"href":"https:\/\/novaes-c-politico.com.br\/index.php?rest_route=%2Fwp%2Fv2%2Fcategories&post=4184"},{"taxonomy":"post_tag","embeddable":true,"href":"https:\/\/novaes-c-politico.com.br\/index.php?rest_route=%2Fwp%2Fv2%2Ftags&post=4184"}],"curies":[{"name":"wp","href":"https:\/\/api.w.org\/{rel}","templated":true}]}}