{"id":4534,"date":"2018-09-12T17:02:28","date_gmt":"2018-09-12T20:02:28","guid":{"rendered":"http:\/\/novaes-c-politico.com.br\/?p=4534"},"modified":"2018-09-15T15:54:43","modified_gmt":"2018-09-15T18:54:43","slug":"o-tempo-e-o-voto","status":"publish","type":"post","link":"https:\/\/novaes-c-politico.com.br\/?p=4534","title":{"rendered":"O TEMPO E O VOTO"},"content":{"rendered":"<p style=\"text-align: right;\">Carlos Novaes, 12 de setembro de 2018<\/p>\n<p style=\"text-align: right;\">[com acr\u00e9scimos em <strong>Fica o Registro<\/strong> \u00e0s 20:03h e em <strong>14\/09<\/strong>]<\/p>\n<p>O tempo talvez seja a vari\u00e1vel mais desafiadora para quem pretenda conquistar o voto. H\u00e1 a conex\u00e3o do tempo do eleitor com o tempo do pa\u00eds, que a tudo preside, e, depois, o tempo de pr\u00e9-campanha; o tempo de agenda do candidato; o tempo de campanha; o tempo cronometrado dos debates; o tempo da propaganda na TV; o tempo dispon\u00edvel na TV e, at\u00e9, o tempo para a transfer\u00eancia de votos. Nada f\u00e1cil.<\/p>\n<p>Saber ler o tempo do eleitor \u00e9 o desafio fundamental. Ele exige tanto o diagn\u00f3stico do tempo vivido pelo pa\u00eds quanto o conhecimento da posi\u00e7\u00e3o mais geral da maioria do eleitorado em rela\u00e7\u00e3o a esse tempo, uma posi\u00e7\u00e3o que varia segundo dois outros tempos: o tempo da <em>motiva\u00e7\u00e3o fraca (emocional)<\/em> e o tempo da <em>motiva\u00e7\u00e3o forte (racional)<\/em> para o voto, como detalhei <a href=\"http:\/\/novaes-c-politico.com.br\/?p=4371\">aqui<\/a>. Na pr\u00e9-campanha, \u00e9 preciso ouvir as preliminares do desenvolvimento dessas motiva\u00e7\u00f5es do eleitor para o voto, pegar no in\u00edcio e dialogar com o modo como ele vai ajustando sua <em>motiva\u00e7\u00e3o para o voto<\/em> ao tempo do pa\u00eds e \u00e0s suas posi\u00e7\u00f5es diante dele.<\/p>\n<p><strong>PR\u00c9-CAMPANHAS<\/strong><\/p>\n<p>O tempo da pr\u00e9-campanha j\u00e1 inclui o tempo de agenda do candidato: ele busca ouvir se tornando o mais vis\u00edvel poss\u00edvel. Nessa elei\u00e7\u00e3o presidencial, duas <strong>pr\u00e9-campanhas<\/strong> se destacaram, e s\u00e3o elas que vou explorar para ilustrar o papel desse tempo na disputa: a de Bolsonaro e a de Ciro. A de Bolsonaro por ter feito tudo certo; a de Ciro por ter feito tudo errado.<\/p>\n<p>No \u00e2mbito de suas limita\u00e7\u00f5es, Bolsonaro soube ler o tempo do pa\u00eds, um tempo de raiva, sem ser de revolta, porque \u00e9 uma raiva passiva, e, dada essa passividade, ainda um tempo em que o eleitor espera de <em>algu\u00e9m<\/em> uma solu\u00e7\u00e3o, n\u00e3o est\u00e1 ele pr\u00f3prio engajado na constru\u00e7\u00e3o de uma alternativa. Uma <em>solu\u00e7\u00e3o<\/em> \u00e9 como caf\u00e9 sol\u00favel, j\u00e1 vem pronta; uma <em>alternativa<\/em> requer que a gente se d\u00ea ao trabalho de construir.<\/p>\n<p>Bolsonaro se apresentou como o candidato da raiva, como algu\u00e9m que resolve na base de uma intoler\u00e2ncia dupla: contra o <em>sistema<\/em>, respons\u00e1vel por &#8220;tudo que est\u00e1 a\u00ed&#8221;, e contra a\u00a0<em>diferen\u00e7a<\/em>, fonte de amea\u00e7a a um modo de vida sonhado em padr\u00f5es conservadores. Depois dessa pr\u00e9-campanha, na qual explorou favoravelmente as <em>motiva\u00e7\u00f5es emocionais<\/em> do eleitor, Bolsonaro tem de fazer uma campanha que d\u00ea lastro <em>racional<\/em> \u00e0s emo\u00e7\u00f5es que <em>recebeu<\/em> em si.<\/p>\n<p>Seria dif\u00edcil desenhar uma pr\u00e9-campanha pior do que a de Ciro: numa fase em que a maioria do eleitorado ainda est\u00e1 desligada da elei\u00e7\u00e3o, e s\u00f3 sabe dela pelo ac\u00famulo de disparos ocasionais ou por ouvir dizer, ao inv\u00e9s de apresentar uma narrativa consistente sobre o tempo do pa\u00eds, da qual o eleitor fosse absorvendo, por qualquer de seus disparos, o mesmo n\u00facleo duro de mensagem, que seria retomado na campanha numa perspectiva de amarra\u00e7\u00e3o, Ciro disparou disparates e acumulou incertezas: em meio a atitudes agressivas, impaci\u00eancia, amea\u00e7as e bravatas contra Bolsonaro, dando-se ares de import\u00e2ncia (&#8220;se n\u00e3o for como quero, desisto&#8221;: o eterno garot\u00e3o precoce n\u00e3o reconhecido, aos 61 anos!) e distribuindo palavr\u00f5es, ele saiu de uma tentativa de alian\u00e7a com o PT para o empenho pelo apoio do Centr\u00e3o, depois de ter declarado uma rejei\u00e7\u00e3o vaga pelo p-MDB e enquanto tentava se unir ao PSB.<\/p>\n<p>Ou seja, Ciro tentou arranjos que n\u00e3o dialogavam com o tempo do pa\u00eds, pois n\u00e3o s\u00f3 reabilitavam for\u00e7as contra as quais o eleitor dirige sua raiva, como n\u00e3o faziam diferen\u00e7a entre fac\u00e7\u00f5es que o eleitor foi levado a colocar em lados opostos. Ficou sem apoio nenhum e com a merecida imagem de quem gera intranquilidade (que realimenta e parece explicar o fato de ter ficado sozinho). Depois dessa pr\u00e9-campanha, em que nutriu com emo\u00e7\u00f5es contraproducentes as <em>motiva\u00e7\u00f5es emocionais<\/em> do eleitor, em que fez promessas de embates com Bolsonaro que n\u00e3o se cumpriram, Ciro tem de fazer uma campanha que n\u00e3o s\u00f3 n\u00e3o herda nada de bom da pr\u00e9-campanha, como ainda tem que transpor os problemas que ele pr\u00f3prio <em>criou<\/em> para si.<\/p>\n<p><strong>CAMPANHAS<\/strong><\/p>\n<p>O tempo da campanha \u00e9 tamb\u00e9m o tempo dos debates e o tempo da propaganda eleitoral na TV. Ao contr\u00e1rio do que se difunde, n\u00e3o \u00e9 que os debates e a propaganda eleitoral assumam o comando do tempo do eleitor, levando-o a prestar aten\u00e7\u00e3o na elei\u00e7\u00e3o. N\u00e3o. Os debates e a propaganda eleitoral come\u00e7am nessa fase da campanha porque \u00e9 nela que o eleitor come\u00e7a a <em>pensar<\/em> sobre o voto. E <em>pensar<\/em>, aqui, significa partilhar opini\u00e3o, <a href=\"http:\/\/novaes-c-politico.com.br\/?p=3188\">conversar<\/a>. Em suma, \u00e9 o tempo do eleitor que comanda a campanha, \u00e9 o momento em que ele aloca aten\u00e7\u00e3o \u00e0 pol\u00edtica eleitoral que define a hora e o emprego dos tempos mais importantes: o dos debates e o da TV.<\/p>\n<p><strong>Bolsonaro<\/strong> <strong>ter\u00e1<\/strong> <strong>problemas<\/strong> para manter na campanha o apoio obtido na pr\u00e9-campanha n\u00e3o apenas porque n\u00e3o disp\u00f5e de tempo de TV, mas principalmente em raz\u00e3o da sua condi\u00e7\u00e3o de <a href=\"http:\/\/novaes-c-politico.com.br\/?p=3843\">marionete<\/a> das emo\u00e7\u00f5es alheias. Bolsonaro n\u00e3o disp\u00f5e de elementos para dirigir emo\u00e7\u00f5es, ele apenas as recebe em si. Seu pelot\u00e3o de recrutas dispersos em rede age individualmente e apenas segundo a emo\u00e7\u00e3o, n\u00e3o distingue fases na disputa eleitoral. Bolsonaro esteve desde sempre prisioneiro da condi\u00e7\u00e3o passiva da sua &#8220;lideran\u00e7a&#8221;.<\/p>\n<p>A situa\u00e7\u00e3o desfavor\u00e1vel se agravou com o atentato por\u00a0 quatro raz\u00f5es: primeiro, o golpe de faca exacerbou os \u00e2nimos e levou os recrutas a elevarem contraproducentemente o tom emocional num tempo que \u00e9 da raz\u00e3o (a nota forte \u00e9 a insist\u00eancia para forjar uma suposta conspira\u00e7\u00e3o contra seu candidato &#8212; uma conspira\u00e7\u00e3o na qual eles pr\u00f3prios precisam emocionalmente acreditar); segundo, sem a TV, que permitiria uma reorienta\u00e7\u00e3o de discurso (se \u00e9 que pretenderia uma reorienta\u00e7\u00e3o), Bolsonaro n\u00e3o pode tentar unificar sequer o discurso emocional; terceiro, a aus\u00eancia dele da cena eleitoral intensifica a disposi\u00e7\u00e3o para o <em>&#8220;deixa que eu resolvo&#8221;<\/em>, pr\u00f3pria de seus recrutas, atitude contr\u00e1ria a qualquer a\u00e7\u00e3o coordenada; quarto, na m\u00e3o contr\u00e1ria ao emocionalismo em suas hostes, Bolsonaro v\u00ea a alastrar-se o ju\u00edzo ponderado de que ele <a href=\"http:\/\/novaes-c-politico.com.br\/?p=4508\">&#8220;colheu o que plantou&#8221;<\/a>.<\/p>\n<p>Por tudo que conhe\u00e7o de elei\u00e7\u00e3o, salvo alguma grande mudan\u00e7a no comportamento do eleitor, ou uma soma de erros nas campanhas advers\u00e1rias, Bolsonaro ter\u00e1 dificuldades para passar ao segundo turno.<\/p>\n<p><strong>Ciro\u00a0tenta uma campanha<\/strong> de recupera\u00e7\u00e3o, na qual gasta um\u00a0tempo que se encurta para consertar o mau uso do tempo anterior. No debate mais recente, na Gazeta, ele se saiu bem justamente porque retomou a posi\u00e7\u00e3o que assumira l\u00e1 no in\u00edcio da pr\u00e9-campanha e, no curso dela, estranhamente abandonara: sem deixar de demarcar dist\u00e2ncia com o <em>lulopetismo<\/em>, apresentou-se solid\u00e1rio com Lula, dizendo-o v\u00edtima de uma condena\u00e7\u00e3o sem provas, e serenamente insistiu em suas propostas aut\u00f4nomas para enfrentar a crise, enquanto repudiava tanto o ataque a Bolsonaro quanto o que o ex-capit\u00e3o representa, ajudando o eleitor nessa hora em que ele \u00e9 levado a trocar a motiva\u00e7\u00e3o para o voto &#8212; faltou apenas dizer, por outras palavras, claro, que Bolsonaro &#8220;colheu o que plantou&#8221;.<\/p>\n<p>Ainda que o pouco tempo de TV seja um obst\u00e1culo importante, especialmente para quem usou t\u00e3o mal a pr\u00e9-campanha, contrariamente ao que <a href=\"http:\/\/novaes-c-politico.com.br\/?p=4223\">recentemente supus<\/a>, <strong><em>talvez<\/em> <\/strong>Ciro ainda possa ir ao segundo turno, ainda que isso j\u00e1 n\u00e3o dependa fundamentalmente dele, mas sim do eleitor motivado a votar em Lula.<\/p>\n<p><strong>Haddad \u00e9 ref\u00e9m<\/strong> de um outro tempo: o tempo da transfer\u00eancia de votos. Ao contr\u00e1rio do que dizem 11 de cada 10 analistas com espa\u00e7o na m\u00eddia convencional &#8212; e em situa\u00e7\u00e3o oposta \u00e0 de Ciro &#8212; o tempo de campanha que Haddad tem pela frente \u00e9 um problema para ele n\u00e3o por ser curto, mas por ser longo demais. Ali\u00e1s, n\u00e3o entendo como \u00e9 que esses analistas classificam como genial a estrat\u00e9gia de Lula (que procurou justamente encurtar ao m\u00e1ximo a exposi\u00e7\u00e3o de Haddad como candidato) e, ao mesmo tempo, apontam como problema o fato de o lan\u00e7amento tardio de Haddad deixa-lo com pouco tempo de campanha pela frente (quem tiver a solu\u00e7\u00e3o desse enigma, por favor, escreva para este blog). Voltemos.<\/p>\n<p>A estrat\u00e9gia de Lula s\u00f3 ter\u00e1 sido genial se a jornada emocional proposta por essa <a href=\"http:\/\/novaes-c-politico.com.br\/?p=4249\">telenovela<\/a> durar at\u00e9 o dia da elei\u00e7\u00e3o. Em outras palavras, ao abrir m\u00e3o de construir a transfer\u00eancia <a href=\"http:\/\/novaes-c-politico.com.br\/?p=4068\">junto com o eleitor<\/a>, promovendo o engajamento racional dele na op\u00e7\u00e3o por Haddad desde l\u00e1 de tr\u00e1s, Lula apostou tudo em si mesmo, na sua condi\u00e7\u00e3o de <a href=\"http:\/\/novaes-c-politico.com.br\/?p=4184\">v\u00edtima<\/a>. \u00c9 por isso que a campanha \u00e9 longa demais para Haddad, pois d\u00e1 tempo para que &#8212; numa hora em que tudo o que resta \u00e9 a imagem de Lula na pris\u00e3o &#8212; se quebre a solda emocional do eleitor com Lula, <a href=\"http:\/\/novaes-c-politico.com.br\/?p=4306\">expondo Haddad<\/a> aos verdadeiros desafios de uma disputa eleitoral: se desvencilhar das cr\u00edticas represadas contra Lula, Dilma e o PT e, ao mesmo tempo, se apresentar de maneira cr\u00edvel, vale dizer, racional, como algu\u00e9m que pode conduzir o pa\u00eds a dias melhores, indo muito al\u00e9m da condi\u00e7\u00e3o de portador passivo de uma <em>repara\u00e7\u00e3o<\/em>.<\/p>\n<p>O que falta a Haddad n\u00e3o \u00e9 tempo para ficar conhecido, ou para que o eleitor de Lula descubra que <em>&#8220;agora \u00e9 Haddad&#8221;<\/em>. Isso se resolve r\u00e1pido, se \u00e9 que j\u00e1 n\u00e3o foi resolvido. O que sobra como problema \u00e9 o tempo que Haddad tem pela frente para se esconder do escrut\u00ednio do eleitor a respeito do que ele representa, a come\u00e7ar pela sua condi\u00e7\u00e3o de marionete, que Lula fez quest\u00e3o de enfatizar at\u00e9 na carta que escreveu para fazer a transfer\u00eancia do bast\u00e3o, falando em <em>&#8220;representante&#8221;<\/em> e em <em>&#8220;governar junto&#8221;<\/em>. Na verdade, Lula passou o bast\u00e3o mas continua agarrado na outra ponta, a essa altura mais atrapalhando do que ajudando o subsequente companheiro de corrida (o ex-presidente <a href=\"http:\/\/novaes-c-politico.com.br\/?p=21\">continua a achar<\/a> que ele \u00e9 o m\u00e1ximo a que a autointitulada esquerda pode aspirar, e n\u00e3o est\u00e1 t\u00e3o senhor assim das suas emo\u00e7\u00f5es&#8230;).<\/p>\n<p>A condi\u00e7\u00e3o de marionete com base emocional conecta Haddad a Bolsonaro, e as <a href=\"http:\/\/novaes-c-politico.com.br\/?p=4344\">dificuldades de ambos<\/a> para passarem ao segundo turno n\u00e3o s\u00e3o menos conexas. Os obst\u00e1culos enfrentados por Bolsonaro para reter eleitores s\u00e3o os mesmos que Haddad enfrenta para ganhar eleitores. De modo que o destino eleitoral de Haddad <a href=\"http:\/\/novaes-c-politico.com.br\/?p=4476\">depende<\/a>, em parte, do destino de Bolsonaro, ambos atolados no p\u00e2ntano das emo\u00e7\u00f5es. E Bolsonaro tem um advers\u00e1rio poderoso.<\/p>\n<p><strong>Alckmin definiu um rumo<\/strong> desde o tempo da pr\u00e9-campanha e, acertadamente, persevera nele nessa nova fase. Para o tucano, o tempo de campanha \u00e9 suficiente, e o tempo de TV muito favor\u00e1vel. O problema \u00e9 que o rumo definido n\u00e3o apenas \u00e9 desprovido de emo\u00e7\u00e3o, como contraria frontalmente as emo\u00e7\u00f5es afloradas na pr\u00e9-campanha, nas quais Lula e Bolsonaro surfaram. Alckmin \u00e9 a cara do sistema e expressa o que h\u00e1 de elitismo anti-social na pol\u00edtica, como acabo de explicar detalhadamente <a href=\"http:\/\/novaes-c-politico.com.br\/?p=4463\">aqui<\/a>.<\/p>\n<p>Mas Alckmin disp\u00f5e de muito tempo na TV para dialogar com o tempo do eleitor, que tem raiva, mas tamb\u00e9m pensa e tem medo. Alckmin \u00e9 quem mais pode tirar proveito do atentado contra Bolsonaro, e tem buscado isso, mas sem a \u00eanfase e a criatividade que a situa\u00e7\u00e3o &#8220;colheu o que plantou&#8221; enseja e, at\u00e9, exige.<\/p>\n<p>Se, tal como em todas as elei\u00e7\u00f5es presidenciais anteriores, os eleitores, nessa reta final, forem trocando a emo\u00e7\u00e3o pela raz\u00e3o, al\u00e9m de tirar eleitores de Bolsonaro, o tucano tamb\u00e9m poder\u00e1 desviar alguns de outros candidatos, desde que o perfil deles n\u00e3o se choque frontalmente com o seu. Afinal, para uma e outra dessas outras candidaturas nunca houve tempo bom: elas jamais tiveram clareza de prop\u00f3sitos ao p\u00f4r a cara no vento que o tempo pode levar na dire\u00e7\u00e3o do voto &#8212; se tudo o que \u00e9 s\u00f3lido acaba por se desmanchar ao vento, o que n\u00e3o dizer de tudo o que sempre foi vago?<\/p>\n<p><strong>[\u00e0s 20:03h] Fica o Registro:<\/strong><\/p>\n<ul>\n<li><strong>A situa\u00e7\u00e3o abomin\u00e1vel vivida pela advogada Val\u00e9ria L\u00facia dos Santos<\/strong>, do Rio, precisa ser conhecida por todos. Quem quiser mais informa\u00e7\u00f5es sobre essa mulher not\u00e1vel, leia <a href=\"https:\/\/www1.folha.uol.com.br\/cotidiano\/2018\/09\/o-estado-e-racista-mas-se-falo-isso-e-mimimi-diz-advogada-algemada-no-rio.shtml\">aqui<\/a>. Fa\u00e7o uma sugest\u00e3o: quem \u00e9 capaz de tomar as provid\u00eancias t\u00e9cnicas, organize uma vaquinha para que ela possa ir ver os filhos nos EUA, afinal, n\u00e3o seria nenhuma fortuna.<\/li>\n<li><strong>[14\/09] &#8211; Ciro n\u00e3o tem conserto:<\/strong> suas <a href=\"https:\/\/piaui.folha.uol.com.br\/ciro-queima-pontes-com-o-exercito\/\">declara\u00e7\u00f5es<\/a> sobre a entrevista de Villas B\u00f4as s\u00e3o um desastre, e n\u00e3o porque atrapalhem as rela\u00e7\u00f5es dele com os militares &#8212; \u00e9 que, embora na dire\u00e7\u00e3o correta, a manifesta\u00e7\u00e3o de Ciro veio no linguajar de boteco que rep\u00f5e os problemas criados na pr\u00e9-campanha e o descredenciam como candidato para setores com os quais teria de dialogar para tentar ir ao segundo turno cavando um caminho entre Haddad e Bolsonaro. \u00c9 um imaturo irremedi\u00e1vel: ao inv\u00e9s de fazer pol\u00edtica, est\u00e1 sempre\u00a0egocentricamente se medindo com todo mundo.<\/li>\n<\/ul>\n","protected":false},"excerpt":{"rendered":"<p>Carlos Novaes, 12 de setembro de 2018 [com acr\u00e9scimos em Fica o Registro \u00e0s 20:03h e em 14\/09] O tempo talvez seja a vari\u00e1vel mais desafiadora para quem pretenda conquistar o voto. H\u00e1 a conex\u00e3o do tempo do eleitor com o tempo do pa\u00eds, que a tudo preside, e, depois, o tempo de pr\u00e9-campanha; o [&hellip;]<\/p>\n","protected":false},"author":1338,"featured_media":0,"comment_status":"open","ping_status":"open","sticky":false,"template":"","format":"standard","meta":{"footnotes":""},"categories":[4],"tags":[],"class_list":["post-4534","post","type-post","status-publish","format-standard","hentry","category-eleicoes-de-2014"],"_links":{"self":[{"href":"https:\/\/novaes-c-politico.com.br\/index.php?rest_route=\/wp\/v2\/posts\/4534","targetHints":{"allow":["GET"]}}],"collection":[{"href":"https:\/\/novaes-c-politico.com.br\/index.php?rest_route=\/wp\/v2\/posts"}],"about":[{"href":"https:\/\/novaes-c-politico.com.br\/index.php?rest_route=\/wp\/v2\/types\/post"}],"author":[{"embeddable":true,"href":"https:\/\/novaes-c-politico.com.br\/index.php?rest_route=\/wp\/v2\/users\/1338"}],"replies":[{"embeddable":true,"href":"https:\/\/novaes-c-politico.com.br\/index.php?rest_route=%2Fwp%2Fv2%2Fcomments&post=4534"}],"version-history":[{"count":49,"href":"https:\/\/novaes-c-politico.com.br\/index.php?rest_route=\/wp\/v2\/posts\/4534\/revisions"}],"predecessor-version":[{"id":4612,"href":"https:\/\/novaes-c-politico.com.br\/index.php?rest_route=\/wp\/v2\/posts\/4534\/revisions\/4612"}],"wp:attachment":[{"href":"https:\/\/novaes-c-politico.com.br\/index.php?rest_route=%2Fwp%2Fv2%2Fmedia&parent=4534"}],"wp:term":[{"taxonomy":"category","embeddable":true,"href":"https:\/\/novaes-c-politico.com.br\/index.php?rest_route=%2Fwp%2Fv2%2Fcategories&post=4534"},{"taxonomy":"post_tag","embeddable":true,"href":"https:\/\/novaes-c-politico.com.br\/index.php?rest_route=%2Fwp%2Fv2%2Ftags&post=4534"}],"curies":[{"name":"wp","href":"https:\/\/api.w.org\/{rel}","templated":true}]}}