{"id":49,"date":"2013-08-21T18:45:47","date_gmt":"2013-08-21T18:45:47","guid":{"rendered":"http:\/\/novaes-c-politico.com.br\/?p=49"},"modified":"2013-09-07T19:08:42","modified_gmt":"2013-09-07T19:08:42","slug":"pesquisa-da-oab-da-carne-a-lobo-em-pele-de-cordeiro","status":"publish","type":"post","link":"https:\/\/novaes-c-politico.com.br\/?p=49","title":{"rendered":"PESQUISA DA OAB D\u00c1 CARNE A LOBO EM PELE DE CORDEIRO"},"content":{"rendered":"<p align=\"right\"><span style=\"line-height: 1.714285714; font-size: 1rem;\">Carlos Novaes, agosto de 2013<\/span><span style=\"line-height: 1.714285714; font-size: 1rem;\">\u00a0<\/span><\/p>\n<p>Pesquisa IBOPE encomendada pela OAB mostra o que todos sabemos: as pessoas querem mudan\u00e7as o mais r\u00e1pido poss\u00edvel, sempre. No caso da reforma pol\u00edtica, o cidad\u00e3o quer a mudan\u00e7a valendo j\u00e1 para 2014 porque est\u00e1 insatisfeito e revoltado com nosso modelo de representa\u00e7\u00e3o. Mas \u00e9 justamente a urg\u00eancia sa\u00edda dessa insatisfa\u00e7\u00e3o e dessa revolta que cria o ambiente ideal para os pescadores de \u00e1guas turvas, que querem aproveitar o momento para alterar as regras do jogo em seu favor como se estivessem dando uma resposta efetiva \u00e0 indigna\u00e7\u00e3o que tomou as ruas do pa\u00eds.<\/p>\n<p>Para valer em 2014, qualquer mudan\u00e7a tem de ser proposta, discutida e votada no Congresso em menos de dois meses. N\u00e3o \u00e9 preciso pensar muito para concluir que todo aquele que defende isso tem de considerar dispens\u00e1vel a participa\u00e7\u00e3o popular no debate. Mais uma vez, tudo se passa nos moldes e sob o tac\u00e3o da pol\u00edtica dos profissionais no Brasil dos doutores: alguns sabem o que \u00e9 bom e o povo atrapalha a a\u00e7\u00e3o eficaz e salvadora dos engenheiros institucionais. Na melhor das hip\u00f3teses, tem gente confundindo coleta de assinaturas inscientes com ades\u00e3o informada ao que quer que seja.<\/p>\n<p>O voto em listas partid\u00e1rias fechadas vai diminuir o direito de mudar do cidad\u00e3o e \u00e9 uma <a title=\"Reforma contra Mudan\u00e7a - Mai-2009\" href=\"http:\/\/novaes-c-politico.com.br\/?p=46\">trai\u00e7\u00e3o \u00e0 vontade de mudan\u00e7a<\/a><i><\/i>.<\/p>\n<p>As pessoas t\u00eam sido levadas a achar que o defeito do nosso sistema de representa\u00e7\u00e3o est\u00e1 no fato de escolherem segundo candidaturas individuais, nas chamadas listas abertas. \u00c9 natural que na aus\u00eancia de debates elas n\u00e3o tenham podido refletir sobre <i><span style=\"text-decoration: underline;\">tudo o que perdem<\/span><\/i> ao n\u00e3o poderem mais escolher o nome da sua prefer\u00eancia. Al\u00e9m disso, a aus\u00eancia de debate esconde o verdadeiro problema: a exist\u00eancia de <a title=\"S\u00f3 4 J\u00e1 - representa\u00e7\u00e3o n\u00e3o \u00e9 profiss\u00e3o - Jun-2013\" href=\"http:\/\/novaes-c-politico.com.br\/?p=115\">pol\u00edticos profissionais<\/a> que podem se reeleger infinitamente para os legislativos<i><\/i>.<\/p>\n<p>O voto em lista fechada tira poder do eleitor e d\u00e1 mais poder aos dirigentes dos partidos \u2013 quem ganha com a lista fechada \u00e9 quem j\u00e1 manda no sistema pol\u00edtico partid\u00e1rio brasileiro, n\u00e3o voc\u00ea, pois os profissionais da pol\u00edtica ficam ainda mais fortes para evitar mudan\u00e7as que ameacem esse seu dom\u00ednio (com a tal lista o eleitor perde ou v\u00ea restringido o poder de interferir na composi\u00e7\u00e3o <i>individual<\/i> do feixe de for\u00e7as que constitu\u00ed a representa\u00e7\u00e3o pol\u00edtica).<\/p>\n<p><b><i><span style=\"text-decoration: underline;\">Se para o eleitor j\u00e1 \u00e9 dif\u00edcil cobrar e fiscalizar pol\u00edticos individuais, imagine-se como n\u00e3o ser\u00e1 dif\u00edcil encontr\u00e1-los depois da elei\u00e7\u00e3o, se at\u00e9 na hora da escolha eles j\u00e1 estiverem escondidos na lista!?<\/span><\/i><\/b><\/p>\n<p>A lista fechada n\u00e3o vai tornar mais program\u00e1ticos os partidos, que, n\u00e3o obstante, <a title=\"Areia nos olhos do cidad\u00e3o - Mai-2011\" href=\"http:\/\/novaes-c-politico.com.br\/?p=39\">s\u00e3o fortes<\/a>. Imersos na mesma cultura pol\u00edtica n\u00e3o program\u00e1tica em que vivemos, os partidos ser\u00e3o dirigidos pelos mesmos pol\u00edticos n\u00e3o program\u00e1ticos que conhecemos, com a mesma for\u00e7a tenaz que nos infelicita. Ou seja, a atua\u00e7\u00e3o pol\u00edtica segundo programas (algo em desaparecimento em todo o mundo) n\u00e3o tem qualquer rela\u00e7\u00e3o com o mecanismo segundo o qual o eleitor vota &#8211; basta olhar a pol\u00edtica infeliz dos pa\u00edses em que se vota nos mais variados modelos de lista. Essa alegada rela\u00e7\u00e3o aparece ora por ignor\u00e2ncia, ora por oportunismo, para persuadir a opini\u00e3o p\u00fablica, pois o eleitor m\u00e9dio sonha com um mundo \u201cmais program\u00e1tico\u201d.<\/p>\n<p>Dar o voto para uma lista de nomes n\u00e3o vai levar os nomes dessa lista a agirem segundo programa algum, eles v\u00e3o continuar agindo exatamente como agem em seus mandatos atuais.<\/p>\n<p>H\u00e1 quem diga que as campanhas v\u00e3o mudar para melhor, pois ao inv\u00e9s de pedir o voto para si, os candidatos devem convencer os eleitores a votar no partido deles. Essa cren\u00e7a \u00e9 ilus\u00f3ria. Na verdade, os candidatos v\u00e3o fazer o que sempre fizeram: v\u00e3o imprimir propaganda com o seu retratinho e pedir ao eleitor &#8220;vota nessa lista aqui porque eu estou nela&#8221; &#8211; o resto fica igualzinho&#8230; Por que ele se daria ao trabalho de explicar e defender o partido se atualmente ele n\u00e3o faz isso? \u00a0Defender e explicar o que pensam os partidos n\u00e3o se obt\u00e9m com mudan\u00e7a no modo de o eleitor votar, muito menos diminuindo seus graus de liberdade. Seria necess\u00e1rio, primeiro, que os partidos dos pol\u00edticos profissionais tivessem o que dizer!<\/p>\n","protected":false},"excerpt":{"rendered":"<p>Carlos Novaes, agosto de 2013\u00a0 Pesquisa IBOPE encomendada pela OAB mostra o que todos sabemos: as pessoas querem mudan\u00e7as o mais r\u00e1pido poss\u00edvel, sempre. No caso da reforma pol\u00edtica, o cidad\u00e3o quer a mudan\u00e7a valendo j\u00e1 para 2014 porque est\u00e1 insatisfeito e revoltado com nosso modelo de representa\u00e7\u00e3o. Mas \u00e9 justamente a urg\u00eancia sa\u00edda dessa [&hellip;]<\/p>\n","protected":false},"author":1338,"featured_media":0,"comment_status":"open","ping_status":"open","sticky":false,"template":"","format":"standard","meta":{"footnotes":""},"categories":[3],"tags":[],"class_list":["post-49","post","type-post","status-publish","format-standard","hentry","category-reforma-politica"],"_links":{"self":[{"href":"https:\/\/novaes-c-politico.com.br\/index.php?rest_route=\/wp\/v2\/posts\/49","targetHints":{"allow":["GET"]}}],"collection":[{"href":"https:\/\/novaes-c-politico.com.br\/index.php?rest_route=\/wp\/v2\/posts"}],"about":[{"href":"https:\/\/novaes-c-politico.com.br\/index.php?rest_route=\/wp\/v2\/types\/post"}],"author":[{"embeddable":true,"href":"https:\/\/novaes-c-politico.com.br\/index.php?rest_route=\/wp\/v2\/users\/1338"}],"replies":[{"embeddable":true,"href":"https:\/\/novaes-c-politico.com.br\/index.php?rest_route=%2Fwp%2Fv2%2Fcomments&post=49"}],"version-history":[{"count":10,"href":"https:\/\/novaes-c-politico.com.br\/index.php?rest_route=\/wp\/v2\/posts\/49\/revisions"}],"predecessor-version":[{"id":111,"href":"https:\/\/novaes-c-politico.com.br\/index.php?rest_route=\/wp\/v2\/posts\/49\/revisions\/111"}],"wp:attachment":[{"href":"https:\/\/novaes-c-politico.com.br\/index.php?rest_route=%2Fwp%2Fv2%2Fmedia&parent=49"}],"wp:term":[{"taxonomy":"category","embeddable":true,"href":"https:\/\/novaes-c-politico.com.br\/index.php?rest_route=%2Fwp%2Fv2%2Fcategories&post=49"},{"taxonomy":"post_tag","embeddable":true,"href":"https:\/\/novaes-c-politico.com.br\/index.php?rest_route=%2Fwp%2Fv2%2Ftags&post=49"}],"curies":[{"name":"wp","href":"https:\/\/api.w.org\/{rel}","templated":true}]}}