{"id":5808,"date":"2021-08-23T19:59:14","date_gmt":"2021-08-23T22:59:14","guid":{"rendered":"http:\/\/novaes-c-politico.com.br\/?p=5808"},"modified":"2021-08-25T13:30:31","modified_gmt":"2021-08-25T16:30:31","slug":"desmoralizacao-com-data-marcada-8-de-setembro","status":"publish","type":"post","link":"https:\/\/novaes-c-politico.com.br\/?p=5808","title":{"rendered":"DESMORALIZA\u00c7\u00c3O COM DATA MARCADA: 8 DE SETEMBRO"},"content":{"rendered":"\n<p class=\"has-text-align-right\">Carlos Novaes, 23 de agosto de 2021<\/p>\n\n\n\n<p class=\"has-text-align-right\">Com acr\u00e9scimos na se\u00e7\u00e3o <strong>Fica o Registro<\/strong>, em 25\/08, \u00e0s 13:05h<\/p>\n\n\n\n<p>Recupere na mem\u00f3ria, leitor, toda a trajet\u00f3ria das iniciativas de for\u00e7a de Bolsonaro desde que ele planejou instalar bombas quando era tenente, passando pelo <em>\u201cacabou, porra!\u201d<\/em> de 2020, at\u00e9 o <em>\u201csem <a href=\"http:\/\/novaes-c-politico.com.br\/?p=5762\" data-type=\"post\" data-id=\"5762\">voto impresso<\/a> n\u00e3o vai ter elei\u00e7\u00e3o\u201d<\/em>, e me diga: em qual dessas situa\u00e7\u00f5es Bolsonaro se aproximou do seu objetivo? De qual dessas tentativas de autoafirma\u00e7\u00e3o ele saiu mais forte do que entrou? Pois \u00e9, de &nbsp;n e n h u m a!  A hist\u00f3ria desse voluntarioso \u00e9 uma trajet\u00f3ria de fracassos com o enriquecimento que premia os espertos \u2013 \u00e9 tamb\u00e9m por isso que ele re\u00fane em apoio a si esse vasto contingente de recalcados, mesmo quando endinheirados. O fato de ele ter vencido a elei\u00e7\u00e3o presidencial \u00e9 prova da <a href=\"http:\/\/novaes-c-politico.com.br\/?p=4689\" data-type=\"post\" data-id=\"4689\">desorienta\u00e7\u00e3o brasileira<\/a> diante de seus desafios, n\u00e3o de supostas qualidades deste imbecil.<\/p>\n\n\n\n<p>Ao se deixar arrastar para mobiliza\u00e7\u00e3o decisiva (mais uma&#8230;) da sua minoria , Bolsonaro \u00e9 o gato que colocou o guizo no pr\u00f3prio pesco\u00e7o e, de antem\u00e3o, <a href=\"http:\/\/novaes-c-politico.com.br\/?p=5802\" data-type=\"post\" data-id=\"5802\">deu forma de blefe<\/a> a mais essa tentativa de golpe. Veja bem, leitor: por mais <a href=\"http:\/\/novaes-c-politico.com.br\/?p=5389\" data-type=\"post\" data-id=\"5389\">arrua\u00e7as<\/a> que venham a fazer no dia 7, o dia seguinte ser\u00e1 o do prosseguimento da vida como tem sido. Bolsonaro n\u00e3o re\u00fane nenhuma condi\u00e7\u00e3o para dar um golpe e derrubar o <a href=\"http:\/\/novaes-c-politico.com.br\/?p=2761\" data-type=\"post\" data-id=\"2761\">Estado de Direito Autorit\u00e1rio<\/a>:<\/p>\n\n\n\n<p>&#8211; seria um <em><a href=\"http:\/\/novaes-c-politico.com.br\/?p=5448\" data-type=\"post\" data-id=\"5448\">golpe a favor<\/a><\/em> de quem j\u00e1 ocupa o poder com perda crescente de apoio por sua desastrosa (des)governan\u00e7a. Testado e reprovado, Bolsonaro j\u00e1 nada pode prometer. Quer dizer: est\u00e1 evidente que um Bolsonaro <a href=\"http:\/\/novaes-c-politico.com.br\/?p=5685\" data-type=\"post\" data-id=\"5685\">sem encantos<\/a> quer poderes ilimitados para provocar ainda mais danos;<\/p>\n\n\n\n<p>&#8211; seria um golpe contra a prefer\u00eancia da maioria da sociedade brasileira pela democracia;<\/p>\n\n\n\n<p>&#8211; seria um golpe contra os interesses das fac\u00e7\u00f5es que, de costas para a maioria da sociedade, ocupam e atuam com desenvoltura no Estado de Direito Autorit\u00e1rio;<\/p>\n\n\n\n<p>&#8211; seria um golpe condenado ao isolamento internacional;<\/p>\n\n\n\n<p>&#8211; seria um golpe que atrapalharia a frui\u00e7\u00e3o do que as for\u00e7as de estado armadas j\u00e1 desfrutam. No caso das FFAA, h\u00e1 rotinas e privil\u00e9gios aos quais um golpe <em>por<\/em> Bolsonaro n\u00e3o beneficiaria; no caso das PMs, al\u00e9m das rotinas e privil\u00e9gios de que desfrutam os oficiais (especialmente quando d\u00e3o baixa&#8230;), h\u00e1 a crescente expans\u00e3o para atividades administrativas (por exemplo: seus soldados s\u00e3o, hoje, os atendentes de telefonia com o treinamento e os custos salariais mais caros do mundo! \u2013 obra do Estado de Direito Autorit\u00e1rio que Bolsonaro quer derrubar com um golpe);<\/p>\n\n\n\n<p>Todo o frenesi da movimenta\u00e7\u00e3o pol\u00edtica convencional se orienta n\u00e3o pelo dia 7 de setembro de 2021, mas pelo dia 02 de outubro de 2022. O calend\u00e1rio eleitoral \u00e9 o horizonte de qualquer pol\u00edtico profissional com um entendimento m\u00ednimo do que se passa:<\/p>\n\n\n\n<p>&#8211; Foi um presente para D\u00f3ria que um comandante regional da PM de SP tenha feito a tolice de convocar ades\u00e3o \u00e0 manifesta\u00e7\u00e3o de Bolsonaro, pois isso permitiu ao bolsonarista arrependido, que deve sua vit\u00f3ria em 2018 a Bolsonaro, posar de democrata decidido em cima dessa minoria obtusa que n\u00e3o consegue medir o quanto \u00e9 fraca (o caga\u00e7o real em que muitos governadores vivem vem da precariedade que sentem existir em sua pr\u00f3pria condi\u00e7\u00e3o de mando, afinal, eles est\u00e3o a ocupar um Estado em crise de legitima\u00e7\u00e3o);<\/p>\n\n\n\n<p>&#8211; Quando Fl\u00e1vio Dino aproveita o isolamento de Bolsonaro para elogiar Mour\u00e3o, al\u00e9m de exibir cegueira pol\u00edtico-ideol\u00f3gica, faz aceno aos milicos e ainda atua de forma oportunista para ajudar Lula a se reaproximar deles e de pelo menos parte do eleitorado afei\u00e7oado a eles;<\/p>\n\n\n\n<p>&#8211; Quando diz que o ato do dia 7 ser\u00e1 \u201cfogo-de-palha\u201d, Mour\u00e3o n\u00e3o fala sozinho, e est\u00e1 a investir no isolamento e na desmoraliza\u00e7\u00e3o de Bolsonaro (j\u00e1 h\u00e1 disson\u00e2ncias at\u00e9 na fac\u00e7\u00e3o militar palaciana);<\/p>\n\n\n\n<p>&#8211; Quando os governadores pedem reuni\u00e3o de paz com Bolsonaro, est\u00e3o a jogar o jogo das fac\u00e7\u00f5es para fazer do isolamento e do inevit\u00e1vel malogro de Bolsoanro uma via de restaura\u00e7\u00e3o do Estado de Direito Autorit\u00e1rio, cuja crise de legitima\u00e7\u00e3o n\u00e3o entendem, mas dela sentem efeitos nos humores da popula\u00e7\u00e3o. Como Bolsonaro \u00e9 a resultante final da crise de legitima\u00e7\u00e3o, eles precisam dele como besta expiat\u00f3ria [nunca \u00e9 demais explicar: n\u00e3o h\u00e1 conspira\u00e7\u00e3o; deveria ser evidente meu entendimento de que os governadores agem assim como digo, mas n\u00e3o pensam assim \u2013 o que os conduz \u00e9 a meta de manter o velho normal em funcionamento, pois foi nesse ambiente que eles constru\u00edram suas vidas pol\u00edticas, com ilus\u00f5es, espertezas e boas inten\u00e7\u00f5es&#8230; e \u00e9 contra essa arruma\u00e7\u00e3o que a besta golpista arremete; nem passa pela cabe\u00e7a desses governadores estarem a se empenhar pela manuten\u00e7\u00e3o de um Estado de Direito Autorit\u00e1rio, at\u00e9 porque, assim como muitos, eles est\u00e3o convencidos de que vivem num <a href=\"http:\/\/novaes-c-politico.com.br\/?p=3843\" data-type=\"post\" data-id=\"3843\">Estado democr\u00e1tico de direito<\/a>];<\/p>\n\n\n\n<p>Enfim, o pa\u00eds est\u00e1 nessa balb\u00fardia ansiosa porque a crise de legitima\u00e7\u00e3o do Estado de Direito Autorit\u00e1rio vive precipita\u00e7\u00e3o permanente, na qual tudo que parecia s\u00f3lido se desmancha no ar: o espectro do golpe n\u00e3o interrompe a sua ronda porque o sistema pol\u00edtico profissional n\u00e3o tem condi\u00e7\u00f5es de oferecer uma alternativa real ao pa\u00eds, tendo por <em>real<\/em> uma alternativa que fa\u00e7a do combate \u00e0 desigualdade o eixo articulador do objetivo de alcan\u00e7ar um Estado de Direito Democr\u00e1tico para o Brasil.<\/p>\n\n\n\n<p>Embora Bolsonaro n\u00e3o tenha a m\u00ednima chance de se tornar um ditador, as fantasias dele permitem toda sorte de mistifica\u00e7\u00e3o democr\u00e1tica &#8212; mas quando vier o p\u00f3s-Bolsonaro \u00e9 que teremos toda a extens\u00e3o da trag\u00e9dia, seja pelo legado macabro do besta, seja pela intensifica\u00e7\u00e3o da guerra das fac\u00e7\u00f5es na disputa pelo comando &#8212; e quando falo em intensifica\u00e7\u00e3o, tenho em mente a rotina de <a href=\"http:\/\/novaes-c-politico.com.br\/?p=5423\" data-type=\"post\" data-id=\"5423\">ilegalidades facciosas<\/a> a que o pa\u00eds tem sido submetido nessa luta contra a besta, pois uma das evid\u00eancias de que n\u00e3o vivemos sob um Estado de Direito Democr\u00e1tico \u00e9 o fato de que n\u00f3s n\u00e3o poder\u00edamos derrotar Bolsonaro seguindo a letra p\u00e9trea da lei (da\u00ed que tenhamos de, contraditoriamente, apoiar a\u00e7\u00f5es facciosas de um Moraes, de um Gilmar, de um Renan ou de um Alcolumbre quando eles atuam contra a besta &#8212; para, mais adiante, recebermos de volta todos os danos desses apoios&#8230;). A vida \u00e9 dura, como h\u00e1 tempos tentei explicar <a href=\"http:\/\/novaes-c-politico.com.br\/?p=3406\" data-type=\"post\" data-id=\"3406\">aqui<\/a>.<\/p>\n\n\n\n<p><strong>Fica o Registro:<\/strong><\/p>\n\n\n\n<p><strong>25\/08 &#8212; Hoje mais cedo<\/strong>, presente na solenidade do dia do soldado, Bolsonaro n\u00e3o fez uso da palavra. Como n\u00e3o ver nesse sil\u00eancio um recuo t\u00edpico de quando o besta entra na <a href=\"http:\/\/novaes-c-politico.com.br\/?p=5802\" data-type=\"post\" data-id=\"5802\">fase do rabo entre as pernas<\/a>, depois da fanfarronice da vez? Ele j\u00e1 est\u00e1 a esfriar os \u00e2nimos para o 7 de setembro &#8212; o sil\u00eancio de Bolsonaro num evento que serviria na medida para que ele insuflasse a sua minoria explicita <em>na pr\u00e1tica<\/em> o que foi dito acima <em>analiticamente<\/em>: a <em><strong>tentativa <\/strong><\/em>de golpe tomou a <em><strong>forma de blefe<\/strong><\/em> por antecipa\u00e7\u00e3o!<\/p>\n\n\n\n<p><strong>Ah! o aspirante a ditador<\/strong> tamb\u00e9m desistiu de pedir o impeachment de Barroso. Precisa analisar?<\/p>\n","protected":false},"excerpt":{"rendered":"<p>Carlos Novaes, 23 de agosto de 2021 Com acr\u00e9scimos na se\u00e7\u00e3o Fica o Registro, em 25\/08, \u00e0s 13:05h Recupere na mem\u00f3ria, leitor, toda a trajet\u00f3ria das iniciativas de for\u00e7a de Bolsonaro desde que ele planejou instalar bombas quando era tenente, passando pelo \u201cacabou, porra!\u201d de 2020, at\u00e9 o \u201csem voto impresso n\u00e3o vai ter elei\u00e7\u00e3o\u201d, [&hellip;]<\/p>\n","protected":false},"author":1338,"featured_media":0,"comment_status":"open","ping_status":"open","sticky":false,"template":"","format":"standard","meta":{"footnotes":""},"categories":[2],"tags":[],"class_list":["post-5808","post","type-post","status-publish","format-standard","hentry","category-textos-mais-antigos"],"_links":{"self":[{"href":"https:\/\/novaes-c-politico.com.br\/index.php?rest_route=\/wp\/v2\/posts\/5808","targetHints":{"allow":["GET"]}}],"collection":[{"href":"https:\/\/novaes-c-politico.com.br\/index.php?rest_route=\/wp\/v2\/posts"}],"about":[{"href":"https:\/\/novaes-c-politico.com.br\/index.php?rest_route=\/wp\/v2\/types\/post"}],"author":[{"embeddable":true,"href":"https:\/\/novaes-c-politico.com.br\/index.php?rest_route=\/wp\/v2\/users\/1338"}],"replies":[{"embeddable":true,"href":"https:\/\/novaes-c-politico.com.br\/index.php?rest_route=%2Fwp%2Fv2%2Fcomments&post=5808"}],"version-history":[{"count":13,"href":"https:\/\/novaes-c-politico.com.br\/index.php?rest_route=\/wp\/v2\/posts\/5808\/revisions"}],"predecessor-version":[{"id":5824,"href":"https:\/\/novaes-c-politico.com.br\/index.php?rest_route=\/wp\/v2\/posts\/5808\/revisions\/5824"}],"wp:attachment":[{"href":"https:\/\/novaes-c-politico.com.br\/index.php?rest_route=%2Fwp%2Fv2%2Fmedia&parent=5808"}],"wp:term":[{"taxonomy":"category","embeddable":true,"href":"https:\/\/novaes-c-politico.com.br\/index.php?rest_route=%2Fwp%2Fv2%2Fcategories&post=5808"},{"taxonomy":"post_tag","embeddable":true,"href":"https:\/\/novaes-c-politico.com.br\/index.php?rest_route=%2Fwp%2Fv2%2Ftags&post=5808"}],"curies":[{"name":"wp","href":"https:\/\/api.w.org\/{rel}","templated":true}]}}