{"id":5830,"date":"2021-08-30T20:38:20","date_gmt":"2021-08-30T23:38:20","guid":{"rendered":"http:\/\/novaes-c-politico.com.br\/?p=5830"},"modified":"2021-09-01T20:42:55","modified_gmt":"2021-09-01T23:42:55","slug":"acabou","status":"publish","type":"post","link":"https:\/\/novaes-c-politico.com.br\/?p=5830","title":{"rendered":"ACABOU!"},"content":{"rendered":"\n<p class=\"has-text-align-right\">Carlos Novaes, 30 de agosto de 2021<\/p>\n\n\n\n<p class=\"has-text-align-right\">Com <strong>+++<\/strong> acr\u00e9scimos na se\u00e7\u00e3o <strong>Fica o Registro<\/strong>, em 31\/08 (13:08h e 18:32h) e em <strong>01\/9, \u00e0s 20:40h<\/strong><\/p>\n\n\n\n<p>Para quem ainda teimava em achar que havia algum caminho para o governo de Bolsonaro, as movimenta\u00e7\u00f5es havidas ontem e hoje entre os donos do dinheiro deixam claro que acabou. Os manifestos da Fiesp\/Febraban e do Agroneg\u00f3cio indicam at\u00e9 uma competi\u00e7\u00e3o pelo desembarque: a primeira articula\u00e7\u00e3o titubeou e deu tempo ao &#8220;concorrente&#8221; de se arrumar em campo e assumir essa duvidosa vanguarda no abandono do navio. Interessante observar que ao negociar para adiar o manifesto negociado pelo presidente da Fiesp, Lira mostrou que o Centr\u00e3o j\u00e1 perdeu o timing da conjuntura: os maiorais do empresariado j\u00e1 entenderam que n\u00e3o adianta dar espa\u00e7o para Bolsonaro manobrar &#8212; o que h\u00e1 \u00e9 um movimento a exigir a rendi\u00e7\u00e3o definitiva dele.<\/p>\n\n\n\n<p>N\u00e3o \u00e9 que n\u00e3o vai haver golpe. Disso j\u00e1 sab\u00edamos desde o <a href=\"http:\/\/novaes-c-politico.com.br\/?p=5203\" data-type=\"post\" data-id=\"5203\">ano passado<\/a>, apesar de todo o <a href=\"http:\/\/novaes-c-politico.com.br\/?p=5802\" data-type=\"post\" data-id=\"5802\">alarido<\/a> da m\u00eddia convencional e de seus colunistas, a prever o golpe a cada linha. Os recuos incessantes do besta v\u00eam ofertando evid\u00eancias sucessivas contra os que ainda temiam que ele sa\u00edsse das quatro linhas. Exatamente ao contr\u00e1rio do que previam os alarmistas, ao inv\u00e9s de avan\u00e7ar, o golpismo vem sendo atropelado no curso da semana, e quem precisa de tr\u00e9gua \u00e9 Bolsonaro (nem os PMil\u00edcias v\u00e3o botar a cara).<\/p>\n\n\n\n<p>O que j\u00e1 n\u00e3o vai haver \u00e9 governo de Bolsonaro. Os donos do dinheiro entenderam que os <a href=\"http:\/\/novaes-c-politico.com.br\/?p=5331\" data-type=\"post\" data-id=\"5331\">blefes golpistas<\/a> atrapalham os neg\u00f3cios. Bolsonaro virou um jegue coxo (com todo respeito pelos jegues).<\/p>\n\n\n\n<p>O 7 de setembro da besta est\u00e1 <a href=\"http:\/\/novaes-c-politico.com.br\/?p=5808\" data-type=\"post\" data-id=\"5808\">desmoralizado de sa\u00edda<\/a>, por mais gente que venha a se aglomerar. Ademais, tudo indica que haver\u00e1 contingente equivalente (ou maior) a se manifestar contra Bolsonaro no mesmo dia 7, especialmente em SP. Como quer que venha a se dar empiricamente, esta comemora\u00e7\u00e3o da independ\u00eancia ser\u00e1 o evento de abertura da campanha eleitoral de 2022 porque chancelar\u00e1 a condi\u00e7\u00e3o irremediavelmente minorit\u00e1ria do besta: ao soldar sua rela\u00e7\u00e3o com o Centr\u00e3o e, ao mesmo tempo, responder aos devaneios golpistas da sua base, Bolsonaro se afastou duplamente do que \u00e9 necess\u00e1rio para fazer maioria eleitoral no Brasil: ser antissistema e pela democracia. Ou seja, o que \u00e9 bom para o Centr\u00e3o e para o bolsonarismo n\u00e3o \u00e9 bom para o Brasil e a moda da pr\u00f3xima esta\u00e7\u00e3o ser\u00e1 afastar-se de ambos. Nessa <a href=\"http:\/\/novaes-c-politico.com.br\/?p=5704\" data-type=\"post\" data-id=\"5704\">frente<\/a> n\u00e3o v\u00e3o faltar oportunistas!<\/p>\n\n\n\n<p><strong>Fica o Registro:<\/strong><\/p>\n\n\n\n<p><strong>[31\/08 &#8211; 13:08h] &#8211; Em discurso proferido esta manh\u00e3 em Uberl\u00e2ncia (MG)<\/strong>, Bolsonaro n\u00e3o fez ataques a institui\u00e7\u00f5es ou autoridades, mas manteve o registro c\u00ednico que marca suas interven\u00e7\u00f5es ao insistir em insinua\u00e7\u00f5es sobre as manifesta\u00e7\u00f5es em seu favor em 7 de setembro, dizendo: <em><a href=\"https:\/\/www1.folha.uol.com.br\/poder\/2021\/08\/nunca-houve-oportunidade-como-essa-diz-bolsonaro-sobre-atos-de-7-de-setembro.shtml\">&#8220;As oportunidades aparecem. Nunca outra oportunidade para o povo brasileiro foi t\u00e3o importante ou ser\u00e1 importante quanto esse nosso pr\u00f3ximo 7 de Setembro&#8221;<\/a><\/em>. O contraste entre o sil\u00eancio contra as <a href=\"http:\/\/novaes-c-politico.com.br\/?p=5240\" data-type=\"post\" data-id=\"5240\">fac\u00e7\u00f5es<\/a> advers\u00e1rias (<a href=\"http:\/\/novaes-c-politico.com.br\/?p=5802\" data-type=\"post\" data-id=\"5802\">rabo entre as pernas<\/a>) e o enunciado malicioso sobre o dia 7 (<a href=\"http:\/\/novaes-c-politico.com.br\/?p=5808\" data-type=\"post\" data-id=\"5808\">fanfarronice verbal<\/a>) pode ser interpretado de muitas maneiras &#8212; n\u00e3o vai faltar quem veja nisso a genialidade que muitos atribuem a este imbecil. Mas essa varia\u00e7\u00e3o \u00e9 irrelevante, pois o fundamento b\u00e1sico desse contraste \u00e9 f\u00e1cil de localizar: Bolsonaro sempre se conduziu na vida com a psicologia febril do <a href=\"http:\/\/novaes-c-politico.com.br\/?p=5460\" data-type=\"post\" data-id=\"5460\">garimpeiro<\/a>, de apostar na boa sorte de uma oportunidade decisiva, na qual o resultado almejado sorri para quem persiste. As amarras institucionais que o <a href=\"http:\/\/novaes-c-politico.com.br\/?p=2761\" data-type=\"post\" data-id=\"2761\">Estado de Direito Autorit\u00e1rio<\/a> contrap\u00f5e ao seu sonho ditatorial s\u00e3o encaradas por ele como o barro tenaz a ser vencido para chegar \u00e0 pedra preciosa. Em face das evid\u00eancias de que ainda dessa vez o barro venceu, o besta vem cedendo, mas n\u00e3o pode desvencilhar-se de todo do desejo e, assim, volta a explicitar a fantasia de quem, apesar de tudo, sonha com o milagre de que a pedra rebrilhe. E o Brasil a dan\u00e7ar nessa loucura&#8230;<\/p>\n\n\n\n<p><strong>Observe, leitor, como o contraste<\/strong> que venho explorando entre <em>fanfarronice verbal<\/em> e <em>rabo entre as pernas<\/em> escancara a dubiedade insan\u00e1vel da situa\u00e7\u00e3o de Bolsonaro: o <em>rabo entre as pernas<\/em> corresponde, em \u00faltima inst\u00e2ncia, \u00e0 obedi\u00eancia ao Centr\u00e3o, ao establishment; a <em>fanfarronice verbal<\/em> diz respeito exclusivamente \u00e0 sua autorit\u00e1ria minoria bestificada. Dessa perspectiva, Bolsonaro, ao devanear com a solda entre <em>facciosismo <\/em>e <em>ditadura<\/em>, se faz um aleij\u00e3o a encarnar em si mesmo o fato de que nem as fac\u00e7\u00f5es, nem <a href=\"http:\/\/novaes-c-politico.com.br\/?p=4159\" data-type=\"post\" data-id=\"4159\">mais autoritarismo<\/a> s\u00e3o alternativa para a crise de legitima\u00e7\u00e3o do Estado de Direito Autorit\u00e1rio. A \u00fanica sa\u00edda para o Brasil \u00e9 cerrar esfor\u00e7os contra a desigualdade na perspectiva de um <a href=\"http:\/\/novaes-c-politico.com.br\/?p=4838\" data-type=\"post\" data-id=\"4838\">Estado de Direito Democr\u00e1tico<\/a>.<\/p>\n\n\n\n<p><strong>[18:32h] &#8211; H\u00e1 <a href=\"https:\/\/www1.folha.uol.com.br\/mercado\/2021\/08\/ataque-do-governo-desorganiza-movimento-empresarial-que-ja-era-fragil.shtml?origin=uol\">aqui<\/a>, na Folha de S.Paulo, uma an\u00e1lise da movimenta\u00e7\u00e3o<\/strong> do empresariado que traz conhecimento emp\u00edrico util\u00edssimo, mas deixa passar o principal. O artigo mostra os bastidores da articula\u00e7\u00e3o entre os empres\u00e1rios, o que \u00e9 relevante conhecer, embora n\u00e3o decisivo. Entretanto, o sentido do artigo \u00e9 mostrar que a for\u00e7a da pol\u00edtica profissional (governo+Lira &#8212; ou seja, a for\u00e7a das <strong>fac\u00e7\u00f5es estatais<\/strong> de situa\u00e7\u00e3o) desarranjou o \u00edmpeto inicial do movimento, que j\u00e1 era t\u00edbio. Ora, o empresariado nunca foi de dar demonstra\u00e7\u00f5es antigovernamentais coesas, e, muito menos, firmes. Lembremo-nos de que no <a href=\"http:\/\/novaes-c-politico.com.br\/?p=2741\" data-type=\"post\" data-id=\"2741\">golpe contra Dilma<\/a> o chamado Mercado foi o \u00faltimo a aderir (eles n\u00e3o queriam o impeachment, n\u00e3o por apego \u00e0 democracia, mas porque entendiam, com raz\u00e3o, que o golpe atrapalharia os neg\u00f3cios). No movimento atual, o que importa salientar n\u00e3o \u00e9 a tibieza, mas o ineditismo de uma insatisfa\u00e7\u00e3o que, de t\u00e3o generalizada, ganhou a forma rara de um manifesto. Por mais que a for\u00e7a das fac\u00e7\u00f5es contr\u00e1rias os fa\u00e7a recuar na cena aberta, o recado foi dado, a batata est\u00e1 assando, e n\u00e3o h\u00e1 nada que Bolsonaro possa fazer para enfiar a fuma\u00e7a de volta na chamin\u00e9.<\/p>\n\n\n\n<p><strong>[01\/9, \u00e0s 20:40h] &#8212; Vimos <a href=\"http:\/\/novaes-c-politico.com.br\/?p=5203\" data-type=\"post\" data-id=\"5203\">aqui<\/a>, em maio de 2020<\/strong>, que os blefes de Bolsonaro o levaram a uma situa\u00e7\u00e3o insustent\u00e1vel precisamente porque n\u00e3o havia um calend\u00e1rio eleitoral para o qual dirigir as emo\u00e7\u00f5es suscitadas naquela altura. Agora, embora a elei\u00e7\u00e3o de 2022 ainda esteja longe, a din\u00e2mica da conjuntura levou a essa antecipa\u00e7\u00e3o in\u00e9dita, sendo que nessa din\u00e2mica fren\u00e9tica a candidatura de Lula joga um papel central, pois, em raz\u00e3o dos fatos havidos em 2018, o ex-metal\u00fargico faz contraponto total e perfeito ao desastre governamental protagonizado pelo ex-tenente. Como Lula n\u00e3o pode escapar do papel de nome do sistema (afinal, ele \u00e9 a figura mais vistosa do jogo das fac\u00e7\u00f5es &#8212; vem da\u00ed j\u00e1 terem come\u00e7ado a dizer que ele &#8220;pacificar\u00e1 o pa\u00eds&#8221;&#8230;), e Bolsonaro mant\u00e9m suas fantasias ditatoriais, o besta acaba empurrado a alimentar o del\u00edrio em torno da farsa de que ele \u00e9 o nome antissistema (com Centr\u00e3o a tiracolo&#8230;). Vem da\u00ed ele ter declarado hoje que <em><a href=\"https:\/\/noticias.uol.com.br\/politica\/ultimas-noticias\/2021\/09\/01\/bolsonaro-evento-atletas-guerra-paz.htm\">&#8220;com flores n\u00e3o se ganha guerra n\u00e3o, pessoal. Quando se fala em armamento, quem quer a paz, se prepare para a guerra&#8221;<\/a><\/em> &#8212; \u00e9 mero jogo para inflar a plateia do dia 7 com gente oriunda da minoria j\u00e1 convertida. O problema \u00e9 que depois do dia 7, vem o dia 8, que ser\u00e1 seguido pelos dias terr\u00edveis que a situa\u00e7\u00e3o da economia est\u00e1 a prenunciar.<\/p>\n","protected":false},"excerpt":{"rendered":"<p>Carlos Novaes, 30 de agosto de 2021 Com +++ acr\u00e9scimos na se\u00e7\u00e3o Fica o Registro, em 31\/08 (13:08h e 18:32h) e em 01\/9, \u00e0s 20:40h Para quem ainda teimava em achar que havia algum caminho para o governo de Bolsonaro, as movimenta\u00e7\u00f5es havidas ontem e hoje entre os donos do dinheiro deixam claro que acabou. [&hellip;]<\/p>\n","protected":false},"author":1338,"featured_media":0,"comment_status":"open","ping_status":"open","sticky":false,"template":"","format":"standard","meta":{"footnotes":""},"categories":[2],"tags":[],"class_list":["post-5830","post","type-post","status-publish","format-standard","hentry","category-textos-mais-antigos"],"_links":{"self":[{"href":"https:\/\/novaes-c-politico.com.br\/index.php?rest_route=\/wp\/v2\/posts\/5830","targetHints":{"allow":["GET"]}}],"collection":[{"href":"https:\/\/novaes-c-politico.com.br\/index.php?rest_route=\/wp\/v2\/posts"}],"about":[{"href":"https:\/\/novaes-c-politico.com.br\/index.php?rest_route=\/wp\/v2\/types\/post"}],"author":[{"embeddable":true,"href":"https:\/\/novaes-c-politico.com.br\/index.php?rest_route=\/wp\/v2\/users\/1338"}],"replies":[{"embeddable":true,"href":"https:\/\/novaes-c-politico.com.br\/index.php?rest_route=%2Fwp%2Fv2%2Fcomments&post=5830"}],"version-history":[{"count":35,"href":"https:\/\/novaes-c-politico.com.br\/index.php?rest_route=\/wp\/v2\/posts\/5830\/revisions"}],"predecessor-version":[{"id":5870,"href":"https:\/\/novaes-c-politico.com.br\/index.php?rest_route=\/wp\/v2\/posts\/5830\/revisions\/5870"}],"wp:attachment":[{"href":"https:\/\/novaes-c-politico.com.br\/index.php?rest_route=%2Fwp%2Fv2%2Fmedia&parent=5830"}],"wp:term":[{"taxonomy":"category","embeddable":true,"href":"https:\/\/novaes-c-politico.com.br\/index.php?rest_route=%2Fwp%2Fv2%2Fcategories&post=5830"},{"taxonomy":"post_tag","embeddable":true,"href":"https:\/\/novaes-c-politico.com.br\/index.php?rest_route=%2Fwp%2Fv2%2Ftags&post=5830"}],"curies":[{"name":"wp","href":"https:\/\/api.w.org\/{rel}","templated":true}]}}