{"id":5871,"date":"2021-09-02T21:33:54","date_gmt":"2021-09-03T00:33:54","guid":{"rendered":"http:\/\/novaes-c-politico.com.br\/?p=5871"},"modified":"2022-07-31T14:30:09","modified_gmt":"2022-07-31T17:30:09","slug":"estelionato-ideologico-como-metodo","status":"publish","type":"post","link":"https:\/\/novaes-c-politico.com.br\/?p=5871","title":{"rendered":"ESTELIONATO IDEOL\u00d3GICO COMO &#8220;M\u00c9TODO&#8221;"},"content":{"rendered":"\n<p class=\"has-text-align-right\">Carlos Novaes, 02 de setembro de 2021<\/p>\n\n\n\n<p>Tempos atr\u00e1s, por ocasi\u00e3o do caso Silveira, apontei <a href=\"http:\/\/novaes-c-politico.com.br\/?p=5440\">aqui<\/a> que<\/p>\n\n\n\n<p><em>&#8220;Bolsonaro est\u00e1, desesperadamente, girando o hagadezinho para encontrar um meio \u201ccort\u00eas\u201d de fazer campanha eleitoral fingindo ser antissistema, mas perfeitamente integrado ao jogo de fac\u00e7\u00f5es. O ensaio \u201cdescort\u00eas\u201d feito h\u00e1 poucos meses, que analisei&nbsp;<a href=\"http:\/\/novaes-c-politico.com.br\/?p=5203\">aqui&nbsp;<\/a>e&nbsp;<a href=\"http:\/\/novaes-c-politico.com.br\/?p=5331\">aqui<\/a>, n\u00e3o deu certo, e a teatraliza\u00e7\u00e3o did\u00e1tica daquele fracasso est\u00e1 sendo justamente esse caso Silveira.&#8221;<\/em><\/p>\n\n\n\n<p>Bolsonaro \u00e9 t\u00e3o tosco, manjado e previs\u00edvel que, quando ele fala, a realidade torna-se did\u00e1tica! Permitam-me ser minucioso; prometo que vai compensar.<\/p>\n\n\n\n<p>\u00c9 que o besta fez hoje uma <a href=\"https:\/\/noticias.uol.com.br\/politica\/ultimas-noticias\/2021\/09\/02\/ninguem-precisa-temer-o-7-de-setembro-diz-bolsonaro-de-ato-pro-governo.htm\">indaga\u00e7\u00e3o e uma promessa<\/a> que parecem triviais, mas que, uma vez entendidas, concentram aspectos centrais da situa\u00e7\u00e3o pol\u00edtica:<\/p>\n\n\n\n<p>(i) A indaga\u00e7\u00e3o:<em> &#8220;Algu\u00e9m j\u00e1 me viu brigando com algum Poder, alguma institui\u00e7\u00e3o?&#8221;<\/em><\/p>\n\n\n\n<p>(ii) A promessa: <em>&#8220;Ningu\u00e9m precisa temer o 7 de setembro&#8221;.<\/em><\/p>\n\n\n\n<p>Com a indaga\u00e7\u00e3o c\u00ednica (i), ele, com o <a href=\"http:\/\/novaes-c-politico.com.br\/?p=5802\" data-type=\"post\" data-id=\"5802\">rabo entre as pernas<\/a>, busca normalizar seus blefes como coisa de campanha, deixando claro que n\u00e3o quer confus\u00e3o para al\u00e9m da <a href=\"http:\/\/novaes-c-politico.com.br\/?p=5808\" data-type=\"post\" data-id=\"5808\">fanfarronice verbal<\/a>, que alimenta as m\u00eddias, alarma os tolos e \u00e9 <a href=\"http:\/\/novaes-c-politico.com.br\/?p=5331\" data-type=\"post\" data-id=\"5331\">\u00fatil<\/a> aos espertos de um e de outro lado.<\/p>\n\n\n\n<p>Com a promessa (ii), o besta demarca para os seus seguidores que n\u00e3o quer confus\u00e3o na abertura de sua campanha eleitoral. Ou seja, o verniz c\u00ednico faz da promessa um recado.<\/p>\n\n\n\n<p>A reuni\u00e3o dos dois lances deixa claro que Bolsonaro julga ter encontrado a f\u00f3rmula que procurava: <em>um meio \u201ccort\u00eas\u201d de fazer campanha eleitoral fingindo ser antissistema<\/em>.<\/p>\n\n\n\n<p>Observe bem a diferen\u00e7a, leitor, pois \u00e9 nela que est\u00e1 evidente que n\u00e3o h\u00e1, mesmo, o que temer desse <a href=\"http:\/\/novaes-c-politico.com.br\/?p=5830\" data-type=\"post\" data-id=\"5830\">jegue manco<\/a>: embora tanto nas manifesta\u00e7\u00f5es do ano passado como na de agora o blefe tenha papel central, a diferen\u00e7a entre aquele ensaio <em>&#8220;descort\u00eas&#8221;<\/em> e o 7 de setembro<em> &#8220;cort\u00eas&#8221;<\/em> est\u00e1 em que, agora, o pr\u00f3prio blefador desmentiu o blefe <strong>antes do fim<\/strong> da jogada. Por que?<\/p>\n\n\n\n<p><strong>Primeiro<\/strong>, porque sabedor de que <a href=\"http:\/\/novaes-c-politico.com.br\/?p=5448\" data-type=\"post\" data-id=\"5448\">n\u00e3o tem condi\u00e7\u00f5es de dar um golpe<\/a>, ele tem de jogar todas as suas fichas na via eleitoral (insistir em arrua\u00e7as assusta seus pr\u00f3prios seguidores, gerando medo de ir \u00e0 manifesta\u00e7\u00e3o);<\/p>\n\n\n\n<p><strong>Segundo<\/strong>, porque ele est\u00e1 cada vez mais isolado, com o cerco das fac\u00e7\u00f5es contr\u00e1rias no <em>exerc\u00edcio faccioso dos poderes institucionais<\/em> se fechando consideravelmente em torno dele e dos seus;<\/p>\n\n\n\n<p><strong>Terceiro<\/strong>, porque ele precisa aproveitar a abertura da campanha eleitoral, o 7 de setembro, para consolidar entre os seus eleitores mais motivados a maneira &#8220;cort\u00eas&#8221; de fingir ser antissistema. Ou seja, ele precisa que os tolos engulam, sem se dar conta, o estelionato ideol\u00f3gico de que t\u00eam sido v\u00edtimas, afinal, eles t\u00eam sido insistentemente chamados para uma ruptura e tudo sempre acaba em acomoda\u00e7\u00e3o com o Centr\u00e3o&#8230; (que, por sua vez, j\u00e1 vai dando sinais de <a href=\"https:\/\/www1.folha.uol.com.br\/poder\/2021\/09\/governo-bolsonaro-teme-rejeicao-a-indicado-ao-stf-e-paralisia-no-congresso-apos-derrota.shtml\">dificuldades para se acomodar<\/a>&#8230;)<\/p>\n\n\n\n<p>Quer dizer, \u00e9 melhor essa minoria desorientada j\u00e1 ir se acostumando, pois vai ter que seguir essa cartilha sabendo que a \u00fanica maneira (improv\u00e1vel) de passar de minoria \u00e0 maioria eleitoral \u00e9 haver algum desastre incontorn\u00e1vel (e improv\u00e1vel) do outro lado. Ou seja, por meio de blefes o eleitorado de Bolsonaro foi levado a viver permanentemente sob o <a href=\"http:\/\/novaes-c-politico.com.br\/?p=5460\" data-type=\"post\" data-id=\"5460\">estado febril do garimpo<\/a>: tudo o que h\u00e1 para eles \u00e9 lama, mas em algum lugar deve haver uma gema em que p\u00f4r as m\u00e3os. Isso explica porque, contra toda evid\u00eancia real, os bolsonaristas garganteiam certeza na vit\u00f3ria j\u00e1 no primeiro turno.<\/p>\n\n\n\n<p>O problema \u00e9 que o dia da elei\u00e7\u00e3o est\u00e1 longe e h\u00e1 um mundo de Brasil ruim daqui at\u00e9 l\u00e1. N\u00e3o tem como dar certo.<\/p>\n\n\n\n<p><strong>FICA O REGISTRO:<\/strong><\/p>\n\n\n\n<p><strong>Por falar em &#8220;estelionato&#8221;,<\/strong> a Folha de S. Paulo <a href=\"https:\/\/www1.folha.uol.com.br\/mercado\/2021\/09\/febraban-reafirma-apoio-a-manifesto-em-defesa-da-democracia.shtml\">noticiou agora \u00e0 noite<\/a> atitude da FEBRABAN que n\u00e3o pode deixar de ser interpretada como um rompimento com o estelionato de representa\u00e7\u00e3o praticado por Paulo Skaf, presidente da Fiesp em fim de mandato. Resumindo: a FEBRABAN mant\u00e9m seu manifesto contra o golpismo e diz ao BB e \u00e0 Caixa que fa\u00e7am como quiserem. Ficou tudo <a href=\"http:\/\/novaes-c-politico.com.br\/?p=5830\" data-type=\"post\" data-id=\"5830\">ainda pior<\/a> para Bolsonaro, ainda que nunca seja demais assinalar que esse empresariado n\u00e3o merece confian\u00e7a quando se pretende um Estado de Direito Democr\u00e1tico para o Brasil.<\/p>\n\n\n\n<p><strong>Outra coisa:<\/strong><\/p>\n\n\n\n<p>Aos interessados no realismo liter\u00e1rio na R\u00fassia do s\u00e9culo XIX, informo que no curso deste m\u00eas de julho conclu\u00ed a vers\u00e3o final do meu livro sobre as rela\u00e7\u00f5es que julgo ter descoberto entre obras dos escritores russos Ivan Turgu\u00eaniev e Aleksandr P\u00fachkin. A mera leitura dos \u00edndices do meu trabalho mostra que o estudo do material liter\u00e1rio me levou a interpretar de maneira nova passagens decisivas de&nbsp;<em><strong>Eug\u00eanio Oneguin<\/strong><\/em>&nbsp;e de&nbsp;<strong><em>Notas de um ca\u00e7ador<\/em><\/strong>.<\/p>\n\n\n\n<p>Eis o link para a vers\u00e3o integral do livro, em formato&nbsp;<strong>.pdf<\/strong>:<\/p>\n\n\n\n<p class=\"has-text-align-center\"><strong><a href=\"https:\/\/novaes-c-politico.com.br\/wp-content\/uploads\/2022\/07\/LITERATURA-CONTRA-IMOBILISMO-NA-RUSSIA-DO-SECULO-XIX_Carlos-NOVAES_VERSAO_FINAL.pdf\">LITERATURA CONTRA IMOBILISMO NA R\u00daSSIA DO S\u00c9CULO XIX<\/a><\/strong><\/p>\n\n\n\n<p class=\"has-text-align-center\"><em><a href=\"https:\/\/novaes-c-politico.com.br\/wp-content\/uploads\/2022\/07\/LITERATURA-CONTRA-IMOBILISMO-NA-RUSSIA-DO-SECULO-XIX_Carlos-NOVAES_VERSAO_FINAL.pdf\">Realismo liter\u00e1rio como cr\u00edtica em obras-primas de Aleksandr P\u00fachkin e Ivan Turgu\u00eaniev<\/a><\/em><\/p>\n\n\n\n<p> <\/p>\n","protected":false},"excerpt":{"rendered":"<p>Carlos Novaes, 02 de setembro de 2021 Tempos atr\u00e1s, por ocasi\u00e3o do caso Silveira, apontei aqui que &#8220;Bolsonaro est\u00e1, desesperadamente, girando o hagadezinho para encontrar um meio \u201ccort\u00eas\u201d de fazer campanha eleitoral fingindo ser antissistema, mas perfeitamente integrado ao jogo de fac\u00e7\u00f5es. O ensaio \u201cdescort\u00eas\u201d feito h\u00e1 poucos meses, que analisei&nbsp;aqui&nbsp;e&nbsp;aqui, n\u00e3o deu certo, e [&hellip;]<\/p>\n","protected":false},"author":1338,"featured_media":0,"comment_status":"open","ping_status":"open","sticky":false,"template":"","format":"standard","meta":{"footnotes":""},"categories":[2],"tags":[],"class_list":["post-5871","post","type-post","status-publish","format-standard","hentry","category-textos-mais-antigos"],"_links":{"self":[{"href":"https:\/\/novaes-c-politico.com.br\/index.php?rest_route=\/wp\/v2\/posts\/5871","targetHints":{"allow":["GET"]}}],"collection":[{"href":"https:\/\/novaes-c-politico.com.br\/index.php?rest_route=\/wp\/v2\/posts"}],"about":[{"href":"https:\/\/novaes-c-politico.com.br\/index.php?rest_route=\/wp\/v2\/types\/post"}],"author":[{"embeddable":true,"href":"https:\/\/novaes-c-politico.com.br\/index.php?rest_route=\/wp\/v2\/users\/1338"}],"replies":[{"embeddable":true,"href":"https:\/\/novaes-c-politico.com.br\/index.php?rest_route=%2Fwp%2Fv2%2Fcomments&post=5871"}],"version-history":[{"count":28,"href":"https:\/\/novaes-c-politico.com.br\/index.php?rest_route=\/wp\/v2\/posts\/5871\/revisions"}],"predecessor-version":[{"id":7000,"href":"https:\/\/novaes-c-politico.com.br\/index.php?rest_route=\/wp\/v2\/posts\/5871\/revisions\/7000"}],"wp:attachment":[{"href":"https:\/\/novaes-c-politico.com.br\/index.php?rest_route=%2Fwp%2Fv2%2Fmedia&parent=5871"}],"wp:term":[{"taxonomy":"category","embeddable":true,"href":"https:\/\/novaes-c-politico.com.br\/index.php?rest_route=%2Fwp%2Fv2%2Fcategories&post=5871"},{"taxonomy":"post_tag","embeddable":true,"href":"https:\/\/novaes-c-politico.com.br\/index.php?rest_route=%2Fwp%2Fv2%2Ftags&post=5871"}],"curies":[{"name":"wp","href":"https:\/\/api.w.org\/{rel}","templated":true}]}}