{"id":5905,"date":"2021-09-07T12:22:25","date_gmt":"2021-09-07T15:22:25","guid":{"rendered":"http:\/\/novaes-c-politico.com.br\/?p=5905"},"modified":"2021-09-07T19:28:37","modified_gmt":"2021-09-07T22:28:37","slug":"fiasco","status":"publish","type":"post","link":"https:\/\/novaes-c-politico.com.br\/?p=5905","title":{"rendered":"FIASCO!"},"content":{"rendered":"\n<p class=\"has-text-align-right\">Carlos Novaes, 7 de setembro de 2021, \u00e0s 12:10h<\/p>\n\n\n\n<p class=\"has-text-align-right\">Com <strong>++++<\/strong> acr\u00e9scimos \u00e0s 13:28h, \u00e0s 17:40h, \u00e0s 18:00h<strong> e \u00e0s 19:29h<\/strong><\/p>\n\n\n\n<p>Sem ser espetacular, o p\u00fablico que foi \u00e0 manifesta\u00e7\u00e3o governista em Bras\u00edlia garantiria \u00eaxito a qualquer com\u00edcio pol\u00edtico, n\u00e3o tivessem seus organizadores garganteado que o comparecimento seria algo in\u00e9dito &#8212; tivemos menos do mesmo. Dessa perspectiva, foi um fiasco, o que deve ter contribu\u00eddo para o tom desanimado em que Bolsonaro fez seu discurso previs\u00edvel, repetindo o que j\u00e1 vinha dizendo. C<a href=\"http:\/\/novaes-c-politico.com.br\/?p=5871\" data-type=\"post\" data-id=\"5871\">omo n\u00e3o poderia deixar de ser<\/a>, mais uma vez ele adiou qualquer desfecho mais assertivo, cumprindo o roteiro do seu reiterado estelionato ideol\u00f3gico. <\/p>\n\n\n\n<p>Quem acompanha este blog <a href=\"http:\/\/novaes-c-politico.com.br\/?p=5808\" data-type=\"post\" data-id=\"5808\">n\u00e3o ficou surpreso<\/a>, mas esse truque de circo, pelo qual se gera a expectativa m\u00e1xima e se entrega a emo\u00e7\u00e3o m\u00ednima, j\u00e1 torrou a paci\u00eancia de quem entende minimamente o que se passa: <a href=\"http:\/\/novaes-c-politico.com.br\/?p=5830\" data-type=\"post\" data-id=\"5830\">esse sujeito est\u00e1 perdido<\/a> e n\u00e3o tem para onde ir. O problema \u00e9 que ele \u00e9 o presidente da Rep\u00fablica.<\/p>\n\n\n\n<p>Vamos aguardar pelo que ocorrer\u00e1 em SP, embora n\u00e3o haja motivo para imaginar que se dar\u00e1 ali coisa diferente do que se passou na capital.<\/p>\n\n\n\n<p><strong>[13:28h] &#8212; Bolsonaro pediu aos manifestantes do DF<\/strong> que o assistam no evento de SP, \u00e0s 16 horas. Observe leitor como esse convite\/adiamento \u00e9 revelador de como o besta se deu conta do fiasco que protagonizava: o convite embute mais uma promessa fraudulenta, como se em SP ele v\u00e1 realizar a pirueta prometida, mas nunca mostrada. Em mais esse adiamento, o besta passou recibo de que percebeu o quanto deixara a desejar ao p\u00fablico presente. Bolsonaro encontrou no palanque o vazio do que ele mesmo representa. O espantalho vai voar para SP, onde repetir\u00e1 o seu discurso, talvez com alguma ret\u00f3rica golpista mais &#8220;enf\u00e1tica&#8221;, dando material para as fac\u00e7\u00f5es advers\u00e1rias apresentarem as suas n\u00e3o menos manjadas coreografias. Vamos ver.<\/p>\n\n\n\n<p><strong>[17:40h] &#8212; A manifesta\u00e7\u00e3o de SP esteve longe de cumprir as expectativas, <\/strong>ainda que tenha sido maior do que a do DF. Mais uma vez, a despeito de toda a dinheirama gasta no recrutamento, o besta sentiu a catinga do insucesso. O que mudou entre o discurso de Bolsonaro no DF e o de SP foi que ele, ao inv\u00e9s de falar em <em>&#8220;uma pessoa&#8221;<\/em>, deu nome ao boi e se declarou em desobedi\u00eancia em rela\u00e7\u00e3o \u00e0s determina\u00e7\u00f5es judiciais que Alexandre de Moraes, ministro do STF, venha a exarar.<\/p>\n\n\n\n<p>\u00c9 que Bolsonaro entendeu que armou uma ratoeira para si mesmo, fato antigo, que veio se impondo aos poucos, cuja evid\u00eancia capital foi o fiasco dessa manh\u00e3 no DF. Ali ficou claro para boa parte da massa de manobra que ela est\u00e1 fazendo papel de ot\u00e1rio coletivo. Bolsonaro sentiu o peso do anticl\u00edmax (<a href=\"http:\/\/novaes-c-politico.com.br\/?p=5808\" data-type=\"post\" data-id=\"5808\">desmoraliza\u00e7\u00e3o que t\u00ednhamos antecipado<\/a>) e, como remendo, fez uma promessa para o discurso da tarde, o que o levou a esse passo covarde, tentando reduzir a crise \u00e0 figura de Moraes. \u00c9 mais um blefe, t\u00e3o consistente quanto o prometido bloqueio das estradas brasileiras por caminhoneiros aliados&#8230;<\/p>\n\n\n\n<p>Teremos de esperar para ver o que ele far\u00e1 quando as decis\u00f5es de Moraes o atingirem pessoalmente. Quanto \u00e0s decis\u00f5es que atingem outras pessoas, como as pris\u00f5es recentemente decretadas pelo ministro, Bolsonaro teria de invadir pessoalmente as cadeias ou, no caso de futuras pris\u00f5es (h\u00e1 mandados por cumprir), tentar impedir pessoalmente a a\u00e7\u00e3o policial respectiva&#8230; mais cedo ou mais tarde, o besta vai acabar preso.<\/p>\n\n\n\n<p><strong>[18:00h] &#8212; Evidentemente, n\u00e3o passa de rematada bobagem atribuir ao STF<\/strong> (e, muito menos, a Moraes) o fato de ainda n\u00e3o estarmos sob ditadura. Se s\u00f3 tiv\u00e9ssemos o STF \u00e9 que j\u00e1 estar\u00edamos sob ditadura. O que impede Bolsonaro de avan\u00e7ar em seu del\u00edrio ditatorial \u00e9 a prefer\u00eancia pela democracia da maioria da sociedade brasileira, prefer\u00eancia que se traduz &#8212; de maneira torta, \u00e9 verdade &#8212; nesse <a href=\"http:\/\/novaes-c-politico.com.br\/?p=4838\" data-type=\"post\" data-id=\"4838\">Estado de Direito Autorit\u00e1rio<\/a> manejado por fac\u00e7\u00f5es benefici\u00e1rias (a\u00ed inclu\u00edda a alta oficialidade das FFAA), \u00e0s quais tampouco interessa uma ditadura, especialmente de algu\u00e9m t\u00e3o imbecil e impopular como Bolsonaro. O besta est\u00e1 cercado, com pouco apoio. No primeiro passo real que der na dire\u00e7\u00e3o de uma ditadura, ser\u00e1 preso. Poder\u00e1 haver arrua\u00e7as, mas elas ser\u00e3o contidas e se dissipar\u00e3o. A maioria da sociedade brasileira est\u00e1 a pagar um pre\u00e7o alt\u00edssimo pela sua falta de lucidez, advinda fundamentalmente da jun\u00e7\u00e3o de  ignor\u00e2ncia com crendices.<\/p>\n\n\n\n<p><strong>[19:29h] &#8211; A ess\u00eancia deste dia 7 \u00e9: <\/strong>mais uma vez em sua vida de celerado, depois de lan\u00e7ar-se \u00e0 sorte no garimpo, Bolsonaro se v\u00ea ainda mais longe dos seus objetivos: fez um papel\u00e3o e ainda frustrou boa parte daqueles que sa\u00edram de casa para apoi\u00e1-lo naquele que seria o dia decisivo&#8230; A essa altura, o besta deve estar se dando conta de que no per\u00edodo em que integrou o baixo clero congressual era feliz e n\u00e3o sabia: podia dizer as bobagens que quisesse, a ningu\u00e9m ocorria de lhe cobrar resultados, mansid\u00e3o na qual ele enriquecia a si e \u00e0 fam\u00edlia na rouban\u00e7a mi\u00fada das rachadinhas&#8230; E o vento levou&#8230;<\/p>\n","protected":false},"excerpt":{"rendered":"<p>Carlos Novaes, 7 de setembro de 2021, \u00e0s 12:10h Com ++++ acr\u00e9scimos \u00e0s 13:28h, \u00e0s 17:40h, \u00e0s 18:00h e \u00e0s 19:29h Sem ser espetacular, o p\u00fablico que foi \u00e0 manifesta\u00e7\u00e3o governista em Bras\u00edlia garantiria \u00eaxito a qualquer com\u00edcio pol\u00edtico, n\u00e3o tivessem seus organizadores garganteado que o comparecimento seria algo in\u00e9dito &#8212; tivemos menos do mesmo. [&hellip;]<\/p>\n","protected":false},"author":1338,"featured_media":0,"comment_status":"open","ping_status":"open","sticky":false,"template":"","format":"standard","meta":{"footnotes":""},"categories":[2],"tags":[],"class_list":["post-5905","post","type-post","status-publish","format-standard","hentry","category-textos-mais-antigos"],"_links":{"self":[{"href":"https:\/\/novaes-c-politico.com.br\/index.php?rest_route=\/wp\/v2\/posts\/5905","targetHints":{"allow":["GET"]}}],"collection":[{"href":"https:\/\/novaes-c-politico.com.br\/index.php?rest_route=\/wp\/v2\/posts"}],"about":[{"href":"https:\/\/novaes-c-politico.com.br\/index.php?rest_route=\/wp\/v2\/types\/post"}],"author":[{"embeddable":true,"href":"https:\/\/novaes-c-politico.com.br\/index.php?rest_route=\/wp\/v2\/users\/1338"}],"replies":[{"embeddable":true,"href":"https:\/\/novaes-c-politico.com.br\/index.php?rest_route=%2Fwp%2Fv2%2Fcomments&post=5905"}],"version-history":[{"count":10,"href":"https:\/\/novaes-c-politico.com.br\/index.php?rest_route=\/wp\/v2\/posts\/5905\/revisions"}],"predecessor-version":[{"id":5922,"href":"https:\/\/novaes-c-politico.com.br\/index.php?rest_route=\/wp\/v2\/posts\/5905\/revisions\/5922"}],"wp:attachment":[{"href":"https:\/\/novaes-c-politico.com.br\/index.php?rest_route=%2Fwp%2Fv2%2Fmedia&parent=5905"}],"wp:term":[{"taxonomy":"category","embeddable":true,"href":"https:\/\/novaes-c-politico.com.br\/index.php?rest_route=%2Fwp%2Fv2%2Fcategories&post=5905"},{"taxonomy":"post_tag","embeddable":true,"href":"https:\/\/novaes-c-politico.com.br\/index.php?rest_route=%2Fwp%2Fv2%2Ftags&post=5905"}],"curies":[{"name":"wp","href":"https:\/\/api.w.org\/{rel}","templated":true}]}}