{"id":5923,"date":"2021-09-09T00:11:43","date_gmt":"2021-09-09T03:11:43","guid":{"rendered":"http:\/\/novaes-c-politico.com.br\/?p=5923"},"modified":"2022-11-01T16:36:24","modified_gmt":"2022-11-01T19:36:24","slug":"o-feitico-engoliu-o-feiticeiro","status":"publish","type":"post","link":"https:\/\/novaes-c-politico.com.br\/?p=5923","title":{"rendered":"O FEITI\u00c7O ENGOLIU O FEITICEIRO"},"content":{"rendered":"\n<p class=\"has-text-align-center\"><em><strong>&#8220;HIC RHODUS, HIC SALTA!&#8221;<\/strong><\/em><strong>*<\/strong><\/p>\n\n\n\n<p class=\"has-text-align-right\">Carlos Novaes, 08 de setembro de 2021 &#8211; <strong>23:59h<\/strong><\/p>\n\n\n\n<p>Diferentemente da PMil\u00edcia, que, tal como previsto, n\u00e3o deu a cara na efem\u00e9ride do blefe golpista, transportadores bolsonaristas est\u00e3o a se mostrar mais aguerridos e n\u00e3o entenderam o recado do chefe nos <a href=\"http:\/\/novaes-c-politico.com.br\/?p=5905\" data-type=\"post\" data-id=\"5905\">dois discursos de ontem<\/a>. Parte deles levou a s\u00e9rio os blefes do besta e tenta parar as estradas do pa\u00eds nesta quarta-feira.<\/p>\n\n\n\n<p>Em raz\u00e3o da <a href=\"http:\/\/novaes-c-politico.com.br\/?p=5460\" data-type=\"post\" data-id=\"5460\">desorienta\u00e7\u00e3o<\/a> em que se encontra, e diante da situa\u00e7\u00e3o adversa que venho tentando analisar neste blog, uma vez desafiado pela estupidez dessa base fiel e radicalizada, Bolsonaro <a href=\"http:\/\/novaes-c-politico.com.br\/?p=5808\" data-type=\"post\" data-id=\"5808\">n\u00e3o pode fazer outra coisa<\/a> sen\u00e3o explicitar que SIM, esteve todo o tempo blefando. A desmoraliza\u00e7\u00e3o n\u00e3o poderia ser maior: o dia 8 chegou com tudo, e p\u00f4s Bolsonaro de c\u00f3coras! Eis a <a href=\"https:\/\/www1.folha.uol.com.br\/mercado\/2021\/09\/bolsonaro-diz-que-bloqueios-atrapalham-economia-e-pede-que-caminhoneiros-liberem-vias.shtml\">transcri\u00e7\u00e3o do \u00e1udio<\/a> gravado por ele aos caminhoneiros:<\/p>\n\n\n\n<p>&#8220;<em>Fala para os caminhoneiros a\u00ed que [eles] s\u00e3o nossos aliados, mas esses bloqueios a\u00ed atrapalham a nossa economia. Isso provoca desabastecimento, infla\u00e7\u00e3o, prejudica todo mundo, em especial os mais pobres. Ent\u00e3o, d\u00e1 um toque nos caras a\u00ed, se for poss\u00edvel, para liberar, t\u00e1 ok? Para a gente seguir a normalidade.<\/em><\/p>\n\n\n\n<p><em>Deixa com a gente em Bras\u00edlia aqui agora. N\u00e3o \u00e9 f\u00e1cil negociar, conversar por aqui com outras autoridades, n\u00e3o \u00e9 f\u00e1cil. Mas a gente vai fazer a nossa parte aqui, vamos fazer a nossa parte aqui, t\u00e1 ok?<\/em>&#8220;<\/p>\n\n\n\n<p>Sempre foi <a href=\"http:\/\/novaes-c-politico.com.br\/?p=5331\">blefe<\/a>. Sempre foi <a href=\"http:\/\/novaes-c-politico.com.br\/?p=5203\" data-type=\"post\" data-id=\"5203\">campanha eleitoreira<\/a>. De tal forma que ele agora tem de mendigar recuo dos que engambelou com seu <a href=\"http:\/\/novaes-c-politico.com.br\/?p=5871\" data-type=\"post\" data-id=\"5871\">estelionato ideol\u00f3gico<\/a>, enquanto os abandona no meio da estrada. E o recuo \u00e9 para deix\u00e1-lo atuar como chefe de fac\u00e7\u00e3o no <a href=\"http:\/\/novaes-c-politico.com.br\/?p=5154\" data-type=\"post\" data-id=\"5154\">jogo das fac\u00e7\u00f5es<\/a> em Bras\u00edlia, rendi\u00e7\u00e3o que quem l\u00ea este blog <a href=\"http:\/\/novaes-c-politico.com.br\/?p=5352\" data-type=\"post\" data-id=\"5352\">constatou h\u00e1 muito tempo<\/a>. Bolsonaro n\u00e3o procura pretextos para um golpe, ainda que delire por ele &#8212; ele est\u00e1 numa ratoeira armada por ele mesmo. N\u00e3o tem como dar certo, pelo menos desde a <a href=\"http:\/\/novaes-c-politico.com.br\/?p=5162\" data-type=\"post\" data-id=\"5162\">resposta burra<\/a> que deu \u00e0 Covid-19. <\/p>\n\n\n\n<p>Veja bem, leitor: o que sobra, agora, dos milhares de textos e an\u00e1lises publicados na m\u00eddia convencional sobre fantasiosos planos desse suposto <a href=\"http:\/\/novaes-c-politico.com.br\/?p=5314\" data-type=\"post\" data-id=\"5314\">g\u00eanio do mal<\/a> para criar o caos e ter um pretexto para o golpe??!! Esse pessoal nunca entendeu o que se passa no pa\u00eds. Para entender, \u00e9 necess\u00e1rio reconhecer <em>a <a href=\"http:\/\/novaes-c-politico.com.br\/?p=4689\" data-type=\"post\" data-id=\"4689\">crise de legitima\u00e7\u00e3o<\/a> do <a href=\"http:\/\/novaes-c-politico.com.br\/?p=4838\" data-type=\"post\" data-id=\"4838\">Estado de Direito Autorit\u00e1rio<\/a><\/em> e, ent\u00e3o, perseguir a <a href=\"http:\/\/novaes-c-politico.com.br\/?p=5178\" data-type=\"post\" data-id=\"5178\">desorienta\u00e7\u00e3o geral<\/a> que ela gera, pois essa crise permanece oculta \u00e0s consci\u00eancias, embora exer\u00e7a toda a sua for\u00e7a sobre cora\u00e7\u00f5es e mentes.<\/p>\n\n\n\n<p><strong>* &#8211;<\/strong> de Esopo, em <em>O Fanfarr\u00e3o<\/em>; via Marx, em <em>O 18 Brum\u00e1rio<\/em>.<\/p>\n","protected":false},"excerpt":{"rendered":"<p>&#8220;HIC RHODUS, HIC SALTA!&#8221;* Carlos Novaes, 08 de setembro de 2021 &#8211; 23:59h Diferentemente da PMil\u00edcia, que, tal como previsto, n\u00e3o deu a cara na efem\u00e9ride do blefe golpista, transportadores bolsonaristas est\u00e3o a se mostrar mais aguerridos e n\u00e3o entenderam o recado do chefe nos dois discursos de ontem. Parte deles levou a s\u00e9rio os [&hellip;]<\/p>\n","protected":false},"author":1338,"featured_media":0,"comment_status":"open","ping_status":"open","sticky":false,"template":"","format":"standard","meta":{"footnotes":""},"categories":[2],"tags":[],"class_list":["post-5923","post","type-post","status-publish","format-standard","hentry","category-textos-mais-antigos"],"_links":{"self":[{"href":"https:\/\/novaes-c-politico.com.br\/index.php?rest_route=\/wp\/v2\/posts\/5923","targetHints":{"allow":["GET"]}}],"collection":[{"href":"https:\/\/novaes-c-politico.com.br\/index.php?rest_route=\/wp\/v2\/posts"}],"about":[{"href":"https:\/\/novaes-c-politico.com.br\/index.php?rest_route=\/wp\/v2\/types\/post"}],"author":[{"embeddable":true,"href":"https:\/\/novaes-c-politico.com.br\/index.php?rest_route=\/wp\/v2\/users\/1338"}],"replies":[{"embeddable":true,"href":"https:\/\/novaes-c-politico.com.br\/index.php?rest_route=%2Fwp%2Fv2%2Fcomments&post=5923"}],"version-history":[{"count":34,"href":"https:\/\/novaes-c-politico.com.br\/index.php?rest_route=\/wp\/v2\/posts\/5923\/revisions"}],"predecessor-version":[{"id":7586,"href":"https:\/\/novaes-c-politico.com.br\/index.php?rest_route=\/wp\/v2\/posts\/5923\/revisions\/7586"}],"wp:attachment":[{"href":"https:\/\/novaes-c-politico.com.br\/index.php?rest_route=%2Fwp%2Fv2%2Fmedia&parent=5923"}],"wp:term":[{"taxonomy":"category","embeddable":true,"href":"https:\/\/novaes-c-politico.com.br\/index.php?rest_route=%2Fwp%2Fv2%2Fcategories&post=5923"},{"taxonomy":"post_tag","embeddable":true,"href":"https:\/\/novaes-c-politico.com.br\/index.php?rest_route=%2Fwp%2Fv2%2Ftags&post=5923"}],"curies":[{"name":"wp","href":"https:\/\/api.w.org\/{rel}","templated":true}]}}