{"id":5970,"date":"2021-09-09T21:26:54","date_gmt":"2021-09-10T00:26:54","guid":{"rendered":"http:\/\/novaes-c-politico.com.br\/?p=5970"},"modified":"2021-09-09T22:12:11","modified_gmt":"2021-09-10T01:12:11","slug":"golpismo-em-vertigem","status":"publish","type":"post","link":"https:\/\/novaes-c-politico.com.br\/?p=5970","title":{"rendered":"\u201cGOLPISMO\u201d EM VERTIGEM"},"content":{"rendered":"\n<p class=\"has-text-align-right\">Carlos Novaes, 09 de setembro de 2021 &#8212; <strong>21:25h<\/strong><\/p>\n\n\n\n<p>Bolsonaro enviou ao povo brasileiro uma mensagem que n\u00e3o faz jus sequer ao baixo n\u00edvel dos blefes que marcaram a conduta dele na presid\u00eancia. Nenhum presidente jamais se dirigiu ao pa\u00eds de maneira t\u00e3o vergonhosa, t\u00e3o pusil\u00e2nime. Bolsonaro tem uma vida p\u00fablica t\u00e3o indigna que sair\u00e1 da presid\u00eancia sem ter reunido condi\u00e7\u00f5es de ser lembrado pela hist\u00f3ria.<\/p>\n\n\n\n<p>N\u00e3o poderia haver contraste maior entre o teor do documento e a hora vivida pelo pa\u00eds. N\u00e3o \u00e9 de surpreender que a carta indigente tenha sa\u00eddo de um esbo\u00e7o feito por Temer, um mestre da embroma\u00e7\u00e3o facciosa que ocupa lugar central na <a href=\"http:\/\/novaes-c-politico.com.br\/?p=1260\">trajet\u00f3ria do p-MDB<\/a>, dispositivo paisano da ditadura paisano-militar que deu lugar ao <a href=\"http:\/\/novaes-c-politico.com.br\/?p=2761\" data-type=\"post\" data-id=\"2761\">Estado de Direito Autorit\u00e1rio<\/a> que nos infelicita.<\/p>\n\n\n\n<p>Esse <a href=\"http:\/\/novaes-c-politico.com.br\/?p=4889\" data-type=\"post\" data-id=\"4889\">desmoronamento de Bolsonaro<\/a> solapa os projetos de longo prazo do neofascismo no Brasil, mas pode servir de estrume para que as fac\u00e7\u00f5es contornem a <a href=\"http:\/\/novaes-c-politico.com.br\/?p=3622\" data-type=\"post\" data-id=\"3622\">crise de legitima\u00e7\u00e3o<\/a> do Estado de Direito Autorit\u00e1rio, a come\u00e7ar pelo oba-oba em torno da &#8220;vit\u00f3ria da democracia&#8221;, como se ao nos livrarmos de Bolsonaro n\u00e3o dev\u00eassemos, ao mesmo tempo, nos dar conta de que quem sai fortalecido \u00e9 <a href=\"http:\/\/novaes-c-politico.com.br\/?p=5154\" data-type=\"post\" data-id=\"5154\">o jogo das fac\u00e7\u00f5es estatais<\/a> a servi\u00e7o dos interesses dos muito ricos. Lula vai <a href=\"http:\/\/novaes-c-politico.com.br\/?p=5501\" data-type=\"post\" data-id=\"5501\">surfar nisso<\/a> para, mais uma vez, consolidar uma alian\u00e7a com as fac\u00e7\u00f5es mais conservadoras, cujas pr\u00e1ticas, que n\u00e3o lhe s\u00e3o estranhas, normaliza a cada rodada de conversas &#8212; tudo pelo bem do povo, claro.<\/p>\n\n\n\n<p>Hoje mais cedo ainda havia &#8220;an\u00e1lises&#8221; conclamando <em>urg\u00eancia <\/em>na defesa da nossa democracia, que estaria amea\u00e7ada pela besta. Nunca esteve. Bolsonaro esmaga os pobres, os vulner\u00e1veis, radicalizando o que o <a href=\"http:\/\/novaes-c-politico.com.br\/?p=5352\" data-type=\"post\" data-id=\"5352\">velho normal<\/a> sempre fez ao manejar um suposto <a href=\"http:\/\/novaes-c-politico.com.br\/?p=4838\">Estado democr\u00e1tico de direito<\/a>. Houve at\u00e9 quem nos informasse a &#8220;novidade&#8221; de que Bolsonaro s\u00f3 n\u00e3o deu o golpe porque n\u00e3o contou com apoio das FFAA &#8211; n\u00e3o diga!!! Essa \u00e9 a chave da cegueira: jamais entenderam a dist\u00e2ncia entre del\u00edrio e possibilidade real. Jamais entenderam que as FFAA n\u00e3o operam no vazio, que elas est\u00e3o imersas em uma sociedade cuja maioria recha\u00e7a mais uma ditadura, por menos l\u00facida que essa maioria possa estar em rela\u00e7\u00e3o ao que \u00e9 necess\u00e1rio para alcan\u00e7ar um <a href=\"http:\/\/novaes-c-politico.com.br\/?p=4838\" data-type=\"post\" data-id=\"4838\">Estado de Direito Democr\u00e1tico<\/a>.<\/p>\n\n\n\n<p>Na verdade, boa parte dessa cegueira intelectual deriva da fragilidade que eles pr\u00f3prios sentem no Estado de Direito Autorit\u00e1rio a que est\u00e3o aderidos; afinal, a crise de legitima\u00e7\u00e3o \u00e9 real e pode ser sentida na avers\u00e3o que a maioria da sociedade brasileira devota \u00e0 pol\u00edtica dos profissionais, ao &#8220;sistema&#8221;. Eles denominam <em>&#8220;defesa da democracia&#8221;<\/em> a mistura conservadora de medo, incerteza e cobi\u00e7a a que est\u00e3o entregues.<\/p>\n\n\n\n<p>A contra face da cegueira dos &#8220;analistas&#8221; \u00e9 a surpresa dos bolsonaristas, n\u00e3o menos cegos sobre o que se passava. Mesmo depois de Bolsonaro ter assumido <a href=\"http:\/\/novaes-c-politico.com.br\/?p=5871\" data-type=\"post\" data-id=\"5871\">de v\u00e9spera<\/a> que faria mais um blefe, eles precisaram ser esbofeteados pela <a href=\"http:\/\/novaes-c-politico.com.br\/?p=5963\" data-type=\"post\" data-id=\"5963\">rendi\u00e7\u00e3o total<\/a> do &#8220;l\u00edder&#8221; para <a href=\"https:\/\/noticias.uol.com.br\/politica\/ultimas-noticias\/2021\/09\/09\/bolsonaristas-lamentam-carta-de-bolsonaro-game-over.htm\">acordar<\/a>. A <a href=\"http:\/\/novaes-c-politico.com.br\/?p=4873\" data-type=\"post\" data-id=\"4873\">desorienta\u00e7\u00e3o \u00e9 geral<\/a>, e n\u00e3o vejo como o Brasil possa fazer de tudo isso um aprendizado prof\u00edcuo.<\/p>\n\n\n\n<p><strong>Fica o Registro:<\/strong><\/p>\n\n\n\n<p><strong>Evidentemente, \u00e9 estapaf\u00fardia qualquer compara\u00e7\u00e3o<\/strong> entre as declara\u00e7\u00f5es de recuo de Bolsonaro e aquelas em que o Talib\u00e3 promete modera\u00e7\u00e3o, mesmo como mera met\u00e1fora. Bolsonaro est\u00e1 batido em seus pr\u00f3prios termos, n\u00e3o tem meios para reagir em dire\u00e7\u00e3o diferente e j\u00e1 est\u00e1 aplainando terreno para uma sa\u00edda negociada para depois que deixar a presid\u00eancia (pensa em si e nos filhos &#8211; a conversa com Moraes j\u00e1 \u00e9 parte disso). O Talib\u00e3 venceu em seus pr\u00f3prios termos, e disp\u00f5e de todos os meios. Esse tipo de associa\u00e7\u00e3o \u00e9 pr\u00f3prio de quem insiste em considerar Bolsonaro uma amea\u00e7a ao velho normal &#8212; afinal, entender o contr\u00e1rio vai exigir rever muita coisa&#8230; Quem tem de se constituir em vetor contra o velho normal \u00e9 a maioria da sociedade brasileira.<\/p>\n","protected":false},"excerpt":{"rendered":"<p>Carlos Novaes, 09 de setembro de 2021 &#8212; 21:25h Bolsonaro enviou ao povo brasileiro uma mensagem que n\u00e3o faz jus sequer ao baixo n\u00edvel dos blefes que marcaram a conduta dele na presid\u00eancia. Nenhum presidente jamais se dirigiu ao pa\u00eds de maneira t\u00e3o vergonhosa, t\u00e3o pusil\u00e2nime. Bolsonaro tem uma vida p\u00fablica t\u00e3o indigna que sair\u00e1 [&hellip;]<\/p>\n","protected":false},"author":1338,"featured_media":0,"comment_status":"open","ping_status":"open","sticky":false,"template":"","format":"standard","meta":{"footnotes":""},"categories":[2],"tags":[],"class_list":["post-5970","post","type-post","status-publish","format-standard","hentry","category-textos-mais-antigos"],"_links":{"self":[{"href":"https:\/\/novaes-c-politico.com.br\/index.php?rest_route=\/wp\/v2\/posts\/5970","targetHints":{"allow":["GET"]}}],"collection":[{"href":"https:\/\/novaes-c-politico.com.br\/index.php?rest_route=\/wp\/v2\/posts"}],"about":[{"href":"https:\/\/novaes-c-politico.com.br\/index.php?rest_route=\/wp\/v2\/types\/post"}],"author":[{"embeddable":true,"href":"https:\/\/novaes-c-politico.com.br\/index.php?rest_route=\/wp\/v2\/users\/1338"}],"replies":[{"embeddable":true,"href":"https:\/\/novaes-c-politico.com.br\/index.php?rest_route=%2Fwp%2Fv2%2Fcomments&post=5970"}],"version-history":[{"count":8,"href":"https:\/\/novaes-c-politico.com.br\/index.php?rest_route=\/wp\/v2\/posts\/5970\/revisions"}],"predecessor-version":[{"id":5978,"href":"https:\/\/novaes-c-politico.com.br\/index.php?rest_route=\/wp\/v2\/posts\/5970\/revisions\/5978"}],"wp:attachment":[{"href":"https:\/\/novaes-c-politico.com.br\/index.php?rest_route=%2Fwp%2Fv2%2Fmedia&parent=5970"}],"wp:term":[{"taxonomy":"category","embeddable":true,"href":"https:\/\/novaes-c-politico.com.br\/index.php?rest_route=%2Fwp%2Fv2%2Fcategories&post=5970"},{"taxonomy":"post_tag","embeddable":true,"href":"https:\/\/novaes-c-politico.com.br\/index.php?rest_route=%2Fwp%2Fv2%2Ftags&post=5970"}],"curies":[{"name":"wp","href":"https:\/\/api.w.org\/{rel}","templated":true}]}}