{"id":61,"date":"2013-08-21T18:38:14","date_gmt":"2013-08-21T18:38:14","guid":{"rendered":"http:\/\/novaes-c-politico.com.br\/?p=61"},"modified":"2013-09-07T19:18:04","modified_gmt":"2013-09-07T19:18:04","slug":"a-fraqueza-da-presidenta-que-parece-forte","status":"publish","type":"post","link":"https:\/\/novaes-c-politico.com.br\/?p=61","title":{"rendered":"A FRAQUEZA DA PRESIDENTA, QUE PARECE FORTE"},"content":{"rendered":"<p align=\"right\"><span style=\"line-height: 1.714285714; font-size: 1rem;\">Carlos Novaes, abril de 2013<\/span><\/p>\n<p>A presidenta Dilma almeja a reelei\u00e7\u00e3o. A lei d\u00e1 a ela o direito de pleitear um segundo mandato e seu trabalho como governante vem sendo crescentemente bem avaliado pelo eleitorado ouvido em pesquisas confi\u00e1veis. Entretanto, ningu\u00e9m pode dar como certa a sua candidatura em 2014 e a raz\u00e3o \u00e9 uma s\u00f3: Lula pode querer ser candidato.<\/p>\n<p>Ou seja, numa situa\u00e7\u00e3o in\u00e9dita, a titular do mais alto posto pol\u00edtico do pa\u00eds n\u00e3o \u00e9 senhora da pr\u00f3pria vontade quando se trata de disput\u00e1-lo uma segunda vez. Deixemos claro esse ineditismo: todo o poder dela se dissipa ante a vontade de uma outra pessoa, pois se Lula disser que quer ser candidato a presidente em 2014 a presidenta Dilma n\u00e3o ter\u00e1 como s\u00ea-lo &#8212; ela nem teria como enfrent\u00e1-lo nas urnas, e muito menos poderia disputar com ele a indica\u00e7\u00e3o partid\u00e1ria do PT.<\/p>\n<p>Exceto problemas intranspon\u00edveis de ordem pessoal, nada pode impedir Lula de querer voltar a ser presidente j\u00e1 em 2014. Ele pode n\u00e3o querer, mas n\u00e3o h\u00e1 indica\u00e7\u00f5es disso, pelo contr\u00e1rio: no transcurso do tempo Lula tem dado declara\u00e7\u00f5es que em nada desencorajam o &#8220;volta Lula&#8221;, ora quando se recusa a &#8220;prever o futuro&#8221;; logo adiante quando se diz pronto a fazer pol\u00edtica na ruas; mais recentemente quando se faz fotografar em reuni\u00e3o de trabalho com o prefeito de S\u00e3o Paulo rec\u00e9m empossado, ambos acompanhados de seus respectivos ministeri\u00e1veis e secret\u00e1rios; \u00a0ou ainda quando se declara dedicado a costurar o arco de alian\u00e7as partid\u00e1rias para a disputa presidencial de 2014. Vistos de longe, esses gestos aparecem como uma sucess\u00e3o de estacas cuidadosamente fincadas na demarca\u00e7\u00e3o do caminho de volta.<\/p>\n<p>Cada nova declara\u00e7\u00e3o ou situa\u00e7\u00e3o criada por ele enfraquece a condi\u00e7\u00e3o da presidenta como candidata. Em resposta, na sua apari\u00e7\u00e3o recente em cadeia nacional, a presidenta fez dois pronunciamentos dentro de um. No primeiro, Dilma tratou da diminui\u00e7\u00e3o do pre\u00e7o da energia el\u00e9trica; no segundo, ela explicitou toda a fragilidade da sua condi\u00e7\u00e3o de candidata, pois se empenhou sobretudo em afastar o fantasma do &#8220;volta Lula&#8221; num texto que s\u00f3 os ing\u00eanuos enxergaram como de combate \u00e0 oposi\u00e7\u00e3o. A enumera\u00e7\u00e3o do que o petismo encara como feitos de sua era presidencial, por contraste com &#8220;aqueles do contra&#8221;, apenas subalternamente visou a oposi\u00e7\u00e3o\u00a0 &#8212; o que se buscou ali foi sobretudo fazer de Dilma a titular em exerc\u00edcio de todo o presumido legado dos \u00faltimos 10 anos, para ocupar terreno contra o &#8220;volta Lula&#8221; dentro do pr\u00f3prio petismo e na opini\u00e3o p\u00fablica mais geral. <a title=\"Lula candidato em 2014\" href=\"http:\/\/novaes-c-politico.com.br\/?p=66\">As chances de sucesso s\u00e3o pequenas<\/a>.<\/p>\n","protected":false},"excerpt":{"rendered":"<p>Carlos Novaes, abril de 2013 A presidenta Dilma almeja a reelei\u00e7\u00e3o. A lei d\u00e1 a ela o direito de pleitear um segundo mandato e seu trabalho como governante vem sendo crescentemente bem avaliado pelo eleitorado ouvido em pesquisas confi\u00e1veis. Entretanto, ningu\u00e9m pode dar como certa a sua candidatura em 2014 e a raz\u00e3o \u00e9 uma [&hellip;]<\/p>\n","protected":false},"author":1338,"featured_media":0,"comment_status":"open","ping_status":"open","sticky":false,"template":"","format":"standard","meta":{"footnotes":""},"categories":[4],"tags":[],"class_list":["post-61","post","type-post","status-publish","format-standard","hentry","category-eleicoes-de-2014"],"_links":{"self":[{"href":"https:\/\/novaes-c-politico.com.br\/index.php?rest_route=\/wp\/v2\/posts\/61","targetHints":{"allow":["GET"]}}],"collection":[{"href":"https:\/\/novaes-c-politico.com.br\/index.php?rest_route=\/wp\/v2\/posts"}],"about":[{"href":"https:\/\/novaes-c-politico.com.br\/index.php?rest_route=\/wp\/v2\/types\/post"}],"author":[{"embeddable":true,"href":"https:\/\/novaes-c-politico.com.br\/index.php?rest_route=\/wp\/v2\/users\/1338"}],"replies":[{"embeddable":true,"href":"https:\/\/novaes-c-politico.com.br\/index.php?rest_route=%2Fwp%2Fv2%2Fcomments&post=61"}],"version-history":[{"count":6,"href":"https:\/\/novaes-c-politico.com.br\/index.php?rest_route=\/wp\/v2\/posts\/61\/revisions"}],"predecessor-version":[{"id":250,"href":"https:\/\/novaes-c-politico.com.br\/index.php?rest_route=\/wp\/v2\/posts\/61\/revisions\/250"}],"wp:attachment":[{"href":"https:\/\/novaes-c-politico.com.br\/index.php?rest_route=%2Fwp%2Fv2%2Fmedia&parent=61"}],"wp:term":[{"taxonomy":"category","embeddable":true,"href":"https:\/\/novaes-c-politico.com.br\/index.php?rest_route=%2Fwp%2Fv2%2Fcategories&post=61"},{"taxonomy":"post_tag","embeddable":true,"href":"https:\/\/novaes-c-politico.com.br\/index.php?rest_route=%2Fwp%2Fv2%2Ftags&post=61"}],"curies":[{"name":"wp","href":"https:\/\/api.w.org\/{rel}","templated":true}]}}