{"id":648,"date":"2014-09-16T17:43:43","date_gmt":"2014-09-16T20:43:43","guid":{"rendered":"http:\/\/novaes-c-politico.com.br\/?p=648"},"modified":"2014-09-16T20:55:47","modified_gmt":"2014-09-16T23:55:47","slug":"memoria-politica-nao-supermercado-eleitoral","status":"publish","type":"post","link":"https:\/\/novaes-c-politico.com.br\/?p=648","title":{"rendered":"MEM\u00d3RIA POL\u00cdTICA, n\u00e3o SUPERMERCADO ELEITORAL"},"content":{"rendered":"<p align=\"right\">Carlos Novaes, 16 de setembro de 2014<\/p>\n<p>A cada elei\u00e7\u00e3o \u00e9 a mesma ladainha: h\u00e1 sempre um engenheiro eleitoral para nos avisar de que nosso modelo de lista aberta para a elei\u00e7\u00e3o de deputados e vereadores tortura o eleitor com milhares de candidatos e o melhor seria algum modelo de voto distrital, para reduzir a oferta e tornar mais racional a escolha. Ainda que nem sempre invoque a &#8220;ci\u00eancia&#8221;, \u00e9 invari\u00e1vel que a ideia salvadora venha acompanhada de algum n\u00famero bomb\u00e1stico, como a soma dos candidatos a deputado estadual, uma lista sempre na casa dos milhares.<\/p>\n<p>Felizmente, a escolha <em>peri\u00f3dica<\/em> de um candidato ao legislativo n\u00e3o segue o mesmo padr\u00e3o que a escolha <em>rotineira<\/em> de um artigo de consumo no supermercado. A decis\u00e3o eleitoral se d\u00e1 num ambiente de debate que reclama a mem\u00f3ria que o eleitor partilha com os que lhe est\u00e3o pr\u00f3ximos, enquanto a escolha no supermercado \u00e9 muito mais propriamente solit\u00e1ria, com praticamente nenhuma interfer\u00eancia do outro. Em outras palavras, ao inv\u00e9s de ir \u00e0 g\u00f4ndola\/lista de candidatos para ent\u00e3o escolher um de seus itens, o eleitor procura (e \u00e9 procurado) dentro de uma cesta de op\u00e7\u00f5es da qual grande parte da oferta j\u00e1 foi exclu\u00edda por antecipa\u00e7\u00e3o segundo crit\u00e9rios e\/ou combina\u00e7\u00f5es de prefer\u00eancias tais como simpatias\/antipatias de ordem geral (partido, ideologia), apegos territoriais (candidatos da regi\u00e3o\/local), elementos de opini\u00e3o (temas, causas, bandeiras) ou mesmo idiossincrasias do eleitor (benef\u00edcio recebido, parentesco). Por isso mesmo, o papel desempenhado pela propaganda na elei\u00e7\u00e3o \u00e9 muito diferente do papel dela no est\u00edmulo ao consumo, o que frequentemente \u00e9 desconhecido pelos <em>marketeiros<\/em>. A caricatura de um indiv\u00edduo eleitor desafiado a diligentemente escolher um nome em uma lista com milhares de op\u00e7\u00f5es s\u00f3 se aplica sobre inexistentes idiotas vivendo fora do mundo.<\/p>\n<p>N\u00e3o \u00e9 por outra raz\u00e3o que n\u00e3o tem cabimento dizer que o eleitor n\u00e3o tem mem\u00f3ria. N\u00e3o s\u00f3 ele a tem, como est\u00e1 submetido a ela quando escolhe. Quem afirma o contr\u00e1rio geralmente &#8220;prova&#8221; a sua tese com o fato de que o eleitor n\u00e3o costuma se lembrar de a quem deu o voto para deputado na \u00faltima elei\u00e7\u00e3o, &#8220;evid\u00eancia&#8221; conexa \u00e0 do n\u00famero bomb\u00e1stico da lista, e t\u00e3o rala quanto. Esse &#8220;n\u00e3o lembrar&#8221; ocorre precisamente porque ele \u00e9 irrelevante para a &#8220;mem\u00f3ria eleitoral&#8221;. O eleitor que se decide por um candidato o faz segundo vetores que pouco se alteram ao longo da vida e, mesmo quando eventualmente h\u00e1 altera\u00e7\u00e3o dr\u00e1stica (ganhou na loteria), ela \u00e9 neutralizada pelo grande n\u00famero de vetores invariantes ou de mudan\u00e7a muito incremental, como, por exemplo: g\u00eanero, escolaridade, ascend\u00eancia, local de moradia, renda familiar, cor preferida, valores morais, ra\u00e7a, ocupa\u00e7\u00e3o, etc. A escolha de um candidato a representante deriva, resulta, da situa\u00e7\u00e3o social do eleitor, na qual ele vive e partilha vetores como os mencionados.<\/p>\n<p>\u00c9 essa situa\u00e7\u00e3o <b><i>a<\/i><\/b> portadora da mem\u00f3ria do voto do eleitor, n\u00e3o a sua cabe\u00e7a individual, que economiza energia se dispensando de lembrar o que o mundo circundante memoriza para ela. A cada elei\u00e7\u00e3o, \u00e0 medida que o dia da elei\u00e7\u00e3o se aproxima, as trocas <i>inter pares<\/i> se intensificam e, ent\u00e3o, o eleitor faz uma escolha segundo uma aloca\u00e7\u00e3o propriamente pol\u00edtica do que \u00e9 levado a rememorar de suas pr\u00f3prias prefer\u00eancias, cuja forma\u00e7\u00e3o \u00e9 coletiva. Por isso, as <i>prefer\u00eancias em forma\u00e7\u00e3o<\/i>, isto \u00e9, a escolha<i> atual <\/i>de em quem votar para presidente, deputados, senador, etc dependem, e muito, das <i>prefer\u00eancias havidas<\/i>, mesmo para quem faz a sua estr\u00e9ia como eleitor. Qualquer um que estude grandes massas de dados eleitorais observa as regularidades que essa escolha coletiva realizada com base na mem\u00f3ria imp\u00f5e. Ali\u00e1s, n\u00e3o \u00e9 por outra raz\u00e3o que a mudan\u00e7a pol\u00edtica em uma sociedade se faz de maneira lenta, incremental, raramente se configurando situa\u00e7\u00f5es de transforma\u00e7\u00e3o e, ainda menos, de revolu\u00e7\u00e3o &#8211; esta \u00faltima s\u00f3 ocorre quando precisamente a quase totalidade dos vetores que induziam ao apego \u00e0 ordem desabam. Ou seja, revolu\u00e7\u00f5es s\u00e3o eventos em que o fluxo supera a mem\u00f3ria e, por isso, \u00e9 corriqueiro que quem esteja nelas envolvido invoque figuras e eventos do passado, quase sempre de forma que se apresenta caricatural &#8211; n\u00e3o h\u00e1 par\u00e2metro a que se agarrar em meio ao desmanche.<\/p>\n<p>Enxergar como uma das virtudes do <a title=\"DEZ PERGUNTAS E RESPOSTAS SOBRE O VOTO DISTRITAL PROPOSTO PARA O BRASIL\" href=\"http:\/\/novaes-c-politico.com.br\/?p=51\">modelo distrital<\/a> o fato de ele corrigir o problema do excesso de op\u00e7\u00f5es est\u00e1 duplamente errado: primeiro, porque, como vimos, a lista enorme n\u00e3o configura um problema; segundo, porque a redu\u00e7\u00e3o do n\u00famero de op\u00e7\u00f5es encerraria justamente o problema de reduzir artificialmente o espectro de op\u00e7\u00f5es, empurrando a representa\u00e7\u00e3o para um empobrecimento pr\u00e9vio, antes mesmo de o eleitor fazer escolhas que por si mesmas estreitar\u00e3o a aquarela do que ser\u00e1 representado, como n\u00e3o poderia deixar de ser, j\u00e1 que <em>representar<\/em> \u00e9 &#8220;estar no lugar de&#8221;.<\/p>\n<p>O modelo distrital sacrifica a liberdade de escolha do eleitor para dar aos chefes partid\u00e1rios elementos adicionais de <a title=\"UMA A\u00c7\u00c3O PREVENTIVA DOS OLIGARCAS  CONTRA INQUIETA\u00c7\u00d5ES QUE SE ANUNCIAM\" href=\"http:\/\/novaes-c-politico.com.br\/?p=41\">controle pol\u00edtico<\/a>, permitindo a eles escolher um candidato em cada distrito, com as outras consequ\u00eancias nefastas que j\u00e1 discuti <a title=\"Questionamentos que recebi em mensagens sobre o chamado Voto Distrital\" href=\"http:\/\/novaes-c-politico.com.br\/?p=55\">aqui<\/a>. Em outras palavras, desconfiemos de todas essas invencionices destinadas a &#8220;facilitar&#8221; a vida do eleitor &#8211; em geral, elas facilitam a vida dos pol\u00edticos profissionais, que sempre aspiram diminuir a incerteza de que cada eleitor \u00e9 um portador em potencial.<\/p>\n","protected":false},"excerpt":{"rendered":"<p>Carlos Novaes, 16 de setembro de 2014 A cada elei\u00e7\u00e3o \u00e9 a mesma ladainha: h\u00e1 sempre um engenheiro eleitoral para nos avisar de que nosso modelo de lista aberta para a elei\u00e7\u00e3o de deputados e vereadores tortura o eleitor com milhares de candidatos e o melhor seria algum modelo de voto distrital, para reduzir a [&hellip;]<\/p>\n","protected":false},"author":1338,"featured_media":0,"comment_status":"open","ping_status":"open","sticky":false,"template":"","format":"standard","meta":{"footnotes":""},"categories":[3,2],"tags":[],"class_list":["post-648","post","type-post","status-publish","format-standard","hentry","category-reforma-politica","category-textos-mais-antigos"],"_links":{"self":[{"href":"https:\/\/novaes-c-politico.com.br\/index.php?rest_route=\/wp\/v2\/posts\/648","targetHints":{"allow":["GET"]}}],"collection":[{"href":"https:\/\/novaes-c-politico.com.br\/index.php?rest_route=\/wp\/v2\/posts"}],"about":[{"href":"https:\/\/novaes-c-politico.com.br\/index.php?rest_route=\/wp\/v2\/types\/post"}],"author":[{"embeddable":true,"href":"https:\/\/novaes-c-politico.com.br\/index.php?rest_route=\/wp\/v2\/users\/1338"}],"replies":[{"embeddable":true,"href":"https:\/\/novaes-c-politico.com.br\/index.php?rest_route=%2Fwp%2Fv2%2Fcomments&post=648"}],"version-history":[{"count":9,"href":"https:\/\/novaes-c-politico.com.br\/index.php?rest_route=\/wp\/v2\/posts\/648\/revisions"}],"predecessor-version":[{"id":661,"href":"https:\/\/novaes-c-politico.com.br\/index.php?rest_route=\/wp\/v2\/posts\/648\/revisions\/661"}],"wp:attachment":[{"href":"https:\/\/novaes-c-politico.com.br\/index.php?rest_route=%2Fwp%2Fv2%2Fmedia&parent=648"}],"wp:term":[{"taxonomy":"category","embeddable":true,"href":"https:\/\/novaes-c-politico.com.br\/index.php?rest_route=%2Fwp%2Fv2%2Fcategories&post=648"},{"taxonomy":"post_tag","embeddable":true,"href":"https:\/\/novaes-c-politico.com.br\/index.php?rest_route=%2Fwp%2Fv2%2Ftags&post=648"}],"curies":[{"name":"wp","href":"https:\/\/api.w.org\/{rel}","templated":true}]}}