{"id":6485,"date":"2021-11-16T16:18:47","date_gmt":"2021-11-16T19:18:47","guid":{"rendered":"https:\/\/novaes-c-politico.com.br\/?p=6485"},"modified":"2021-11-17T17:55:21","modified_gmt":"2021-11-17T20:55:21","slug":"o-sentido-nacional-da-politica-miuda","status":"publish","type":"post","link":"https:\/\/novaes-c-politico.com.br\/?p=6485","title":{"rendered":"O SENTIDO NACIONAL DA POL\u00cdTICA MI\u00daDA"},"content":{"rendered":"\n<p class=\"has-text-align-right\">Carlos Novaes, 16 de novembro de 2021<\/p>\n\n\n\n<p>No post imediatamente anterior, publicado <a href=\"https:\/\/novaes-c-politico.com.br\/?p=6450\" data-type=\"post\" data-id=\"6450\">aqui<\/a> h\u00e1 cerca de um m\u00eas, antecipamos o que a m\u00eddia convencional traz, agora, como <a href=\"https:\/\/www1.folha.uol.com.br\/poder\/2021\/11\/partidos-buscam-bolsonaro-para-turbinar-bancadas-e-presidente-mira-senado.shtml\">not\u00edcia<\/a> da &#8220;<a href=\"https:\/\/www1.folha.uol.com.br\/poder\/2021\/11\/anuncio-de-filiacao-de-bolsonaro-ao-pl-pode-ter-sido-apressado-afirma-lira.shtml\">nova&#8221; realidade<\/a> de Bolsonaro: suas dificuldades para lidar com os <a href=\"https:\/\/www1.folha.uol.com.br\/poder\/2021\/11\/bolsonaro-enfrenta-debandada-de-aliados-em-estados-onde-e-rejeitado.shtml\">interesses eleitoreiros<\/a> das fac\u00e7\u00f5es nas composi\u00e7\u00f5es estaduais. Para quem analisa a situa\u00e7\u00e3o no intuito de se orientar acerca do rumo pol\u00edtico do pa\u00eds, esse jogo mi\u00fado estadual, em si mesmo, interessa pouco, pois o resultado n\u00e3o varia: todos eles se arranjam, com os sacrif\u00edcios de praxe, e as vers\u00f5es locais do <a href=\"https:\/\/novaes-c-politico.com.br\/?p=4689\" data-type=\"post\" data-id=\"4689\">Estado de Direito Autorit\u00e1rio<\/a> continuam.<\/p>\n\n\n\n<p>O que ainda h\u00e1 de interessante nisso, por\u00e9m, \u00e9 o fato de que a movimenta\u00e7\u00e3o de Bolsonaro no \u00e2mbito estadual se mostra atribulada n\u00e3o apenas em raz\u00e3o da imbecilidade dele, mas porque essa costura de interesses esbarra na prefer\u00eancia da sua <a href=\"https:\/\/novaes-c-politico.com.br\/?p=6057\" data-type=\"post\" data-id=\"6057\">base paisana<\/a> por uma ruptura com o &#8220;sistema&#8221;. Bolsonaro est\u00e1 a fazer a pol\u00edtica facciosa pr\u00f3-sistema que a sua base mais fiel rejeita. Essa base insiste em Bolsonaro como alternativa antissistema. Por que, depois de tudo que houve, depois at\u00e9 mesmo da Carta do Temer, essa base paisana ainda acredita que Bolsonaro venha a se conduzir de um modo antissistema, encarando toda evid\u00eancia contr\u00e1ria como t\u00e1tica? Porque nosso c\u00e9rebro trabalha sobretudo com as narrativas em que ele pr\u00f3prio se empenhou e j\u00e1 enviou \u00e0 mem\u00f3ria. Para ele, \u00e9 mais f\u00e1cil elaborar uma narrativa <em>justificadora <\/em>do que uma narrativa <em>contraposta<\/em>, afinal, enquanto o primeiro tipo tem a marca do mero ajuste; o segundo imp\u00f5e a trabalheira que toda constru\u00e7\u00e3o nova requer.<\/p>\n\n\n\n<p>Quando, em 2002, Lula lan\u00e7ou a Carta aos Brasileiros, a base <em>lulopetista <\/em>com prefer\u00eancia firme pelo socialismo viveu dilema cerebrino parecido. Naquela altura, n\u00e3o foi incomum encontrar petistas com a narrativa de que a Carta respectiva tamb\u00e9m era apenas um recuo t\u00e1tico, para vencer a elei\u00e7\u00e3o; depois de vencer, Lula haveria de fazer um governo no rumo do socialismo&#8230; [A cria\u00e7\u00e3o do PSOL saiu da frustra\u00e7\u00e3o dessa expectativa (para, no final, acabar repetindo a capitula\u00e7\u00e3o petista, mas sem carta &#8211; mas isso j\u00e1 \u00e9 outra hist\u00f3ria)]. Voltemos.<\/p>\n\n\n\n<p>A manobra que Lula consubstanciou na Carta deu certo n\u00e3o apenas porque era para valer, mas, sobretudo, porque foi realizada afinada com a democracia e num ambiente pol\u00edtico de esperan\u00e7a: ficou incontorn\u00e1vel dar uma chance a Lula e seu PT. A situa\u00e7\u00e3o de Bolsonaro \u00e9 oposta: ele j\u00e1 ocupa a presid\u00eancia da Rep\u00fablica, e o faz de um modo t\u00e3o incompetente e desumano, que, ao contr\u00e1rio de Lula em 2002, j\u00e1 n\u00e3o pode suscitar qualquer esperan\u00e7a. Bolsonaro \u00e9 a certeza de que dias piores vir\u00e3o.<\/p>\n\n\n\n<p>Lula, agora, ainda pode suscitar esperan\u00e7as por tr\u00eas raz\u00f5es: primeiro, o desastre do governo Bolsonaro torna qualquer um motivo de esperan\u00e7a; segundo, os governos Lula foram indiscutivelmente melhores que o governo Bolsonaro; terceiro, Lula pode camuflar sua condi\u00e7\u00e3o de agente faccioso na <a href=\"https:\/\/novaes-c-politico.com.br\/?p=5479\" data-type=\"post\" data-id=\"5479\">injusti\u00e7a que sofreu<\/a> na disputa contra outras fac\u00e7\u00f5es. O Lula injusti\u00e7ado no jogo bruto do sistema ajuda a esconder o fato de Lula ser figura central na opera\u00e7\u00e3o do mesmo sistema, nesse caso, o Estado de Direito Autorit\u00e1rio.<\/p>\n\n\n\n<p>\u00c9 nessa camuflagem que Lula <a href=\"https:\/\/novaes-c-politico.com.br\/?p=6134\" data-type=\"post\" data-id=\"6134\">pode dialogar<\/a> com o sentimento antissistema da maioria da sociedade brasileira, em seu natural pendor cerebrino pelas narrativas acomodat\u00edcias. Vem da\u00ed minha surpresa com as not\u00edcias sobre o interesse de Lula em ter Alckmin como vice em sua chapa. Afinal, se Alckmin viesse a enveredar por esse caminho suicida, estaria a formar com Lula uma chapa pr\u00f3-sistema em estado puro. Alckmin na vice ajuda a quebrar o que h\u00e1 de <a href=\"https:\/\/novaes-c-politico.com.br\/?p=5584\" data-type=\"post\" data-id=\"5584\">falso encanto<\/a> na candidatura de Lula. Fiquei surpreso porque, a ser verdade o desejo que se atribui a Lula, ele, ao contr\u00e1rio do que <a href=\"https:\/\/novaes-c-politico.com.br\/?p=6134\" data-type=\"post\" data-id=\"6134\">imaginei<\/a>, n\u00e3o entendeu bem o lugar que ocupa na pol\u00edtica brasileira atual. Seria um erro cuja <a href=\"https:\/\/novaes-c-politico.com.br\/?p=132\" data-type=\"post\" data-id=\"132\">irracionalidade compete com aquela<\/a> que o levou a n\u00e3o disputar a elei\u00e7\u00e3o de 2014 no lugar de Dilma &#8212; em pol\u00edtica, do irracionalismo saem conforma\u00e7\u00f5es monstruosas&#8230;<\/p>\n\n\n\n<p>E mais: esse bal\u00e3o de ensaio de Alckmin como vice de Lula pode ter ajudado Eduardo Leite nas pr\u00e9vias do PSDB. \u00c9 que os tucanos paulistas que temem ter de enfrentar Alckmin na disputa pelo governo de SP podem ter sido levados ao c\u00e1lculo de que prender D\u00f3ria na disputa pela pr\u00f3pria reelei\u00e7\u00e3o ajudaria a empurrar Alckmin para a chapa de Lula, uma vez que o \u00fanico advers\u00e1rio tem\u00edvel para Alckmin na disputa pelo governo paulista \u00e9 justamente D\u00f3ria, que ainda manejaria a m\u00e1quina estando no cargo. Se for assim, Lula ter\u00e1 contribu\u00eddo para que um <a href=\"https:\/\/novaes-c-politico.com.br\/?p=6450\" data-type=\"post\" data-id=\"6450\">advers\u00e1rio perigoso<\/a> se viabilize como candidato \u00e0 presid\u00eancia.<\/p>\n\n\n\n<p>Seja como for, por que Alckmin abandonaria a grande chance de voltar a pilotar o segundo or\u00e7amento do pa\u00eds em troca da condi\u00e7\u00e3o figurativa de vice do Lula? Ademais, essas especula\u00e7\u00f5es devem ter motivado ainda mais  Alckmin para a disputa do governo de SP, mesmo se tiver de enfrentar D\u00f3ria, e n\u00e3o o desconhecido Garcia; afinal, depois de tentar atra\u00ed-lo para a chapa de Lula, o PT ter\u00e1 alguma dificuldade para atac\u00e1-lo na disputa para governador &#8212; se servia para vice, por que n\u00e3o serve para governador?<\/p>\n\n\n\n<p>Se Lula vem semeando dificuldades em terreno que parecia prop\u00edcio, Bolsonaro est\u00e1 a encontrar dificuldades no terreno lamacento em que sempre chafurdou: a emerg\u00eancia de Moro n\u00e3o como terceira via (como j\u00e1 apontei no \u00faltimo par\u00e1grafo desse post <a href=\"https:\/\/novaes-c-politico.com.br\/?p=5704\" data-type=\"post\" data-id=\"5704\">aqui<\/a>), mas como candidato na pr\u00f3pria via em que o besta se julga senhor. Moro pode se tornar uma alternativa bolsonarista a Bolsonaro, dando novo embalo ao reacionarismo antissistema, que quer substituir o Estado de Direito Autorit\u00e1rio por um Estado com menos <em>de direito<\/em> e mais <em>autorit\u00e1rio<\/em>, vamos ver.<\/p>\n\n\n\n<p><\/p>\n","protected":false},"excerpt":{"rendered":"<p>Carlos Novaes, 16 de novembro de 2021 No post imediatamente anterior, publicado aqui h\u00e1 cerca de um m\u00eas, antecipamos o que a m\u00eddia convencional traz, agora, como not\u00edcia da &#8220;nova&#8221; realidade de Bolsonaro: suas dificuldades para lidar com os interesses eleitoreiros das fac\u00e7\u00f5es nas composi\u00e7\u00f5es estaduais. Para quem analisa a situa\u00e7\u00e3o no intuito de se [&hellip;]<\/p>\n","protected":false},"author":1338,"featured_media":0,"comment_status":"open","ping_status":"open","sticky":false,"template":"","format":"standard","meta":{"footnotes":""},"categories":[2],"tags":[],"class_list":["post-6485","post","type-post","status-publish","format-standard","hentry","category-textos-mais-antigos"],"_links":{"self":[{"href":"https:\/\/novaes-c-politico.com.br\/index.php?rest_route=\/wp\/v2\/posts\/6485","targetHints":{"allow":["GET"]}}],"collection":[{"href":"https:\/\/novaes-c-politico.com.br\/index.php?rest_route=\/wp\/v2\/posts"}],"about":[{"href":"https:\/\/novaes-c-politico.com.br\/index.php?rest_route=\/wp\/v2\/types\/post"}],"author":[{"embeddable":true,"href":"https:\/\/novaes-c-politico.com.br\/index.php?rest_route=\/wp\/v2\/users\/1338"}],"replies":[{"embeddable":true,"href":"https:\/\/novaes-c-politico.com.br\/index.php?rest_route=%2Fwp%2Fv2%2Fcomments&post=6485"}],"version-history":[{"count":35,"href":"https:\/\/novaes-c-politico.com.br\/index.php?rest_route=\/wp\/v2\/posts\/6485\/revisions"}],"predecessor-version":[{"id":6522,"href":"https:\/\/novaes-c-politico.com.br\/index.php?rest_route=\/wp\/v2\/posts\/6485\/revisions\/6522"}],"wp:attachment":[{"href":"https:\/\/novaes-c-politico.com.br\/index.php?rest_route=%2Fwp%2Fv2%2Fmedia&parent=6485"}],"wp:term":[{"taxonomy":"category","embeddable":true,"href":"https:\/\/novaes-c-politico.com.br\/index.php?rest_route=%2Fwp%2Fv2%2Fcategories&post=6485"},{"taxonomy":"post_tag","embeddable":true,"href":"https:\/\/novaes-c-politico.com.br\/index.php?rest_route=%2Fwp%2Fv2%2Ftags&post=6485"}],"curies":[{"name":"wp","href":"https:\/\/api.w.org\/{rel}","templated":true}]}}