{"id":6523,"date":"2021-11-23T19:08:00","date_gmt":"2021-11-23T22:08:00","guid":{"rendered":"https:\/\/novaes-c-politico.com.br\/?p=6523"},"modified":"2021-12-26T14:50:02","modified_gmt":"2021-12-26T17:50:02","slug":"o-formalismo-de-lula","status":"publish","type":"post","link":"https:\/\/novaes-c-politico.com.br\/?p=6523","title":{"rendered":"O &#8220;FORMALISMO&#8221; DE LULA"},"content":{"rendered":"\n<p class=\"has-text-align-right\">Carlos Novaes, 23 de novembro de 2021<\/p>\n\n\n\n<p><em>Mutatis mutandis<\/em>, Daniel Ortega venceu a elei\u00e7\u00e3o presidencial na Nicar\u00e1gua como Putin venceu as suas na R\u00fassia e como Bolsonaro venceu aqui em 2018: os respectivos candidatos de oposi\u00e7\u00e3o foram impedidos de concorrer depois de levados arbitrariamente \u00e0 pris\u00e3o. Por isso, muitos observadores da cena pol\u00edtica estranharam a declara\u00e7\u00e3o dada ontem por Lula <a href=\"https:\/\/www1.folha.uol.com.br\/mundo\/2021\/11\/lula-cita-16-anos-de-merkel-na-alemanha-e-minimiza-ditadura-na-nicaragua.shtml\">ao jornal espanhol El Pa\u00eds<\/a>:<\/p>\n\n\n\n<p><em>\u201cPor que a Angela Merkel pode ficar 16 anos no poder e Daniel Ortega n\u00e3o? Por que o Felipe Gonz\u00e1lez aqui pode ficar 14 anos no poder? Qual \u00e9 a l\u00f3gica?\u201d<\/em><\/p>\n\n\n\n<p>Ora, ningu\u00e9m disse que Ortega n\u00e3o pode ficar no poder por 16 ou 14 anos. A obje\u00e7\u00e3o \u00e9 que ele, ao contr\u00e1rio de Merkel e Gonz\u00e1lez, consiga ficar no poder porque encarcerou os advers\u00e1rios, impedindo-os de disputar a elei\u00e7\u00e3o.<\/p>\n\n\n\n<p>Mas n\u00e3o h\u00e1 o que estranhar. Mais uma vez, Lula se agarrou a um formalismo para defender o indefens\u00e1vel. Ele age como se pudesse se proteger alegando desconhecer fatos amplamente divulgados sobre a ilegitimidade do processo eleitoral da Nicar\u00e1gua, e deixa de lado justamente aquilo que torna inaceit\u00e1vel para um democrata a &#8220;vit\u00f3ria&#8221; de Ortega.<\/p>\n\n\n\n<p>Esse tipo de cinismo n\u00e3o \u00e9 novo no <em>lulopetismo <\/em>(e tampouco \u00e9 exclusividade dele). Quem acompanhou as a\u00e7\u00f5es da LavaJato contra o pr\u00f3prio Lula e contra os tucanos de S\u00e3o Paulo e Minas p\u00f4de notar tanto o facciosismo que construiu a condena\u00e7\u00e3o de Lula, quanto aquele que permitiu aos tucanos se safarem das consequ\u00eancias dos malfeitos havidos em obras do Metr\u00f4 e do Rodoanel, ou nas negociatas de Minas. Por um lado, montaram contra Lula processos judiciais fajutos, de modo a for\u00e7ar a rela\u00e7\u00e3o direta dele com a roubalheira havida na Petrobr\u00e1s quando, de fato, era ele o presidente da Rep\u00fablica; por outro lado, as investiga\u00e7\u00f5es sobre as roubalheiras no Metr\u00f4 e no Rodoanel sequer chegaram a se desenvolver a ponto de permitirem denunciar judicialmente os governadores Geraldo Alckmin e Jos\u00e9 Serra. Os processos contra A\u00e9cio jazem sob l\u00e1pide. O que h\u00e1 de comum nos dois casos e qual a rela\u00e7\u00e3o disso com o cinismo de Lula diante do que se passa na Nicar\u00e1gua?<\/p>\n\n\n\n<p>O que h\u00e1 de comum \u00e9 a incontorn\u00e1vel conclus\u00e3o de que Lula, Alckmin, Serra e A\u00e9cio protagonizaram governos e a\u00e7\u00f5es pol\u00edticas com vastas e profundas a\u00e7\u00f5es de corrup\u00e7\u00e3o. Se contra nenhum dos quatro foi poss\u00edvel conduzir um processo judicial h\u00edgido, com direito \u00e0 ampla defesa e sem facciosismo, a Justi\u00e7a n\u00e3o pode, mesmo, puni-los pelos crimes havidos sob sua responsabilidade. Entretanto, qualquer pessoa que tenha conhecimento dos fatos, ainda mais quando diante da recupera\u00e7\u00e3o de vultosas quantias do dinheiro roubado (como no caso da Petrobr\u00e1s), qualquer pessoa razo\u00e1vel, eu dizia, n\u00e3o poder\u00e1 deixar de repudiar politicamente esses personagens e (se n\u00e3o seus partidos), pelo menos, seus assessores e correligion\u00e1rios mais diretos.<\/p>\n\n\n\n<p>O cinismo est\u00e1 em fazer do car\u00e1ter inconclusivo da <em>dimens\u00e3o judicial<\/em> um meio de legitimar a covardia conveniente de n\u00e3o tirar <em>consequ\u00eancias pol\u00edticas<\/em> dos crimes havidos. Lula e os seus usam as condena\u00e7\u00f5es injustas como atestados de inoc\u00eancia <em>ampla, geral e irrestrita<\/em> (inclusive para <em>crimes conexos<\/em>, pois est\u00e3o, mais uma vez, prontos a se aliarem ao MDB e a for\u00e7as do Centr\u00e3o profundamente implicadas na Petrobr\u00e1s e em outros casos de corrup\u00e7\u00e3o). J\u00e1 os tucanos tocam suas vidas pol\u00edticas com a normalidade c\u00ednica que a m\u00eddia convencional aceita daqueles a quem reconhece como aliados.<\/p>\n\n\n\n<p>Talvez n\u00e3o haja exemplo mais redondo desse cinismo comum a <em>lulopetistas <\/em>e tucanos do que o modo pelo qual Fernando Haddad se conduz na cena pol\u00edtica, como tempos atr\u00e1s j\u00e1 apontei, na se\u00e7\u00e3o <strong>Fica o Registro<\/strong> deste post <a href=\"https:\/\/novaes-c-politico.com.br\/?p=3843\" data-type=\"post\" data-id=\"3843\">aqui<\/a>. <strong>Naquela altura<\/strong>, em 2018, al\u00e9m do cinismo, descortinei, e critiquei, tamb\u00e9m o ensaio da jogada em que, agora, em 2021, o mesmo Haddad se empenha com a desenvoltura dos convictos: a uni\u00e3o facciosa de Lula com o mais not\u00f3rio dentre os tucanos conservadores em atividade, Geraldo Alckmin. Recuperemos o que vimos l\u00e1 atr\u00e1s: <\/p>\n\n\n\n<ul class=\"wp-block-list\"><li><strong>Fernando Haddad apontou<\/strong>&nbsp;em&nbsp;<a href=\"http:\/\/grosteinandrade.blogfolha.uol.com.br\/2018\/03\/22\/haddad-a-gente-nao-teve-a-grandeza-de-sentar-a-mesa-juntos-e-falar-isso-aqui-poe-em-risco-o-brasil\/\">entrevista<\/a>&nbsp;o car\u00e1ter seletivo da indigna\u00e7\u00e3o que certos setores da sociedade t\u00eam exibido contra a corrup\u00e7\u00e3o. Ele tem toda raz\u00e3o e entendo como fundamental apontar que essa hipocrisia \u00e9 parte do que h\u00e1 de fraudulento no jogo de poder em curso. Entretanto, entendo como igualmente fundamental registrar que a escolha de Haddad n\u00e3o \u00e9 melhor: ele n\u00e3o mostra&nbsp;<em>nenhuma<\/em>&nbsp;indigna\u00e7\u00e3o com a corrup\u00e7\u00e3o\u2026 A outra face dessa fleuma conveniente \u00e9 a esperteza contida nessa forma de tergiversar sobre o caso de Lula: \u201cEu tenho a convic\u00e7\u00e3o de quem leu o processo\u201d\u2026 \u2013 como se convic\u00e7\u00f5es pol\u00edticas se formassem da mesma maneira como se fazem as convic\u00e7\u00f5es jur\u00eddicas\u2026 Por isso mesmo, Haddad abre m\u00e3o de toda luta pol\u00edtica contra Alckmin nesse assunto, como se apontar a converg\u00eancia entre Paulo Preto e os governos tucanos fosse algo a ser feito apenas no plano jur\u00eddico! N\u00e3o \u00e0 toa, Haddad declara preferir a palavra de Alckmin \u00e0 palavra \u201cde quem quer que seja que esteja a\u00ed, enrolado com a justi\u00e7a\u201d, como se enrolados com a justi\u00e7a n\u00e3o estivessem todos, inclusive Lula. Haddad escolheu esconder-se da crise acocorado sob um telhado de vidro, mas de microfone na m\u00e3o.<\/li><\/ul>\n\n\n\n<ul class=\"wp-block-list\"><li><strong>Na mesma entrevista, Haddad<\/strong>&nbsp;anacronicamente salientou converg\u00eancias que v\u00ea entre PT e PSDB, como se fosse poss\u00edvel saltarmos os \u00faltimos trinta anos (no curso dos quais eles montaram uma polariza\u00e7\u00e3o fajuta) e covardemente esquecermos que as&nbsp;<a href=\"https:\/\/novaes-c-politico.com.br\/?p=2954\">converg\u00eancias<\/a>&nbsp;se deram sobretudo na acomoda\u00e7\u00e3o \u00e0 desigualdade, na revitaliza\u00e7\u00e3o dos dispositivos paisanos da ditadura (p-MDB e DEM) e na ades\u00e3o \u00e0 corrup\u00e7\u00e3o como m\u00e9todo de reunir poder para fazer dinheiro. Perdidos no tempo, o PT e o PSDB que ele tem na cabe\u00e7a s\u00e3o personagens de f\u00e1bula.<\/li><\/ul>\n\n\n\n<ul class=\"wp-block-list\"><li><strong>\u00c9 que, tal como naquele cinema pobrinho<\/strong>&nbsp;dos faroestes fajutos dos anos sessenta, onde as cenas perigosas recusadas pelos dois protagonistas \u201cadvers\u00e1rios\u201d eram encenadas pelo mesmo dubl\u00ea, nessa&nbsp;<a href=\"https:\/\/novaes-c-politico.com.br\/?p=3088\">pantomima anacr\u00f4nica<\/a>&nbsp;para reavivar a uni\u00e3o FHC+Lula Haddad tem a pretens\u00e3o de ser \u201cdescoberto\u201d como o dubl\u00ea ideal, o que nos leva ao risco de assisti-lo a pregar a uni\u00e3o nacional contra o \u201cpatrimonialismo moderno\u201d vestindo um macac\u00e3o emporcalhado de petr\u00f3leo e montado num jegue \u2013 ficcionista nenhum anteciparia que a realidade pudesse descaracterizar D. Quixote e Hamlet a ponto de ser poss\u00edvel desfigur\u00e1-los numa fus\u00e3o t\u00e3o impertinente.<\/li><\/ul>\n\n\n\n<p>Se os tr\u00eas par\u00e1grafos imediatamente acima descreveram, a quente, o que se passava em mar\u00e7o de 2018, agora, em novembro de 2021, estamos a assistir o frondejar daninho do que foi plantado ent\u00e3o: <strong><em><a href=\"https:\/\/novaes-c-politico.com.br\/?p=5598\" data-type=\"post\" data-id=\"5598\">a uni\u00e3o facciosa (e para ingl\u00eas ver) de duas for\u00e7as que, h\u00e1 trinta anos, recusaram unir-se quando isso teria significado a constru\u00e7\u00e3o de um vetor de luta contra o facciosismo!<\/a><\/em><\/strong><\/p>\n\n\n\n<p>Quer dizer, tanto na desejada vit\u00f3ria com Alckmin, quanto no coment\u00e1rio sobre a &#8220;vit\u00f3ria&#8221; de Ortega, Lula est\u00e1 a exercitar sua condi\u00e7\u00e3o de l\u00edder faccioso <a href=\"https:\/\/novaes-c-politico.com.br\/?p=6134\" data-type=\"post\" data-id=\"6134\">empenhado em proteger o Estado de Direito Autorit\u00e1rio<\/a> como modelo, de costas para tudo o que signifique a trabalheira de construir um Estado de Direito Democr\u00e1tico. S\u00f3 os muito c\u00ednicos e\/ou muito cegos podem se entusiasmar com mais essa postula\u00e7\u00e3o de Lula \u00e0 presid\u00eancia da Rep\u00fablica.<\/p>\n\n\n\n<p><strong>Fica o Registro:<\/strong><\/p>\n\n\n\n<p><strong>&#8211; Na mesma entrevista ao El Pa\u00eds, Lula saiu-se com essa:<\/strong><\/p>\n\n\n\n<p><em>&#8220;O eleitor brasileiro votou no Bolsonaro pelas mesmas raz\u00f5es que o americano votou no Trump. Foi um momento de desajuste emocional de uma parte da humanidade.&#8221;<\/em><\/p>\n\n\n\n<p><strong>O obscurantismo dessa observa\u00e7\u00e3o<\/strong> n\u00e3o faz feio ao lado de uma outra, j\u00e1 explorada <a href=\"https:\/\/novaes-c-politico.com.br\/?p=5372\" data-type=\"post\" data-id=\"5372\">aqui<\/a>, e permite ver por outro \u00e2ngulo o facciosismo de Lula:  ele trata como mero <em>&#8220;desajuste emocional&#8221;<\/em> a infelicidade dos descaminhos havidos na luta das mais diferentes sociedades contra o sistema que ele e outros representam, aqui e alhures, sistema esse que <a href=\"https:\/\/novaes-c-politico.com.br\/?p=4689\" data-type=\"post\" data-id=\"4689\">deu ocasi\u00e3o<\/a> ao sucesso dos <a href=\"https:\/\/novaes-c-politico.com.br\/?p=4889\" data-type=\"post\" data-id=\"4889\">aventureiros<\/a> mencionados. Como l\u00edder faccioso, Lula pretende que se tome como racionalidade inescap\u00e1vel a <em>raz\u00e3o c\u00ednica<\/em> que o orienta precisamente porque abdicou da luta contra a desigualdade na perspectiva de construir um <a href=\"https:\/\/novaes-c-politico.com.br\/?p=4838\" data-type=\"post\" data-id=\"4838\">Estado de Direito Democr\u00e1tico<\/a>.<\/p>\n\n\n\n<p><strong>&#8211; Bolsonaro, embora tenha abandonado o golpismo<\/strong>, continua com seu <a href=\"https:\/\/novaes-c-politico.com.br\/?p=5871\" data-type=\"post\" data-id=\"5871\">&#8220;m\u00e9todo&#8221; de blefador<\/a>: insinua que pode n\u00e3o renovar a concess\u00e3o da <a href=\"https:\/\/novaes-c-politico.com.br\/?p=2534\" data-type=\"post\" data-id=\"2534\">Globo<\/a>, que vence em outubro de 2022, como se estivesse em condi\u00e7\u00f5es de posar de mach\u00e3o e, pior, como se dependesse apenas dele a decis\u00e3o.<\/p>\n\n\n\n<p><strong>&#8211; O UOL publicou <a href=\"https:\/\/www1.folha.uol.com.br\/colunas\/latinoamerica21\/2021\/11\/nicaragua-um-regime-antidemocratico-e-monarquico.shtml\">artigo interessante<\/a> sobre a condu\u00e7\u00e3o daninha que Ortega<\/strong> d\u00e1 ao processo institucional na Nicar\u00e1gua, no qual o autor explora as ambival\u00eancias que caracterizam o exerc\u00edcio da vice-presid\u00eancia e da &#8220;copresid\u00eancia&#8221; pela mulher de Ortega. Ainda que se empenhe em mostrar as diferen\u00e7as entre a condi\u00e7\u00e3o de vice-presidente e a de copresidenta, o autor deixa escapar o principal quando se trata de caracterizar a natureza institucional delet\u00e9ria da a\u00e7\u00e3o de Ortega. Nos meus termos, o <em>facciosismo <\/em>de Ortega pode ser facilmente resumido se recorrermos a ensinamento de Afonso Arinos: <em>&#8220;o vice-presidente \u00e9 vice da Rep\u00fablica, n\u00e3o do presidente&#8221;<\/em>. J\u00e1 a copresidente \u00e9 <em>&#8220;co&#8221;<\/em> do presidente Ortega, n\u00e3o da Rep\u00fablica da Nicar\u00e1gua.<\/p>\n","protected":false},"excerpt":{"rendered":"<p>Carlos Novaes, 23 de novembro de 2021 Mutatis mutandis, Daniel Ortega venceu a elei\u00e7\u00e3o presidencial na Nicar\u00e1gua como Putin venceu as suas na R\u00fassia e como Bolsonaro venceu aqui em 2018: os respectivos candidatos de oposi\u00e7\u00e3o foram impedidos de concorrer depois de levados arbitrariamente \u00e0 pris\u00e3o. Por isso, muitos observadores da cena pol\u00edtica estranharam a [&hellip;]<\/p>\n","protected":false},"author":1338,"featured_media":0,"comment_status":"open","ping_status":"open","sticky":false,"template":"","format":"standard","meta":{"footnotes":""},"categories":[2],"tags":[],"class_list":["post-6523","post","type-post","status-publish","format-standard","hentry","category-textos-mais-antigos"],"_links":{"self":[{"href":"https:\/\/novaes-c-politico.com.br\/index.php?rest_route=\/wp\/v2\/posts\/6523","targetHints":{"allow":["GET"]}}],"collection":[{"href":"https:\/\/novaes-c-politico.com.br\/index.php?rest_route=\/wp\/v2\/posts"}],"about":[{"href":"https:\/\/novaes-c-politico.com.br\/index.php?rest_route=\/wp\/v2\/types\/post"}],"author":[{"embeddable":true,"href":"https:\/\/novaes-c-politico.com.br\/index.php?rest_route=\/wp\/v2\/users\/1338"}],"replies":[{"embeddable":true,"href":"https:\/\/novaes-c-politico.com.br\/index.php?rest_route=%2Fwp%2Fv2%2Fcomments&post=6523"}],"version-history":[{"count":35,"href":"https:\/\/novaes-c-politico.com.br\/index.php?rest_route=\/wp\/v2\/posts\/6523\/revisions"}],"predecessor-version":[{"id":6730,"href":"https:\/\/novaes-c-politico.com.br\/index.php?rest_route=\/wp\/v2\/posts\/6523\/revisions\/6730"}],"wp:attachment":[{"href":"https:\/\/novaes-c-politico.com.br\/index.php?rest_route=%2Fwp%2Fv2%2Fmedia&parent=6523"}],"wp:term":[{"taxonomy":"category","embeddable":true,"href":"https:\/\/novaes-c-politico.com.br\/index.php?rest_route=%2Fwp%2Fv2%2Fcategories&post=6523"},{"taxonomy":"post_tag","embeddable":true,"href":"https:\/\/novaes-c-politico.com.br\/index.php?rest_route=%2Fwp%2Fv2%2Ftags&post=6523"}],"curies":[{"name":"wp","href":"https:\/\/api.w.org\/{rel}","templated":true}]}}