{"id":6637,"date":"2021-12-19T21:06:22","date_gmt":"2021-12-20T00:06:22","guid":{"rendered":"https:\/\/novaes-c-politico.com.br\/?p=6637"},"modified":"2021-12-26T15:07:54","modified_gmt":"2021-12-26T18:07:54","slug":"estariamos-condenados-a-torcer-pelos-conservadores-contra-os-reacionarios","status":"publish","type":"post","link":"https:\/\/novaes-c-politico.com.br\/?p=6637","title":{"rendered":"ESTAR\u00cdAMOS CONDENADOS A TORCER PELOS CONSERVADORES CONTRA OS REACION\u00c1RIOS?"},"content":{"rendered":"\n<p class=\"has-text-align-right\">Carlos Novaes, 19 de dezembro de 2021<\/p>\n\n\n\n<p>Nas linhas a seguir tentarei analisar a conjuntura pol\u00edtica, tendo como par\u00e2metro organizador a ideia propriamente pol\u00edtica de que a sociedade brasileira est\u00e1 submetida a um <em><strong><a href=\"https:\/\/novaes-c-politico.com.br\/?p=4689\" data-type=\"post\" data-id=\"4689\">Estado de Direito Autorit\u00e1rio-EDA em crise de legitima\u00e7\u00e3o<\/a><\/strong><\/em>, situa\u00e7\u00e3o institucional prec\u00e1ria que se deve, em \u00faltima inst\u00e2ncia, \u00e0 realidade econ\u00f4mico-social da <em><strong><a href=\"https:\/\/novaes-c-politico.com.br\/?p=4618\" data-type=\"post\" data-id=\"4618\">desigualdade<\/a><\/strong><\/em>, cujas intensidade e longevidade obrigam a maioria de n\u00f3s a viver sob varia\u00e7\u00f5es infelizes de <strong><em><a href=\"https:\/\/novaes-c-politico.com.br\/?p=4722\" data-type=\"post\" data-id=\"4722\">duas urg\u00eancias<\/a><\/em><\/strong>: uma <em>urg\u00eancia social<\/em> e uma <em>urg\u00eancia por ordem<\/em>. Como este blog n\u00e3o faz jornalismo, mas teoria pol\u00edtica viva (e, por isso mesmo, a quente), a leitura dos artigos assinalados nos hiperlinks dar\u00e1 ao leitor elementos para melhor compreender a concatena\u00e7\u00e3o entre as afirma\u00e7\u00f5es que acabo de fazer e o que foi dito h\u00e1 tempos, o que tamb\u00e9m ajudaria na compreens\u00e3o do que se dir\u00e1 a seguir.<\/p>\n\n\n\n<p>Velhas de d\u00e9cadas, as <em>duas urg\u00eancias<\/em> mencionadas j\u00e1 afligiam o eleitorado nas elei\u00e7\u00f5es de 2018, mas nenhum partido ou candidato \u00e0 presid\u00eancia apresentou uma proposta que as articulasse &#8212; naquela altura, <a href=\"https:\/\/novaes-c-politico.com.br\/?p=4821\" data-type=\"post\" data-id=\"4821\">discuti detalhadamente<\/a> os motivos que impediam Bolsonaro e Haddad de oferecerem essa articula\u00e7\u00e3o. Como n\u00e3o poderia deixar de ser, depois de tr\u00eas anos de governo Bolsonaro e da mesma <a href=\"https:\/\/novaes-c-politico.com.br\/?p=2794\" data-type=\"post\" data-id=\"2794\">din\u00e2mica congressual das fac\u00e7\u00f5es<\/a>, as duas urg\u00eancias se agravaram: de um lado, a <em><strong>urg\u00eancia social<\/strong><\/em> foi incrementada com as consequ\u00eancias da pandemia, com o desmantelamento de programas sociais, com reformas que suprimiram direitos e com uma pol\u00edtica econ\u00f4mica que levou, dentre outros desmazelos e sofrimentos, ao desarranjo de cadeias produtivas complexas como a do petr\u00f3leo, e ao aumento da fome.<\/p>\n\n\n\n<p>De outro lado, a <em><strong>urg\u00eancia por ordem<\/strong><\/em> contra a corrup\u00e7\u00e3o incessante, contra os abusos e privil\u00e9gios de pol\u00edticos e hierarcas insaci\u00e1veis, ou contra os desmandos de uma <em>PM<\/em>il\u00edcia sob comando faccioso, aparece incrementada pelo aumento da bo\u00e7alidade armamentista e pela expans\u00e3o da atividade criminosa, seja nos confins das florestas, nos enclaves rurais ou nos centros urbanos. Na floresta campeia a viol\u00eancia contra os \u00edndios e o meio ambiente por parte de mineradores e pecuaristas; nos enclaves rurais, o abuso contra posseiros e trabalhadores cresce na velocidade em que se legaliza o porte de armas; nos centros urbanos, os chamados criminosos comuns, na busca de alguma &#8220;legitimidade&#8221;, j\u00e1 v\u00e3o al\u00e9m da &#8220;caridade&#8221; e se voltaram at\u00e9 para o ordenamento dos costumes, estabelecendo nas comunidades regras que, reunindo o comezinho ao b\u00e1rbaro, explicitam o arb\u00edtrio reinante pelo que t\u00eam em comum com a a\u00e7\u00e3o da pol\u00edcia que alega combat\u00ea-los &#8212; quer dizer: nas elei\u00e7\u00f5es de 2022 haver\u00e1 uma necessidade ainda maior de concatenar nossas duas urg\u00eancias.<\/p>\n\n\n\n<p>Uma das evid\u00eancias de que os pol\u00edticos profissionais n\u00e3o oferecer\u00e3o uma alternativa est\u00e1 no fato de que eles se ocupam t\u00e3o somente da pr\u00f3pria sobreviv\u00eancia, isto \u00e9, est\u00e3o sempre e antes de tudo voltados a continuar como pol\u00edticos profissionais, <a href=\"https:\/\/novaes-c-politico.com.br\/?p=4838\" data-type=\"post\" data-id=\"4838\">reunindo poder para fazer dinheiro<\/a>. J\u00e1 detalhei aqui os problemas que decorrem da possibilidade de <a href=\"https:\/\/novaes-c-politico.com.br\/?p=115\" data-type=\"post\" data-id=\"115\">reelei\u00e7\u00e3o infinita<\/a> para o Legislativo (representa\u00e7\u00e3o). Discuti tamb\u00e9m o <a href=\"https:\/\/novaes-c-politico.com.br\/?p=121\" data-type=\"post\" data-id=\"121\">aspecto mundial<\/a> dessa deforma\u00e7\u00e3o da representa\u00e7\u00e3o, que est\u00e1 na raiz da chamada &#8220;crise da democracia <em>liberal<\/em>&#8220;. Limitar a crise da democracia da &#8220;representa\u00e7\u00e3o profissional&#8221; ao que h\u00e1 de <em>liberal<\/em> nela \u00e9 muito c\u00f4modo e oportuno para a autointitulada esquerda, que se aproveita da cr\u00edtica necess\u00e1ria ao liberalismo para esconder suas pr\u00f3prias mazelas e propagar a ilus\u00e3o de que teria uma proposta alternativa, baseada na ideia enganosa de democracia direta, pela qual nada faz e cujas limita\u00e7\u00f5es j\u00e1 discuti <a href=\"https:\/\/novaes-c-politico.com.br\/?p=125\" data-type=\"post\" data-id=\"125\">aqui<\/a>. \u00c9 olhar e ver: desde seus prim\u00f3rdios, o que os profissionais do PT, do PSB ou do PSOL fazem \u00e9 lutar para continuarem com seus mandatos, numa resist\u00eancia intramuros \u00e0 renova\u00e7\u00e3o que alimenta o facciosismo contra a mudan\u00e7a em geral &#8212; nada mais parecido com um pol\u00edtico profissional do que outro pol\u00edtico profissional.<\/p>\n\n\n\n<p>Como o profissionalismo pol\u00edtico fez do Congresso uma <a href=\"https:\/\/novaes-c-politico.com.br\/?p=2794\" data-type=\"post\" data-id=\"2794\">casamata contra a mudan\u00e7a<\/a>, e como o eleitor m\u00e9dio n\u00e3o presta aten\u00e7\u00e3o ao conjunto, as elei\u00e7\u00f5es para o Executivo (gest\u00e3o) passaram a concentrar toda esperan\u00e7a de mudan\u00e7a, sempre com o mesmo resultado: ou o presidente da Rep\u00fablica compra o Congresso, ou \u00e9 anulado e at\u00e9 deposto por ele. A <a href=\"https:\/\/novaes-c-politico.com.br\/?p=5352\" data-type=\"post\" data-id=\"5352\">rendi\u00e7\u00e3o<\/a> de Bolsonaro ao Centr\u00e3o \u00e9 o exemplo mais recente, sendo a quebra pelo Congresso do veto presidencial ao <a href=\"https:\/\/novaes-c-politico.com.br\/?p=4270\" data-type=\"post\" data-id=\"4270\">obsceno fundo<\/a> eleitoral de 5,7 bilh\u00f5es de reais a evid\u00eancia mais cintilante dessa pantomima, pois os parlamentares da oposi\u00e7\u00e3o puderam camuflar de antibolsonarismo sua avidez por dinheiro.<\/p>\n\n\n\n<p>De modo que, se queremos mudan\u00e7a, temos que derrotar conservadores e reacion\u00e1rios tanto na elei\u00e7\u00e3o presidencial quanto na elei\u00e7\u00e3o para o Congresso. O problema \u00e9 que n\u00e3o s\u00f3 a disputa presidencial est\u00e1 polarizada entre um <a href=\"https:\/\/novaes-c-politico.com.br\/?p=5501\" data-type=\"post\" data-id=\"5501\">conservador (Lula) e um reacion\u00e1rio (Bolsonaro)<\/a>, como as candidaturas &#8220;alternativas&#8221; n\u00e3o passam de vers\u00f5es n\u00e3o menos facciosas desses dois. Como <a href=\"https:\/\/novaes-c-politico.com.br\/?p=6134\" data-type=\"post\" data-id=\"6134\">j\u00e1 vimos<\/a>, toda a movimenta\u00e7\u00e3o de Lula se d\u00e1 na costura das fac\u00e7\u00f5es, segundo um sentido rebaixado da a\u00e7\u00e3o pol\u00edtica, tida como reservada aos profissionais. Para Lula, empenhar-se pela transforma\u00e7\u00e3o do Congresso seria dar um tiro no pr\u00f3prio p\u00e9: o sucesso dele depende de negocia\u00e7\u00f5es com o Congresso como ele \u00e9, estu\u00e1rio e teatro da luta de fac\u00e7\u00f5es em busca de poder para fazer dinheiro, tudo com base no <em>exerc\u00edcio faccioso dos poderes institucionais<\/em>, pr\u00e1ticas de que o caso da Petrobr\u00e1s \u00e9 o exemplo mais not\u00f3rio. \u00c9 por isso que Lula se movimenta como se a anula\u00e7\u00e3o das condena\u00e7\u00f5es facciosas que sofreu valessem por um atestado de inoc\u00eancia <em>ampla, geral e irrestrita<\/em>, inclusive para os <em>crimes conexos<\/em> das for\u00e7as congressuais cujos processos tamb\u00e9m j\u00e1 empacaram no concatenado <a href=\"https:\/\/novaes-c-politico.com.br\/?p=5154\" data-type=\"post\" data-id=\"5154\">facciosismo do Judici\u00e1rio<\/a>, como nos casos do <a href=\"https:\/\/www.cnnbrasil.com.br\/politica\/justica-absolve-integrantes-do-quadrilhao-do-mdb\/\">quadrilh\u00e3o<\/a> do <a href=\"https:\/\/novaes-c-politico.com.br\/?p=1260\" data-type=\"post\" data-id=\"1260\">pMDB<\/a> e do <a href=\"https:\/\/valor.globo.com\/politica\/noticia\/2021\/06\/01\/stf-arquiva-em-definitivo-inquerito-do-quadrilhao-do-pp-que-investigava-lira.ghtml\">quadrilh\u00e3o do PP<\/a>.<\/p>\n\n\n\n<p>\u00c9 dessa perspectiva que a poss\u00edvel chapa Lula-Alckmin deve ser analisada: trata-se de uma solda facciosa para garantir \u00e0s fac\u00e7\u00f5es que tudo ficar\u00e1 como sempre,  e n\u00e3o para enviar ao Mercado provas de um &#8220;centrismo&#8221; que Lula n\u00e3o precisa dar desde a Carta de 2002! Pretender que Lula precisa de Alckmin para n\u00e3o parecer um esquerdista \u00e9, na melhor das hip\u00f3teses, uma ingenuidade. Mesmo se fosse assim, a uni\u00e3o deles seria um anacronismo que j\u00e1 discuti <a href=\"https:\/\/novaes-c-politico.com.br\/?p=3088\" data-type=\"post\" data-id=\"3088\">aqui<\/a> e <a href=\"https:\/\/novaes-c-politico.com.br\/?p=6557\" data-type=\"post\" data-id=\"6557\">aqui<\/a>: nem Lula, nem Alckmin representam hoje o que o PT e o PSDB foram no passado, quando ainda pareciam partidos voltados \u00e0 transforma\u00e7\u00e3o do Brasil, tema que recentemente retomei <a href=\"https:\/\/novaes-c-politico.com.br\/?p=5598\" data-type=\"post\" data-id=\"5598\">aqui<\/a>. Embora haja quem enxergue nessa uni\u00e3o uma <a href=\"https:\/\/www.brasil247.com\/brasil\/mathias-alencastro-lula-alckmin-e-revolucao-republicana-e-mostra-que-a-coalizao-e-nao-a-ruptura-e-o-caminho-do-pt\">&#8220;revolu\u00e7\u00e3o republicana<\/a>&#8220;, o fato \u00e9 que a <a href=\"https:\/\/novaes-c-politico.com.br\/?p=5231\" data-type=\"post\" data-id=\"5231\">geringon\u00e7a tupiniquim<\/a>, pela ades\u00e3o de Alckmin a Lula, finalmente chancelaria a sa\u00edda facciosa com que os tucanos e o establishment sonharam em <a href=\"https:\/\/novaes-c-politico.com.br\/?p=2403\" data-type=\"post\" data-id=\"2403\">mar\u00e7o de 2016<\/a>, quando estavam em luta contra o que havia de republicano na n\u00e3o menos facciosa LavaJato: Lula cimentando as fac\u00e7\u00f5es num muro de pedras para conter a vontade pela mudan\u00e7a da maioria da sociedade brasileira.<\/p>\n\n\n\n<p>Diante da crise de legitima\u00e7\u00e3o do <strong>EDA<\/strong>, a solidez desse muro \u00e9 aparente e ele poder\u00e1 ruir se emergir uma alternativa que, dialogando sob orienta\u00e7\u00e3o democr\u00e1tica com o <a href=\"https:\/\/novaes-c-politico.com.br\/?p=6450\" data-type=\"post\" data-id=\"6450\">sentimento antissistema<\/a> da maioria da sociedade, concatene nossas duas urg\u00eancias. Como a constru\u00e7\u00e3o de uma alternativa assim demanda tempo, \u00e9 improv\u00e1vel que ela se apresente para 2022. Entretanto, dado o Brasil ser como \u00e9, n\u00e3o \u00e9 de descartar que a crise de legitima\u00e7\u00e3o acabe por produzir mais um aleij\u00e3o pol\u00edtico, levando a que nas fissuras do muro de Lula venha a medrar uma vigarice como a candidatura de Moro, como se ele ainda pudesse suscitar as esperan\u00e7as que suscitou no in\u00edcio da LavaJato &#8212; seria a <a href=\"https:\/\/novaes-c-politico.com.br\/?p=5598\" data-type=\"post\" data-id=\"5598\">trag\u00e9dia depois da farsa<\/a>.<\/p>\n\n\n\n<p><strong>Fica o Registro:<\/strong><\/p>\n\n\n\n<p><strong>Ciro perdeu a oportunidade de fazer da a\u00e7\u00e3o facciosa da PF<\/strong> contra ele e seu irm\u00e3o um pretexto para atender a <a href=\"https:\/\/novaes-c-politico.com.br\/?p=5693\" data-type=\"post\" data-id=\"5693\">prevista<\/a> movimenta\u00e7\u00e3o das candidaturas regionais do PDT contra sua pretens\u00e3o de disputar a presid\u00eancia da Rep\u00fablica (Ciro est\u00e1 a ser cristianizado quase 1 ano antes da elei\u00e7\u00e3o&#8230;). A solidariedade que recebeu de Lula acabou por enred\u00e1-lo em mais uma contradi\u00e7\u00e3o, pois acabou por dizer que nunca chamou Lula de ladr\u00e3o&#8230; Ao fim e ao cabo, se Ciro fosse capaz de tirar consequ\u00eancias prof\u00edcuas da sua situa\u00e7\u00e3o pol\u00edtica real, anunciaria apoio a Lula e se colocaria \u00e0 disposi\u00e7\u00e3o para ser candidato a governador de S\u00e3o Paulo, tendo M\u00e1rcio Fran\u00e7a de vice e com Haddad para o senado. Seria uma <a href=\"https:\/\/novaes-c-politico.com.br\/?p=5704\" data-type=\"post\" data-id=\"5704\">frente de fac\u00e7\u00f5es<\/a> para ningu\u00e9m botar defeito.<\/p>\n\n\n\n<p><strong>Helo\u00edsa Helena, porta-voz da Rede Sustentabilidade<\/strong>, <a href=\"https:\/\/noticias.uol.com.br\/politica\/ultimas-noticias\/2021\/12\/18\/rede-sustentabilidade-senadores-deputados-clausula.htm\">deu entrevista<\/a> sobre as afli\u00e7\u00f5es da agremia\u00e7\u00e3o, que vem sofrendo com a sa\u00edda de parlamentares para outros partidos e precisa ampliar sua vota\u00e7\u00e3o para o Congresso a fim de transpor a cl\u00e1usula de barreira. Interessante observar que ela encarou com a maior naturalidade (a Rede &#8220;n\u00e3o pode reclamar&#8221;) a sa\u00edda dos parlamentares eleitos pela Rede, como se o fato de eles terem se associado ao partido na modalidade de &#8220;candidaturas c\u00edvicas&#8221; independentes tornasse essa independ\u00eancia uma prerrogativa individual deles, e n\u00e3o um compromisso com os eleitores. Ora, eles se candidataram pela Rede precisamente porque perceberam, com raz\u00e3o, que seus eleitores n\u00e3o tinham simpatia pelos partidos para os quais agora migram. Logo, o v\u00ednculo com a Rede n\u00e3o deveria ser encarado nesse sentido liberal\u00f3ide que lhe deu a ex-senadora. A desorienta\u00e7\u00e3o dessa Rede n\u00e3o tem fim.<\/p>\n","protected":false},"excerpt":{"rendered":"<p>Carlos Novaes, 19 de dezembro de 2021 Nas linhas a seguir tentarei analisar a conjuntura pol\u00edtica, tendo como par\u00e2metro organizador a ideia propriamente pol\u00edtica de que a sociedade brasileira est\u00e1 submetida a um Estado de Direito Autorit\u00e1rio-EDA em crise de legitima\u00e7\u00e3o, situa\u00e7\u00e3o institucional prec\u00e1ria que se deve, em \u00faltima inst\u00e2ncia, \u00e0 realidade econ\u00f4mico-social da desigualdade, [&hellip;]<\/p>\n","protected":false},"author":1338,"featured_media":0,"comment_status":"open","ping_status":"open","sticky":false,"template":"","format":"standard","meta":{"footnotes":""},"categories":[2],"tags":[],"class_list":["post-6637","post","type-post","status-publish","format-standard","hentry","category-textos-mais-antigos"],"_links":{"self":[{"href":"https:\/\/novaes-c-politico.com.br\/index.php?rest_route=\/wp\/v2\/posts\/6637","targetHints":{"allow":["GET"]}}],"collection":[{"href":"https:\/\/novaes-c-politico.com.br\/index.php?rest_route=\/wp\/v2\/posts"}],"about":[{"href":"https:\/\/novaes-c-politico.com.br\/index.php?rest_route=\/wp\/v2\/types\/post"}],"author":[{"embeddable":true,"href":"https:\/\/novaes-c-politico.com.br\/index.php?rest_route=\/wp\/v2\/users\/1338"}],"replies":[{"embeddable":true,"href":"https:\/\/novaes-c-politico.com.br\/index.php?rest_route=%2Fwp%2Fv2%2Fcomments&post=6637"}],"version-history":[{"count":69,"href":"https:\/\/novaes-c-politico.com.br\/index.php?rest_route=\/wp\/v2\/posts\/6637\/revisions"}],"predecessor-version":[{"id":6736,"href":"https:\/\/novaes-c-politico.com.br\/index.php?rest_route=\/wp\/v2\/posts\/6637\/revisions\/6736"}],"wp:attachment":[{"href":"https:\/\/novaes-c-politico.com.br\/index.php?rest_route=%2Fwp%2Fv2%2Fmedia&parent=6637"}],"wp:term":[{"taxonomy":"category","embeddable":true,"href":"https:\/\/novaes-c-politico.com.br\/index.php?rest_route=%2Fwp%2Fv2%2Fcategories&post=6637"},{"taxonomy":"post_tag","embeddable":true,"href":"https:\/\/novaes-c-politico.com.br\/index.php?rest_route=%2Fwp%2Fv2%2Ftags&post=6637"}],"curies":[{"name":"wp","href":"https:\/\/api.w.org\/{rel}","templated":true}]}}