{"id":6849,"date":"2022-03-24T13:47:15","date_gmt":"2022-03-24T16:47:15","guid":{"rendered":"https:\/\/novaes-c-politico.com.br\/?p=6849"},"modified":"2023-01-21T12:56:19","modified_gmt":"2023-01-21T15:56:19","slug":"alckmin-e-dellagnol-aspectos-da-mesma-farsa","status":"publish","type":"post","link":"https:\/\/novaes-c-politico.com.br\/?p=6849","title":{"rendered":"ALCKMIN E DELLAGNOL: ASPECTOS DA MESMA FARSA"},"content":{"rendered":"\n<p class=\"has-text-align-right\">Carlos Novaes, 24 de mar\u00e7o de 2022<\/p>\n\n\n\n<p>Em 12 de setembro de 2016, a ministra Carmen L\u00facia tomou posse na presid\u00eancia do STF; dois dias depois (14), o ent\u00e3o procurador da Rep\u00fablica, Deltan Dellagnol, armou seu circo &#8220;evang\u00e9lico&#8221; com o PowerPoint contra Lula, escancarando o facciosismo da Lava Jato em Curitiba. Naquela altura, este blog se ocupava em apresentar um entendimento do que se passava com base na ideia de que viv\u00edamos (como vivemos) sob um Estado de Direito Autorit\u00e1rio-<em><strong>EDA<\/strong><\/em>, e tentava assuntar perspectivas para a ent\u00e3o futura elei\u00e7\u00e3o presidencial de 2018 &#8212; havia o receio de que em 2018 se elegesse um candidato que nos levasse \u00e0 consolida\u00e7\u00e3o do autoritarismo&#8230; e este blog via numa candidatura Alckmin, pelo PSB, essa amea\u00e7a. Foi por isso que, em 16 de setembro de 2016 escrevi um artigo em que tratava, a quente, esse conjunto de quest\u00f5es daqueles dias. Pe\u00e7o ao leitor que, antes de prosseguir, leia (ou releia) o tal artigo: <a href=\"https:\/\/novaes-c-politico.com.br\/?p=3017\" data-type=\"post\" data-id=\"3017\">CONSOLIDA\u00c7\u00c3O DO AUTORITARISMO<\/a>.<\/p>\n\n\n\n<p>De modo que, quase seis anos depois, esse reencontro contempor\u00e2neo de Alckmin e Dellagnol nada tem de casual, uma vez que o <a href=\"https:\/\/novaes-c-politico.com.br\/?p=5154\" data-type=\"post\" data-id=\"5154\">looping das fac\u00e7\u00f5es<\/a> est\u00e1 a dar mais uma das suas voltas espiraladas: Alckmin entrou no PSB para afastar do <strong><em>EDA<\/em><\/strong> as incertezas trazidas por Bolsonaro; e Dellagnol foi punido porque seu facciosismo revelou-se incomodamente afinado com o de Bolsonaro: usar o combate \u00e0 corrup\u00e7\u00e3o para <a href=\"https:\/\/novaes-c-politico.com.br\/?p=5979\" data-type=\"post\" data-id=\"5979\">suprimir o <em>&#8220;de Direito&#8221;<\/em><\/a> do Estado de Direito Autorit\u00e1rio. A manobra com Alckmin e a puni\u00e7\u00e3o de Dellagnol s\u00e3o eventos de uma <a href=\"https:\/\/novaes-c-politico.com.br\/?p=5665\" data-type=\"post\" data-id=\"5665\">tentativa de restaura\u00e7\u00e3o<\/a>.<\/p>\n\n\n\n<p>Em outras palavras, Alckmin no PSB, com a meta de ser <a href=\"https:\/\/novaes-c-politico.com.br\/?p=6740\" data-type=\"post\" data-id=\"6740\">vice<\/a> na chapa de Lula, e Dellagnol condenado, a indenizar o mesmo Lula, s\u00e3o eventos distintos de uma mesma grande opera\u00e7\u00e3o facciosa: devolver o <em><strong>EDA<\/strong><\/em> \u00e0 situa\u00e7\u00e3o anterior \u00e0quela que resultou da elei\u00e7\u00e3o presidencial de 2018. Evidentemente, n\u00e3o vejo essa concatena\u00e7\u00e3o como resultado de qualquer conspira\u00e7\u00e3o totalizante. Trata-se de fazer aqui um exerc\u00edcio propriamente intelectual para entender o sentido geral do que se passa, para muito al\u00e9m do que poderiam ser as micro conspira\u00e7\u00f5es cotidianas que sempre tomam parte na tessitura do real.<\/p>\n\n\n\n<p>Alckmin n\u00e3o foi bem sucedido em sua <a href=\"https:\/\/novaes-c-politico.com.br\/?p=4463\" data-type=\"post\" data-id=\"4463\">empreitada facciosa e ultraconservadora<\/a> em 2018 e, agora, justamente por sempre ter sido um conservador, \u00e9 resgatado para figurar num projeto de restaura\u00e7\u00e3o conservadora do <em><strong>EDA<\/strong> em crise de legitima\u00e7\u00e3o<\/em> citando Mario Covas, como se sempre tivesse sido um progressista&#8230; Farsa dentro da farsa.<\/p>\n\n\n\n<p>Dellagnol foi bem sucedido em sua empreitada facciosa e ultraconservadora em 2018 (prendeu Lula\/elegeu Bolsonaro) e, agora, justamente por figurar do lado derrotado nessa la\u00e7ada da luta de fac\u00e7\u00f5es do <em><a href=\"https:\/\/novaes-c-politico.com.br\/?p=3622\" data-type=\"post\" data-id=\"3622\"><strong>EDA<\/strong> em crise de legitima\u00e7\u00e3o<\/a><\/em>, se v\u00ea condenado e a reclamar de injusti\u00e7a por parte de um &#8220;sistema&#8221; cujo facciosismo ele pr\u00f3prio fomentou&#8230; Farsa dentro da farsa.<\/p>\n\n\n\n<p>O que acaba de ser dito parece complexo? Parece implaus\u00edvel? Deixar\u00e1 de s\u00ea-lo se o leitor se der ao trabalho de ler os seguintes artigos anteriores:<\/p>\n\n\n\n<ol class=\"wp-block-list\"><li><a href=\"https:\/\/novaes-c-politico.com.br\/?p=3017\" data-type=\"post\" data-id=\"3017\">Consolida\u00e7\u00e3o do Autoritarismo<\/a> (inclusive minha resposta aos <em>Coment\u00e1rios<\/em>);<\/li><li><a href=\"https:\/\/novaes-c-politico.com.br\/?p=6103\" data-type=\"post\" data-id=\"6103\">Ensinamentos do racha na base bolsonarista<\/a>;<\/li><li><a href=\"https:\/\/novaes-c-politico.com.br\/?p=6134\" data-type=\"post\" data-id=\"6134\">Bolsonaro deve ser derrotado, n\u00e3o derrubado, mas&#8230;<\/a>;<\/li><li><a href=\"https:\/\/novaes-c-politico.com.br\/?p=4689\" data-type=\"post\" data-id=\"4689\">Crise de legitima\u00e7\u00e3o e elei\u00e7\u00e3o presidencial<\/a>;<\/li><li><a href=\"https:\/\/novaes-c-politico.com.br\/?p=5771\" data-type=\"post\" data-id=\"5771\">Voto impresso e crise de legitima\u00e7\u00e3o<\/a>.<\/li><\/ol>\n\n\n\n<p><\/p>\n","protected":false},"excerpt":{"rendered":"<p>Carlos Novaes, 24 de mar\u00e7o de 2022 Em 12 de setembro de 2016, a ministra Carmen L\u00facia tomou posse na presid\u00eancia do STF; dois dias depois (14), o ent\u00e3o procurador da Rep\u00fablica, Deltan Dellagnol, armou seu circo &#8220;evang\u00e9lico&#8221; com o PowerPoint contra Lula, escancarando o facciosismo da Lava Jato em Curitiba. Naquela altura, este blog [&hellip;]<\/p>\n","protected":false},"author":1338,"featured_media":0,"comment_status":"open","ping_status":"open","sticky":false,"template":"","format":"standard","meta":{"footnotes":""},"categories":[2],"tags":[],"class_list":["post-6849","post","type-post","status-publish","format-standard","hentry","category-textos-mais-antigos"],"_links":{"self":[{"href":"https:\/\/novaes-c-politico.com.br\/index.php?rest_route=\/wp\/v2\/posts\/6849","targetHints":{"allow":["GET"]}}],"collection":[{"href":"https:\/\/novaes-c-politico.com.br\/index.php?rest_route=\/wp\/v2\/posts"}],"about":[{"href":"https:\/\/novaes-c-politico.com.br\/index.php?rest_route=\/wp\/v2\/types\/post"}],"author":[{"embeddable":true,"href":"https:\/\/novaes-c-politico.com.br\/index.php?rest_route=\/wp\/v2\/users\/1338"}],"replies":[{"embeddable":true,"href":"https:\/\/novaes-c-politico.com.br\/index.php?rest_route=%2Fwp%2Fv2%2Fcomments&post=6849"}],"version-history":[{"count":15,"href":"https:\/\/novaes-c-politico.com.br\/index.php?rest_route=\/wp\/v2\/posts\/6849\/revisions"}],"predecessor-version":[{"id":8091,"href":"https:\/\/novaes-c-politico.com.br\/index.php?rest_route=\/wp\/v2\/posts\/6849\/revisions\/8091"}],"wp:attachment":[{"href":"https:\/\/novaes-c-politico.com.br\/index.php?rest_route=%2Fwp%2Fv2%2Fmedia&parent=6849"}],"wp:term":[{"taxonomy":"category","embeddable":true,"href":"https:\/\/novaes-c-politico.com.br\/index.php?rest_route=%2Fwp%2Fv2%2Fcategories&post=6849"},{"taxonomy":"post_tag","embeddable":true,"href":"https:\/\/novaes-c-politico.com.br\/index.php?rest_route=%2Fwp%2Fv2%2Ftags&post=6849"}],"curies":[{"name":"wp","href":"https:\/\/api.w.org\/{rel}","templated":true}]}}