{"id":6865,"date":"2022-04-18T19:05:28","date_gmt":"2022-04-18T22:05:28","guid":{"rendered":"https:\/\/novaes-c-politico.com.br\/?p=6865"},"modified":"2022-05-14T00:56:13","modified_gmt":"2022-05-14T03:56:13","slug":"a-vida-continua","status":"publish","type":"post","link":"https:\/\/novaes-c-politico.com.br\/?p=6865","title":{"rendered":"A VIDA CONTINUA"},"content":{"rendered":"\n<p class=\"has-text-align-right\">Abril de 2022<\/p>\n\n\n\n<p>Nesse intervalo em que nada publiquei neste Blog perdi minha m\u00e3e, Mathilde, que faria 93 anos em maio pr\u00f3ximo. Por cerca de dez anos ela sofreu consequ\u00eancias do desenvolvimento progressivo do mal de Alzheimer que, como se sabe, no in\u00edcio afeta a mem\u00f3ria cognitiva e, com o tempo, gera confus\u00e3o crescente e chega a comprometer a mem\u00f3ria motora, quando a pessoa apresenta dificuldades para lembrar como andar, engolir etc. Embora tenha apresentado graus desses sintomas t\u00edpicos, e ainda que sob alguma confus\u00e3o, minha m\u00e3e andou, comeu e foi capaz de nos reconhecer at\u00e9 um dia antes da morte. Isso foi poss\u00edvel porque ao longo de todo o desenvolvimento da doen\u00e7a ela morou com um dos 8 filhos que teve, meu irm\u00e3o Marcos Novaes. Marcos e a esposa, Renata Karl, dispensaram a ela, por dez anos, zeloso acompanhamento cotidiano, pelo qual expresso aqui todo o meu reconhecimento. Gra\u00e7as ao desvelo deles, guardo uma lembran\u00e7a querida e muito significativa da rela\u00e7\u00e3o que tive com minha m\u00e3e: em algum momento mais para o fim de 2019, altura em que a doen\u00e7a j\u00e1 avan\u00e7ara bastante, fiz uma visita a ela na casa de Renata e Marcos. No papo que se seguiu ao almo\u00e7o, juntou-se a n\u00f3s um velho e querido amigo. Embora preferisse ficar em sil\u00eancio, minha m\u00e3e gostava dessas conversas e n\u00f3s n\u00e3o deix\u00e1vamos de integr\u00e1-la, embora eu tivesse alguma d\u00favida sobre o quanto ela acompanhava do ziguezague vivaz. Com a presen\u00e7a do amigo, o papo enveredou para o tema das novas tecnologias e falamos sobre o quanto coisas como celulares, m\u00e1quinas e ferramentas (aos quais chamo de mem\u00f3ria reificada) dominam hoje a nossa vida, n\u00e3o s\u00f3 trazendo aprendizados e exigindo aprendizados, mas tamb\u00e9m, com certa magia, dispensando aprendizados, nos levando a fazer o que a pr\u00f3pria mem\u00f3ria reificada exige, sem que saibamos bem como ou porqu\u00ea. A certa altura, por entre um sorriso que era t\u00edpico dela, dona Mailde (como carinhosamente a cham\u00e1vamos) nos deu mais uma demonstra\u00e7\u00e3o da sua persist\u00eancia e, para minha alegria, afastou qualquer d\u00favida acerca do seu engajamento na conversa saindo-se com essa: <em>&#8220;para quem quer trabalhar, at\u00e9 as ferramentas ensinam, n\u00e3o \u00e9?&#8221;<\/em><\/p>\n","protected":false},"excerpt":{"rendered":"<p>Abril de 2022 Nesse intervalo em que nada publiquei neste Blog perdi minha m\u00e3e, Mathilde, que faria 93 anos em maio pr\u00f3ximo. Por cerca de dez anos ela sofreu consequ\u00eancias do desenvolvimento progressivo do mal de Alzheimer que, como se sabe, no in\u00edcio afeta a mem\u00f3ria cognitiva e, com o tempo, gera confus\u00e3o crescente e [&hellip;]<\/p>\n","protected":false},"author":1338,"featured_media":0,"comment_status":"open","ping_status":"open","sticky":false,"template":"","format":"standard","meta":{"footnotes":""},"categories":[2],"tags":[],"class_list":["post-6865","post","type-post","status-publish","format-standard","hentry","category-textos-mais-antigos"],"_links":{"self":[{"href":"https:\/\/novaes-c-politico.com.br\/index.php?rest_route=\/wp\/v2\/posts\/6865","targetHints":{"allow":["GET"]}}],"collection":[{"href":"https:\/\/novaes-c-politico.com.br\/index.php?rest_route=\/wp\/v2\/posts"}],"about":[{"href":"https:\/\/novaes-c-politico.com.br\/index.php?rest_route=\/wp\/v2\/types\/post"}],"author":[{"embeddable":true,"href":"https:\/\/novaes-c-politico.com.br\/index.php?rest_route=\/wp\/v2\/users\/1338"}],"replies":[{"embeddable":true,"href":"https:\/\/novaes-c-politico.com.br\/index.php?rest_route=%2Fwp%2Fv2%2Fcomments&post=6865"}],"version-history":[{"count":10,"href":"https:\/\/novaes-c-politico.com.br\/index.php?rest_route=\/wp\/v2\/posts\/6865\/revisions"}],"predecessor-version":[{"id":6927,"href":"https:\/\/novaes-c-politico.com.br\/index.php?rest_route=\/wp\/v2\/posts\/6865\/revisions\/6927"}],"wp:attachment":[{"href":"https:\/\/novaes-c-politico.com.br\/index.php?rest_route=%2Fwp%2Fv2%2Fmedia&parent=6865"}],"wp:term":[{"taxonomy":"category","embeddable":true,"href":"https:\/\/novaes-c-politico.com.br\/index.php?rest_route=%2Fwp%2Fv2%2Fcategories&post=6865"},{"taxonomy":"post_tag","embeddable":true,"href":"https:\/\/novaes-c-politico.com.br\/index.php?rest_route=%2Fwp%2Fv2%2Ftags&post=6865"}],"curies":[{"name":"wp","href":"https:\/\/api.w.org\/{rel}","templated":true}]}}