{"id":6961,"date":"2022-07-02T20:47:56","date_gmt":"2022-07-02T23:47:56","guid":{"rendered":"http:\/\/novaes-c-politico.com.br\/?p=21"},"modified":"2022-07-07T12:09:23","modified_gmt":"2022-07-07T15:09:23","slug":"a-forca-de-lula-e-a-forma-atual-da-nossa-debilidade","status":"publish","type":"post","link":"https:\/\/novaes-c-politico.com.br\/?p=6961","title":{"rendered":"A FOR\u00c7A DE LULA \u00c9 A FORMA ATUAL DA NOSSA DEBILIDADE"},"content":{"rendered":"\n<p class=\"has-text-align-right\">Carlos Novaes, 02 de julho de 2022<\/p>\n\n\n\n<p>Ao que indicam os n\u00fameros das pesquisas, a maioria de n\u00f3s est\u00e1 determinada a votar em Lula. N\u00e3o se pode comemorar o que h\u00e1 de feliz nessa prec\u00e1ria solu\u00e7\u00e3o para o presente sem entender que ela encomenda uma infelicidade futura, conjunto nutrido por um passado mals\u00e3o: a for\u00e7a de Lula serve de medida para a nossa falta  de imagina\u00e7\u00e3o, falta essa que muito recentemente levou a maioria da sociedade brasileira a votar em algu\u00e9m <a href=\"https:\/\/novaes-c-politico.com.br\/?p=4889\" data-type=\"post\" data-id=\"4889\">t\u00e3o inadequado<\/a> quanto Bolsonaro.<\/p>\n\n\n\n<p>Imaginar requer coragem. Coragem requer aceitar o risco de deixar de contar com o que nos deixa sentir seguros. O perfil e a contund\u00eancia das manifesta\u00e7\u00f5es de junho de 2013 deixaram inseguros todos aqueles que ocupavam posi\u00e7\u00f5es nas institui\u00e7\u00f5es p\u00fablicas brasileiras \u2013 quem via como necess\u00e1rio estar no cargo que ocupava foi levado a achar, n\u00e3o sem raz\u00e3o, que a bronca era <a href=\"https:\/\/novaes-c-politico.com.br\/?p=3361\" data-type=\"post\" data-id=\"3361\">contra si<\/a>. A covardia se generalizou e houve um brutal recuo de imagina\u00e7\u00e3o criadora: todas as nossas vanguardas pol\u00edticas passaram a <a href=\"https:\/\/novaes-c-politico.com.br\/?p=6134\" data-type=\"post\" data-id=\"6134\">defender o Estado<\/a>, no qual de um modo ou outro estavam instaladas, e, por isso mesmo, iniciou-se uma luta intramuros entre fac\u00e7\u00f5es estatais, umas buscando empurrar para as outras a culpa pela ira da maioria da sociedade.<\/p>\n\n\n\n<p><a href=\"https:\/\/novaes-c-politico.com.br\/?p=3406\" data-type=\"post\" data-id=\"3406\">Essa conflagra\u00e7\u00e3o<\/a> das fac\u00e7\u00f5es explicitou de maneira particularmente contundente as dificuldades de coordena\u00e7\u00e3o de um sistema pol\u00edtico disfuncional quando se pensa nas complexidades envolvidas nos sofrimentos vividos pela maioria da sociedade brasileira. O sistema n\u00e3o tem respostas a dar e, pior, acentua problemas para os quais n\u00e3o tem solu\u00e7\u00e3o. Por isso mesmo, entrou em <a href=\"https:\/\/novaes-c-politico.com.br\/?p=3622\" data-type=\"post\" data-id=\"3622\">crise de legitima\u00e7\u00e3o<\/a>, o que se traduziu no sentimento antissistema da maioria da sociedade brasileira, que repudia esse Estado de Direito Autorit\u00e1rio-<strong><em>EDA<\/em><\/strong> em que as fac\u00e7\u00f5es est\u00e3o muito bem instaladas, revezando-se no mando conforme logram fazer maioria a cada elei\u00e7\u00e3o presidencial, que define n\u00e3o um vencedor, mas aquele a quem caber\u00e1 o privil\u00e9gio de comandar o <em>exerc\u00edcio faccioso dos poderes institucionais<\/em>, que n\u00e3o deixa de contemplar ningu\u00e9m que tenha conseguido contornar as dificuldades para chegar a alguma das institui\u00e7\u00f5es do <strong><em>EDA<\/em><\/strong> &#8212; <a href=\"https:\/\/novaes-c-politico.com.br\/?p=5771\" data-type=\"post\" data-id=\"5771\">\u00e9 por isso<\/a> que a urna eletr\u00f4nica \u00e9, mesmo, confi\u00e1vel: ela serve de padr\u00e3o de medida, de solo firme, para o jogo faccioso deles, e solda esse facciosismo \u00e0 boa f\u00e9 de uma sociedade incauta, que recebe contra seus pr\u00f3prios interesses o resultado do voto que deveras deu; \u00e9 infernal!<\/p>\n\n\n\n<p>Como <a href=\"https:\/\/novaes-c-politico.com.br\/?p=4689\" data-type=\"post\" data-id=\"4689\">j\u00e1 vimos<\/a>, ao se insurgir contra o que consegue enxergar de mals\u00e3o nesse estado de coisas, a maioria da sociedade acabou por escolher a \u00fanica alternativa antissistema dispon\u00edvel, e Bolsonaro foi eleito. Passados quase quatro anos, tendo ficado claro o monumental erro cometido, essa mesma sociedade n\u00e3o conseguiu forjar uma alternativa e se v\u00ea tangida pela pr\u00f3pria in\u00e9rcia a votar contra Bolsonaro premiando fac\u00e7\u00f5es cujas pr\u00e1ticas pol\u00edticas conduziram o pa\u00eds na dire\u00e7\u00e3o <a href=\"https:\/\/novaes-c-politico.com.br\/?p=5203\" data-type=\"post\" data-id=\"5203\">dessa besta<\/a>. O PT e o que restou de eleitoralmente atraente do PSDB se juntaram para macaquear uma <a href=\"https:\/\/novaes-c-politico.com.br\/?p=5231\" data-type=\"post\" data-id=\"5231\">geringon\u00e7a<\/a> cuja oportunidade eles mesmos jogaram fora faz quase trinta anos, tudo em nome de uma <a href=\"https:\/\/novaes-c-politico.com.br\/?p=5704\" data-type=\"post\" data-id=\"5704\">restaura\u00e7\u00e3o indesej\u00e1vel<\/a>, uma vez que o que eles prop\u00f5em \u00e9 <em><strong>menos <\/strong><\/em>do mesmo &#8212; basta ler as indica\u00e7\u00f5es do que ser\u00e1 o programa de governo proposto pela chapa: depois de v\u00e1rios mandatos de presidente e governador, Lula e Alckmin, a 100 dias da elei\u00e7\u00e3o, convidam a sociedade pra &#8220;conversar&#8221; em cima das mesmas propostas vagas de sempre&#8230; Tudo se passa como se eles n\u00e3o tivessem tido tempo de detalhar uma proposta de combate \u00e0 desigualdade, uma reforma tribut\u00e1ria ou o que quer que seja. E ainda usam uma suposta amea\u00e7a \u00e0 democracia para desviar as consci\u00eancias daquilo que realmente importa.<\/p>\n\n\n\n<p>Tanto o eleitor desavisado, como aquele que se faz de desavisado por falta de brio para tirar consequ\u00eancias da pr\u00f3pria falta de entusiasmo, um como outro votar\u00e1 em Lula como quem compra uma passagem de trem, mas, no fundo, sabe que est\u00e1 a embarcar num carrossel: haver\u00e1 alguma ordem, menos sobressaltos e alguma alegria &nbsp;(afinal, um parque de divers\u00f5es \u00e9 melhor do que o circo de horrores de Bolsonaro), mas n\u00e3o iremos a lugar algum e, por isso mesmo, a cada volta nos depararemos com os sempre mesmos velhos problemas.<\/p>\n","protected":false},"excerpt":{"rendered":"<p>Carlos Novaes, 02 de julho de 2022 Ao que indicam os n\u00fameros das pesquisas, a maioria de n\u00f3s est\u00e1 determinada a votar em Lula. N\u00e3o se pode comemorar o que h\u00e1 de feliz nessa prec\u00e1ria solu\u00e7\u00e3o para o presente sem entender que ela encomenda uma infelicidade futura, conjunto nutrido por um passado mals\u00e3o: a for\u00e7a [&hellip;]<\/p>\n","protected":false},"author":1338,"featured_media":0,"comment_status":"open","ping_status":"open","sticky":false,"template":"","format":"standard","meta":{"footnotes":""},"categories":[2],"tags":[],"class_list":["post-6961","post","type-post","status-publish","format-standard","hentry","category-textos-mais-antigos"],"_links":{"self":[{"href":"https:\/\/novaes-c-politico.com.br\/index.php?rest_route=\/wp\/v2\/posts\/6961","targetHints":{"allow":["GET"]}}],"collection":[{"href":"https:\/\/novaes-c-politico.com.br\/index.php?rest_route=\/wp\/v2\/posts"}],"about":[{"href":"https:\/\/novaes-c-politico.com.br\/index.php?rest_route=\/wp\/v2\/types\/post"}],"author":[{"embeddable":true,"href":"https:\/\/novaes-c-politico.com.br\/index.php?rest_route=\/wp\/v2\/users\/1338"}],"replies":[{"embeddable":true,"href":"https:\/\/novaes-c-politico.com.br\/index.php?rest_route=%2Fwp%2Fv2%2Fcomments&post=6961"}],"version-history":[{"count":1,"href":"https:\/\/novaes-c-politico.com.br\/index.php?rest_route=\/wp\/v2\/posts\/6961\/revisions"}],"predecessor-version":[{"id":6965,"href":"https:\/\/novaes-c-politico.com.br\/index.php?rest_route=\/wp\/v2\/posts\/6961\/revisions\/6965"}],"wp:attachment":[{"href":"https:\/\/novaes-c-politico.com.br\/index.php?rest_route=%2Fwp%2Fv2%2Fmedia&parent=6961"}],"wp:term":[{"taxonomy":"category","embeddable":true,"href":"https:\/\/novaes-c-politico.com.br\/index.php?rest_route=%2Fwp%2Fv2%2Fcategories&post=6961"},{"taxonomy":"post_tag","embeddable":true,"href":"https:\/\/novaes-c-politico.com.br\/index.php?rest_route=%2Fwp%2Fv2%2Ftags&post=6961"}],"curies":[{"name":"wp","href":"https:\/\/api.w.org\/{rel}","templated":true}]}}