{"id":7071,"date":"2022-08-26T01:19:50","date_gmt":"2022-08-26T04:19:50","guid":{"rendered":"https:\/\/novaes-c-politico.com.br\/?p=7071"},"modified":"2022-08-26T17:44:53","modified_gmt":"2022-08-26T20:44:53","slug":"bobo-da-corte-nao-da-golpe-polarizacao-e-o-oposto-de-pacificacao-nacional","status":"publish","type":"post","link":"https:\/\/novaes-c-politico.com.br\/?p=7071","title":{"rendered":"BOBO DA CORTE N\u00c3O D\u00c1 GOLPE. POLARIZA\u00c7\u00c3O \u00c9 O OPOSTO DE PACIFICA\u00c7\u00c3O NACIONAL"},"content":{"rendered":"\n<p class=\"has-text-align-right\">Carlos Novaes, 25 de agosto de 2022<\/p>\n\n\n\n<p>Lula s\u00f3 n\u00e3o esteve perfeito no Jornal Nacional por tr\u00eas raz\u00f5es: <strong>primeiro<\/strong>, n\u00e3o conseguiu conter a exaspera\u00e7\u00e3o que tem marcado suas manifesta\u00e7\u00f5es p\u00fablicas &#8212; a falta de serenidade incomoda, talvez atrapalhe o di\u00e1logo com os indecisos; <strong>segundo<\/strong>, foi impreciso em algumas afirma\u00e7\u00f5es, o que vai gerar desmentidos desgastantes. <strong>Terceiro<\/strong>, ficou preso \u00e0 ideia da <a href=\"https:\/\/www.youtube.com\/watch?v=mu86P7VHqe4&amp;t\">volta ao que j\u00e1 foi<\/a>, ainda que dizendo querer fazer mais  &#8211; o que \u00e9 implaus\u00edvel, n\u00e3o apenas porque as condi\u00e7\u00f5es econ\u00f4micas s\u00e3o piores, mas tamb\u00e9m porque o arco de concess\u00f5es para a vit\u00f3ria ter\u00e1 sido maior do que em 2002 e 2006.<\/p>\n\n\n\n<p>De uma maneira geral, por\u00e9m, a impress\u00e3o \u00e9 a de que ele n\u00e3o apenas se saiu melhor do que <a href=\"https:\/\/www.youtube.com\/watch?v=bxVvV448mn8\">Bolsonaro e Ciro<\/a>, mas que, dos tr\u00eas, \u00e9 o \u00fanico que pode ter tirado vantagem eleitoral da entrevista. Evidentemente, esse resultado recebeu ajuda do despreparo de Bonner e Renata, que n\u00e3o conseguem extrapolar os limites que o debate eleitoral j\u00e1 sedimentou e, a cada candidato, repetem abordagens manjadas.<\/p>\n\n\n\n<p>No mais,  Lula mostrou a agilidade cognitiva, a valentia e a lealdade pol\u00edtica que sempre o caracterizaram, dando respostas r\u00e1pidas e at\u00e9 desconcertantes, enfrentando o debate sobre corrup\u00e7\u00e3o (ainda que a mim, <a href=\"https:\/\/novaes-c-politico.com.br\/?p=3843\" data-type=\"post\" data-id=\"3843\"><strong><em>politicamente<\/em><\/strong>, n\u00e3o conven\u00e7a<\/a>) e n\u00e3o hesitando em defender Dilma e o MST. No caso de Dilma, ele jamais ir\u00e1 reconhecer seus dois erros monumentais: primeiro, t\u00ea-la preferido a Tarso Genro quando da <a href=\"https:\/\/novaes-c-politico.com.br\/?p=21\" data-type=\"post\" data-id=\"21\">candidatura em 2010<\/a>; segundo, n\u00e3o ter disputado a presid\u00eancia <a href=\"https:\/\/novaes-c-politico.com.br\/?p=66\" data-type=\"post\" data-id=\"66\">no lugar dela em 2014<\/a>. Quanto ao MST, \u00e9 fato que a imprensa em geral fala do movimento com base em preconceitos antigos, sem conhecer as grandes transforma\u00e7\u00f5es ocorridas ao longo do tempo.<\/p>\n\n\n\n<p>Mas o mais importante foi a espontaneidade com que Lula desfez os dois argumentos b\u00e1sicos dos frentistas que o apoiam: primeiro, ao comparar Bolsonaro a um <a href=\"https:\/\/novaes-c-politico.com.br\/?p=5331\" data-type=\"post\" data-id=\"5331\">&#8220;bobo da corte&#8221;<\/a>, ele deixou ver que n\u00e3o avalia Bolsonaro com for\u00e7a para <a href=\"https:\/\/novaes-c-politico.com.br\/?p=6134\" data-type=\"post\" data-id=\"6134\">amea\u00e7ar a democracia<\/a>; segundo, em lugar de defender a &#8220;pacifica\u00e7\u00e3o nacional&#8221;, Lula salientou a import\u00e2ncia da polariza\u00e7\u00e3o entre divergentes como um aspecto central da pol\u00edtica democr\u00e1tica &#8212; e ainda aproveitou para fazer cr\u00edtica eleitoralmente proveitosa \u00e0 falta de altern\u00e2ncia em Cuba e na China.<\/p>\n\n\n\n<p>Em suma, Lula se mostrou um democrata e, ao mesmo tempo, se distanciou do frentismo (ainda que n\u00e3o tenha como compatibilizar essa, digamos, intui\u00e7\u00e3o, com a realidade do arco heterog\u00eaneo de for\u00e7as que o apoia &#8212; se vencer, essa ser\u00e1 a grande dificuldade para a caracteriza\u00e7\u00e3o pol\u00edtica do mandato que, por isso mesmo, estar\u00e1 a servi\u00e7o do <a href=\"https:\/\/novaes-c-politico.com.br\/?p=4689\" data-type=\"post\" data-id=\"4689\">Estado de Direito Autorit\u00e1rio<\/a> que nos infelicita).<\/p>\n\n\n\n<p><\/p>\n\n\n\n<figure class=\"wp-block-embed is-type-video is-provider-youtube wp-block-embed-youtube wp-embed-aspect-16-9 wp-has-aspect-ratio\"><div class=\"wp-block-embed__wrapper\">\n<iframe loading=\"lazy\" title=\"EXEMPLOS DO ESTADO DE DIREITO AUTORIT\u00c1RIO EM A\u00c7\u00c3O | LAVOURA POL\u00cdTICA\" width=\"625\" height=\"352\" src=\"https:\/\/www.youtube.com\/embed\/H45NvcsF34k?feature=oembed\" frameborder=\"0\" allow=\"accelerometer; autoplay; clipboard-write; encrypted-media; gyroscope; picture-in-picture; web-share\" referrerpolicy=\"strict-origin-when-cross-origin\" allowfullscreen><\/iframe>\n<\/div><\/figure>\n","protected":false},"excerpt":{"rendered":"<p>Carlos Novaes, 25 de agosto de 2022 Lula s\u00f3 n\u00e3o esteve perfeito no Jornal Nacional por tr\u00eas raz\u00f5es: primeiro, n\u00e3o conseguiu conter a exaspera\u00e7\u00e3o que tem marcado suas manifesta\u00e7\u00f5es p\u00fablicas &#8212; a falta de serenidade incomoda, talvez atrapalhe o di\u00e1logo com os indecisos; segundo, foi impreciso em algumas afirma\u00e7\u00f5es, o que vai gerar desmentidos desgastantes. [&hellip;]<\/p>\n","protected":false},"author":1338,"featured_media":0,"comment_status":"open","ping_status":"open","sticky":false,"template":"","format":"standard","meta":{"footnotes":""},"categories":[2],"tags":[],"class_list":["post-7071","post","type-post","status-publish","format-standard","hentry","category-textos-mais-antigos"],"_links":{"self":[{"href":"https:\/\/novaes-c-politico.com.br\/index.php?rest_route=\/wp\/v2\/posts\/7071","targetHints":{"allow":["GET"]}}],"collection":[{"href":"https:\/\/novaes-c-politico.com.br\/index.php?rest_route=\/wp\/v2\/posts"}],"about":[{"href":"https:\/\/novaes-c-politico.com.br\/index.php?rest_route=\/wp\/v2\/types\/post"}],"author":[{"embeddable":true,"href":"https:\/\/novaes-c-politico.com.br\/index.php?rest_route=\/wp\/v2\/users\/1338"}],"replies":[{"embeddable":true,"href":"https:\/\/novaes-c-politico.com.br\/index.php?rest_route=%2Fwp%2Fv2%2Fcomments&post=7071"}],"version-history":[{"count":20,"href":"https:\/\/novaes-c-politico.com.br\/index.php?rest_route=\/wp\/v2\/posts\/7071\/revisions"}],"predecessor-version":[{"id":7096,"href":"https:\/\/novaes-c-politico.com.br\/index.php?rest_route=\/wp\/v2\/posts\/7071\/revisions\/7096"}],"wp:attachment":[{"href":"https:\/\/novaes-c-politico.com.br\/index.php?rest_route=%2Fwp%2Fv2%2Fmedia&parent=7071"}],"wp:term":[{"taxonomy":"category","embeddable":true,"href":"https:\/\/novaes-c-politico.com.br\/index.php?rest_route=%2Fwp%2Fv2%2Fcategories&post=7071"},{"taxonomy":"post_tag","embeddable":true,"href":"https:\/\/novaes-c-politico.com.br\/index.php?rest_route=%2Fwp%2Fv2%2Ftags&post=7071"}],"curies":[{"name":"wp","href":"https:\/\/api.w.org\/{rel}","templated":true}]}}