{"id":7116,"date":"2022-09-05T18:18:46","date_gmt":"2022-09-05T21:18:46","guid":{"rendered":"https:\/\/novaes-c-politico.com.br\/?p=7116"},"modified":"2022-09-07T19:21:58","modified_gmt":"2022-09-07T22:21:58","slug":"de-um-7-de-setembro-a-outro","status":"publish","type":"post","link":"https:\/\/novaes-c-politico.com.br\/?p=7116","title":{"rendered":"DE UM 7 DE SETEMBRO A OUTRO"},"content":{"rendered":"\n<p class=\"has-text-align-left\">Insisto: para entender, mesmo, o que penso, e julgar por si mesmo, \u00e9 importante ler tamb\u00e9m os hiperlinks.<\/p>\n\n\n\n<p class=\"has-text-align-right\">Carlos Novaes, 05 de setembro de 2022<\/p>\n\n\n\n<p class=\"has-text-align-right\">Com acr\u00e9scimos e atualiza\u00e7\u00f5es em <strong>Fica o Registro<\/strong>, em 06 e 07\/09 <\/p>\n\n\n\n<p>Se, como entendo, n\u00e3o houve mudan\u00e7a substancial na situa\u00e7\u00e3o de Bolsonaro entre setembro do ano passado e este m\u00eas de setembro, nem seria o caso de escrever sobre a &#8220;amea\u00e7a&#8221; que muitos <a href=\"https:\/\/novaes-c-politico.com.br\/?p=5331\" data-type=\"post\" data-id=\"5331\">insistem em adivinhar<\/a> para daqui a dois dias &#8212; enfim, seria meramente o caso de indicar a releitura de dois dos artigos que publiquei neste blog por ocasi\u00e3o da efem\u00e9ride nacionalisteira do ano passado, a saber: <em><a href=\"https:\/\/novaes-c-politico.com.br\/?p=5808\" data-type=\"post\" data-id=\"5808\">Desmoraliza\u00e7\u00e3o com data marcada: 8 de setembro<\/a><\/em>, e <em><a href=\"https:\/\/novaes-c-politico.com.br\/?p=5871\" data-type=\"post\" data-id=\"5871\">Estelionato ideol\u00f3gico como &#8220;m\u00e9todo<\/a><\/em>&#8220;.<\/p>\n\n\n\n<p>Ocorre que, se n\u00e3o houve mudan\u00e7a nos fundamentos que governam a conjuntura, h\u00e1 incremento que, talvez, acabe por fazer emergir alguma novidade. \u00c9 que a situa\u00e7\u00e3o de Bolsonaro piorou: <strong>primeiro<\/strong>, porque, apesar de todo o uso da m\u00e1quina governamental, a oscila\u00e7\u00e3o dos n\u00fameros n\u00e3o alterou o desfavor nas pesquisas eleitorais, que \u00e9 persistente e consistente; <strong>segundo<\/strong>, porque as fac\u00e7\u00f5es estatais que apoiam o besta, sejam as de inspira\u00e7\u00e3o majorit\u00e1ria paisana (Centr\u00e3o), sejam as de corte predominantemente <a href=\"https:\/\/www.youtube.com\/watch?v=cCqb4UEz9m8\">militar<\/a>, uma como outra deu sinal claro de que est\u00e1 na contram\u00e3o at\u00e9 mesmo do mero blefe do golpe.<\/p>\n\n\n\n<p>De modo que, quando se tem em mente as fac\u00e7\u00f5es estatais, Bolsonaro vai para o dia 7 em situa\u00e7\u00e3o ainda mais desfavor\u00e1vel do que no ano passado, o que n\u00e3o seria de estranhar, visto que essas fac\u00e7\u00f5es seguiram em sua marcha inalterada desde a ades\u00e3o do besta ao <a href=\"https:\/\/novaes-c-politico.com.br\/?p=5352\" data-type=\"post\" data-id=\"5352\">velho normal<\/a>. Bolsonaro \u00e9 que n\u00e3o consegue tirar consequ\u00eancias inevit\u00e1veis das escolhas que faz.<\/p>\n\n\n\n<p>Na verdade, Bolsonaro at\u00e9 hoje n\u00e3o entendeu a <a href=\"https:\/\/novaes-c-politico.com.br\/?p=4889\" data-type=\"post\" data-id=\"4889\">confus\u00e3o em que est\u00e1 metido<\/a> &#8212; confus\u00e3o que, ali\u00e1s, \u00e9 sim\u00e9trica, embora contraposta, \u00e0 vivida pela autointitulada esquerda: de um lado, o besta n\u00e3o atina a quem servir, se \u00e0s fac\u00e7\u00f5es (<a href=\"https:\/\/novaes-c-politico.com.br\/?p=5771\" data-type=\"post\" data-id=\"5771\">agarradas<\/a> ao Estado de Direito Autorit\u00e1rio-<em><strong>EDA<\/strong><\/em>), se \u00e0 sua &#8220;sociedade civil&#8221; antissistema orientada para a ditadura; por outro lado, a autointitulada esquerda <a href=\"https:\/\/novaes-c-politico.com.br\/?p=4159\" data-type=\"post\" data-id=\"4159\">agarrou-se ao sistema faccioso<\/a>&#8211;<em><strong>EDA<\/strong><\/em>, sem atinar para as raz\u00f5es que a impedem de tirar proveito do <em><strong>auspicioso <\/strong><\/em><a href=\"https:\/\/www.youtube.com\/watch?v=o5mnV-FZxuw&amp;t\">sentimento antissistema da maioria da sociedade<\/a>, orientada para a democracia. Por isso, ao falso golpismo de Bolsonaro pr\u00f3 ditadura se contrap\u00f5e, na justa medida, o fajuto <a href=\"https:\/\/novaes-c-politico.com.br\/?p=5704\" data-type=\"post\" data-id=\"5704\">frentismo conservador<\/a> da autointitulada esquerda em defesa (in\u00f3cua) da democracia. Esse duelo banguela favorece quem se contrap\u00f5e a Bolsonaro n\u00e3o porque ele ameace a democracia, mas porque ele fez um governo indefens\u00e1vel, ou seja, ele <a href=\"https:\/\/novaes-c-politico.com.br\/?p=6134\" data-type=\"post\" data-id=\"6134\">escancarou as mazelas<\/a> do <a href=\"https:\/\/novaes-c-politico.com.br\/?p=4689\" data-type=\"post\" data-id=\"4689\">Estado de Direito Autorit\u00e1rio em crise de legitima\u00e7\u00e3o<\/a>.<\/p>\n\n\n\n<p>Para piorar as coisas, o besta ter\u00e1 de tourear sua pr\u00f3pria base dura, a que chamo de <a href=\"https:\/\/www.youtube.com\/watch?v=cbJ9MhhY9UM\">&#8220;sociedade civil bolsonarista&#8221;<\/a>, que, <a href=\"https:\/\/novaes-c-politico.com.br\/?p=6057\" data-type=\"post\" data-id=\"6057\">n\u00e3o m\u00e3o contr\u00e1ria das fac\u00e7\u00f5es estatais<\/a> a que Bolsonaro aderiu, est\u00e1 a viver o dia 7 como uma \u00faltima cartada para a realiza\u00e7\u00e3o das suas fantasias ditatoriais. Quem acompanha este blog sabe que, h\u00e1 tempos, l\u00e1 em 2018, defini Bolsonaro como um fen\u00f4meno novo, visto que o caracterizei como <a href=\"https:\/\/novaes-c-politico.com.br\/?p=3843\" data-type=\"post\" data-id=\"3843\">marionete das massas<\/a>. Pois bem, o dia 7 se anuncia como um poss\u00edvel div\u00f3rcio entre a marionete e sua base fan\u00e1tica. Em outras palavras, a massa bolsonarista vai ter de encarar o que tem teimado em n\u00e3o enxergar: os arroubos golpistas que Bolsonaro volta e meia ainda insiste em exibir vieram servindo de disfarce para uma altera\u00e7\u00e3o fundamental, isto \u00e9, desde a ades\u00e3o ao velho normal o besta deixou de ser marionete sua para ser marionete do Centr\u00e3o e adjac\u00eancias.<\/p>\n\n\n\n<p>Por mais gente que se aglomere, a desmoraliza\u00e7\u00e3o do pr\u00f3ximo dia 7 pode ser de tal ordem, pode gerar um desalento t\u00e3o grande nessa base mais fiel, que acabe por leva-la a um sens\u00edvel esmorecimento no engajamento nas redes sociais, o que seria catastr\u00f3fico para a candidatura do besta, que s\u00f3 n\u00e3o desceu a ribanceira porque est\u00e1 escorada nesse entusiasmo autorit\u00e1rio ainda existente &#8212; talvez ele persista, mas vem ficando dif\u00edcil.<\/p>\n\n\n\n<p><strong>Fica o Registro:<\/strong><\/p>\n\n\n\n<p><strong>&#8211; O alarido da m\u00eddia n\u00e3o cessa, e a <a href=\"https:\/\/noticias.uol.com.br\/eleicoes\/2022\/09\/06\/carla-aliados-pedem-moderacao-a-bolsonaro-em-79-mas-tom-e-imprevisivel.htm\">&#8220;novidade&#8221; agora<\/a><\/strong> \u00e9 que os aliados de Bolsonaro, ou seja, as fac\u00e7\u00f5es estatais que ainda o apoiam, est\u00e3o pedindo a ele modera\u00e7\u00e3o nos pronunciamentos que far\u00e1 nos atos do dia 7. Entenda bem, leitor, leia devagar, para essas fac\u00e7\u00f5es estatais aliadas, Bolsonaro deve ser moderado por duas raz\u00f5es: <strong>primeiro<\/strong>, e sobretudo, para n\u00e3o entrar em choque com as fac\u00e7\u00f5es estatais advers\u00e1rias, com as quais as fac\u00e7\u00f5es ora bolsonaristas <a href=\"https:\/\/novaes-c-politico.com.br\/?p=5154\" data-type=\"post\" data-id=\"5154\">v\u00e3o ter de se entender (e se <em>refazer<\/em>!)<\/a> depois das elei\u00e7\u00f5es; <strong>segundo<\/strong>, mas menos importante (afinal, quem \u00e9 do ramo j\u00e1 entendeu que a besta foi pro brejo), porque as fac\u00e7\u00f5es estatais aliadas de Bolsonaro sabem que o besta n\u00e3o ganha votos sendo destemperado.<\/p>\n\n\n\n<p><strong>&#8211; Ao contr\u00e1rio do que a maioria pensa<\/strong>, n\u00e3o devemos temer o radicalismo das falas de Bolsonaro no dia 7. N\u00e3o. Pelo contr\u00e1rio, para n\u00f3s, que queremos derrotar Bolsonaro, quanto mais radical nas falas ele for, melhor. Veja bem, leitor, como tudo isso \u00e9 teatro, quanto mais agressivo o besta se mostrar, maior ser\u00e1 o contraste com a normalidade dos dias subsequentes, pois nada vai acontecer, ainda que possa haver alguma arrua\u00e7a, <a href=\"https:\/\/novaes-c-politico.com.br\/?p=5389\">como previ para o caso de Trump<\/a>, nos EUA. Se radicalizar, Bolsonaro, al\u00e9m de abrir mais possibilidades para inqu\u00e9ritos futuros, ainda ficar\u00e1 duplamente desmoralizado: desmoralizado diante de quem n\u00e3o vota nele, e desmoralizado diante da sua minoria mais fan\u00e1tica, que gostaria de um golpe.<\/p>\n\n\n\n<p><strong>&#8211; <a href=\"https:\/\/www.cnnbrasil.com.br\/politica\/governo-do-distrito-federal-anuncia-manutencao-de-restricao-a-caminhoes-no-7-9\/?utm_source=social&amp;utm_medium=twitter-feed&amp;utm_campaign=politica-cnn-brasil&amp;utm_content=link\">Ao barrar a pretens\u00e3o de Bolsonaro<\/a><\/strong> de liberar a presen\u00e7a de caminh\u00f5es na Esplanada dos Minist\u00e9rios, no DF, o governador, que \u00e9 bolsonarista, deixou bem claro de que lado est\u00e3o as fac\u00e7\u00f5es estatais que ainda apoiam Bolsonaro quando o besta, para fazer pose de agrado \u00e0 sua base mais dura, tenta simular ter algum poder de tiranete. Essa tentativa fracassada de Bolsonaro foi uma antecipa\u00e7\u00e3o da desmoraliza\u00e7\u00e3o que ficar\u00e1 clara dentro de mais algumas horas.<\/p>\n\n\n\n<p><strong>07\/09:<\/strong><\/p>\n\n\n\n<p><strong>&#8211; A pasmaceira no DF foi mais melanc\u00f3lica<\/strong> do que no ano passado e, para ornar, Bolsonaro fez um <a href=\"https:\/\/noticias.uol.com.br\/politica\/ultimas-noticias\/2022\/09\/07\/desfile-7-de-setembro-bolsonaro-brasilia.htm\">discurso xoxo<\/a>, que, secundado pela prega\u00e7\u00e3o brega do pastor que o antecedeu, fica como uma extens\u00e3o boc\u00f3 para o discurso vazio que ele j\u00e1 fizera no 7 de setembro do ano passado, que analisei, a quente, <a href=\"https:\/\/novaes-c-politico.com.br\/?p=5905\" data-type=\"post\" data-id=\"5905\">aqui<\/a>. Vamos ver como vai ser no Rio, tendo em mente o fiasco do ano passado em SP.<\/p>\n\n\n\n<p><strong>&#8211; O palanque s\u00f3 com militares (que, constitucionalmente<\/strong>, precisam obedecer as ordens do chefe), sem a presen\u00e7a dos outros poderes, \u00e9 o retrato do isolamento faccioso de Bolsonaro. As fac\u00e7\u00f5es estatais advers\u00e1rias isolam Bolsonaro ao m\u00e1ximo, orientadas que est\u00e3o para a preserva\u00e7\u00e3o do Estado de Direito Autorit\u00e1rio-<em><strong>EDA<\/strong><\/em>, agora sem Bolsonaro &#8212; o que vai levar a um redesenho das forma\u00e7\u00f5es facciosas. Ontem houve uma pr\u00e9via, quando a alian\u00e7a entre o governador do DF (um bolsonarista) e o STF prevaleceu sobre os arroubos de tiranete do besta, que sonhou poder liberar caminh\u00f5es na Esplanada e fez o Ex\u00e9rcito passar por mais um vexame: cadastrar caminh\u00f5es para nada.<\/p>\n\n\n\n<p><strong>&#8211; A TV Brasil flagrou<\/strong> o que <a href=\"https:\/\/www1.folha.uol.com.br\/colunas\/painel\/2022\/09\/tv-brasil-flagra-aparente-discussao-entre-bolsonaro-e-michelle-e-episodio-preocupa-aliados.shtml\">seria um desentendimento<\/a> entre Bolsonaro e Michele. S\u00e3o imagens em que Bolsonaro parece impaciente e inconformado &#8212; o que j\u00e1 estaria preocupando aliados do besta. Tenha ou n\u00e3o tenha ocorrido, esse &#8220;desentendimento&#8221; ser\u00e1 suplantado pelo que emergir\u00e1 de Michele depois da derrota eleitoral de Bolsonaro, especialmente se ele vier a enfrentar os reveses judiciais que se anunciam.<\/p>\n\n\n\n<p><strong>&#8211; Diante do discurso eleitoreiro de Bolsonaro no Rio<\/strong>, sua base dura tem elementos para se dar conta de que tem sido lograda e, talvez, diga a si mesma que saiu \u00e0s ruas pela <em>&#8220;\u00faltima vez&#8221;<\/em>.<\/p>\n","protected":false},"excerpt":{"rendered":"<p>Insisto: para entender, mesmo, o que penso, e julgar por si mesmo, \u00e9 importante ler tamb\u00e9m os hiperlinks. Carlos Novaes, 05 de setembro de 2022 Com acr\u00e9scimos e atualiza\u00e7\u00f5es em Fica o Registro, em 06 e 07\/09 Se, como entendo, n\u00e3o houve mudan\u00e7a substancial na situa\u00e7\u00e3o de Bolsonaro entre setembro do ano passado e este [&hellip;]<\/p>\n","protected":false},"author":1338,"featured_media":0,"comment_status":"open","ping_status":"open","sticky":false,"template":"","format":"standard","meta":{"footnotes":""},"categories":[2],"tags":[],"class_list":["post-7116","post","type-post","status-publish","format-standard","hentry","category-textos-mais-antigos"],"_links":{"self":[{"href":"https:\/\/novaes-c-politico.com.br\/index.php?rest_route=\/wp\/v2\/posts\/7116","targetHints":{"allow":["GET"]}}],"collection":[{"href":"https:\/\/novaes-c-politico.com.br\/index.php?rest_route=\/wp\/v2\/posts"}],"about":[{"href":"https:\/\/novaes-c-politico.com.br\/index.php?rest_route=\/wp\/v2\/types\/post"}],"author":[{"embeddable":true,"href":"https:\/\/novaes-c-politico.com.br\/index.php?rest_route=\/wp\/v2\/users\/1338"}],"replies":[{"embeddable":true,"href":"https:\/\/novaes-c-politico.com.br\/index.php?rest_route=%2Fwp%2Fv2%2Fcomments&post=7116"}],"version-history":[{"count":33,"href":"https:\/\/novaes-c-politico.com.br\/index.php?rest_route=\/wp\/v2\/posts\/7116\/revisions"}],"predecessor-version":[{"id":7156,"href":"https:\/\/novaes-c-politico.com.br\/index.php?rest_route=\/wp\/v2\/posts\/7116\/revisions\/7156"}],"wp:attachment":[{"href":"https:\/\/novaes-c-politico.com.br\/index.php?rest_route=%2Fwp%2Fv2%2Fmedia&parent=7116"}],"wp:term":[{"taxonomy":"category","embeddable":true,"href":"https:\/\/novaes-c-politico.com.br\/index.php?rest_route=%2Fwp%2Fv2%2Fcategories&post=7116"},{"taxonomy":"post_tag","embeddable":true,"href":"https:\/\/novaes-c-politico.com.br\/index.php?rest_route=%2Fwp%2Fv2%2Ftags&post=7116"}],"curies":[{"name":"wp","href":"https:\/\/api.w.org\/{rel}","templated":true}]}}