{"id":7157,"date":"2022-09-08T14:23:30","date_gmt":"2022-09-08T17:23:30","guid":{"rendered":"https:\/\/novaes-c-politico.com.br\/?p=7157"},"modified":"2022-09-08T23:20:57","modified_gmt":"2022-09-09T02:20:57","slug":"ooohhh-quanta-indignacao","status":"publish","type":"post","link":"https:\/\/novaes-c-politico.com.br\/?p=7157","title":{"rendered":"OOOHHH! QUANTA INDIGNA\u00c7\u00c3O&#8230;"},"content":{"rendered":"\n<p class=\"has-text-align-right\">Carlos Novaes, 08 de setembro de 2022<\/p>\n\n\n\n<p class=\"has-text-align-right\">Com acr\u00e9scimo em <strong>Fica o Registro<\/strong> \u00e0s 23:12h<\/p>\n\n\n\n<p>As m\u00eddias convencional e &#8220;alternativa&#8221; est\u00e3o repletas de artigos inconformados com o que Bolsonaro fez ontem. Talvez a &#8220;an\u00e1lise&#8221; mais representativa de tudo o que est\u00e1 circulando, justamente por ficar na m\u00e9dia entre esquerda-centro-direita das fac\u00e7\u00f5es estatais de oposi\u00e7\u00e3o (com seus capilares na classe-m\u00e9dia &#8220;consciente&#8221; da sociedade civil), seja o artigo em que <a href=\"https:\/\/oglobo.globo.com\/blogs\/miriam-leitao\/coluna\/2022\/09\/o-dia-da-infamia-de-jair-bolsonaro.ghtml\">M\u00edriam Leit\u00e3o faz um apanhado<\/a>, digamos assim, global, do que se passou. Est\u00e1 tudo l\u00e1, como numa Frente: ela parte da \u00f3bvia apropria\u00e7\u00e3o eleitoral de uma efem\u00e9ride nacional (quanto patriotismo!); passa pelo autoritarismo golpista de Bolsonaro (quanta indigna\u00e7\u00e3o!); reclama da quebra de protocolos institucionais (oohhhh); alerta as institui\u00e7\u00f5es (esses esp\u00edritos que nos rodeiam, ora colapsados, ora funcionando&#8230;); e, finalmente, se debate, nesciamente, no beco sem sa\u00edda ao qual, sem perceber, seu pr\u00f3prio artigo a levou, nos deixando com este lapidar \u00faltimo par\u00e1grafo:<\/p>\n\n\n\n<p><em>Se Bolsonaro sair de novo impune de todo o escandaloso abuso de poder exibido durante todo esse infeliz Sete de Setembro, \u00e9 porque o pa\u00eds se deixou encurralar por um golpista que usa todas as t\u00e9cnicas de manipula\u00e7\u00e3o para destruir a democracia.<\/em><\/p>\n\n\n\n<p>Que pot\u00eancia!<\/p>\n\n\n\n<p><a href=\"https:\/\/novaes-c-politico.com.br\/?p=4689\">Agarrada ao Estado de Direito Autorit\u00e1rio-<strong><em>EDA<\/em><\/strong><\/a> que ela ajudou a construir, fazendo das franquias democr\u00e1ticas meros ap\u00eandices (dele dependentes), Leit\u00e3o n\u00e3o pode enxergar que para punir Bolsonaro (seja por falta de decoro, seja por crimes) \u00e9 necess\u00e1rio ir al\u00e9m do Estado de Direito Autorit\u00e1rio em sua crise, (crise que <a href=\"https:\/\/novaes-c-politico.com.br\/?p=3622\">\u00e9 de legitima\u00e7\u00e3o, n\u00e3o institucional<\/a>), uma vez que a preserva\u00e7\u00e3o desta forma estatal em plena crise traz embutida, como uma necessidade, a incapacidade mesma para, por exemplo, conduzir um processo de impeachment, como h\u00e1 anos detalhei <a href=\"https:\/\/novaes-c-politico.com.br\/?p=3376\">aqui<\/a>, entre <a href=\"https:\/\/novaes-c-politico.com.br\/?p=5624\">outros<\/a> textos &#8212; resumindo: afinal, quem tem legitimidade para fazer o impeachment de Bolsonaro: esse Congresso?!<\/p>\n\n\n\n<p>Leit\u00e3o se enche de indigna\u00e7\u00e3o para repudiar o golpe ficcional de Bolsonaro (que n\u00e3o passa de <a href=\"https:\/\/novaes-c-politico.com.br\/?p=5808\">blefe<\/a>, como, mais uma vez, <a href=\"https:\/\/novaes-c-politico.com.br\/?p=7116\">vimos ontem<\/a>), mas, por exemplo, apoiou o <a href=\"https:\/\/novaes-c-politico.com.br\/?p=2741\">golpe<\/a> real contra Dilma: sua conviv\u00eancia conveniente com o car\u00e1ter Autorit\u00e1rio do nosso Estado de Direito &#8212; cujas fac\u00e7\u00f5es majorit\u00e1rias <a href=\"https:\/\/novaes-c-politico.com.br\/?p=1679\" data-type=\"post\" data-id=\"1679\">derrubaram Dilma<\/a> e, agora, numa <a href=\"https:\/\/novaes-c-politico.com.br\/?p=3406\">generaliza\u00e7\u00e3o da regra<\/a>, t\u00eam incrementado o autoritarismo para dar combate aos aliados do ainda mais autorit\u00e1rio Bolsonaro &#8212; essa conviv\u00eancia acomodada, eu dizia, a fez cega para o fato simples de que n\u00e3o vivemos sob um Estado de Direito Democr\u00e1tico, a \u00fanica forma estatal que tornaria imposs\u00edvel uma <a href=\"https:\/\/novaes-c-politico.com.br\/?p=6134\">presid\u00eancia como a de Bolsonaro<\/a> (inaceit\u00e1vel n\u00e3o apenas pelo que ele diz, mas, sobretudo, pelo que ele faz).<\/p>\n\n\n\n<p>Foi essa cegueira conveniente (e perigosa) &#8212; compartilhada com toda a autointitulada esquerda e com os n\u00e3o menos autointitulados progressistas (entre os quais, hoje, Leit\u00e3o deve se incluir) &#8212; que permitiu o alastramento do <a href=\"https:\/\/novaes-c-politico.com.br\/?p=5665\">frentismo<\/a>, esse fr\u00e1gil arranjo eleitoral (que d\u00e1 \u00e0s classes m\u00e9dias uma novo impulso ilus\u00f3rio de que <em>&#8220;algu\u00e9m&#8221;<\/em> vai lutar por ela, ou seja, ela poder\u00e1 continuar na arquibancada, indignada, atordoada, mas atenta&#8230; sei&#8230;), um <a href=\"https:\/\/novaes-c-politico.com.br\/?p=5704\">frentismo <\/a>que, como eu dizia, s\u00f3 vem dando certo porque Bolsonaro empregou os poderes do <strong><em>EDA<\/em><\/strong> de uma forma que, <a href=\"https:\/\/novaes-c-politico.com.br\/?p=7017\">aparentemente<\/a>, o impede de fazer maioria eleitoral para continuar. Se Bolsonaro tivesse usado de maneira menos imbecil os poderes do Estado que recebeu (dos tucanos e, depois, inalterado pelos petistas), seria imbat\u00edvel nessa elei\u00e7\u00e3o. Por sorte, a &#8220;<a href=\"https:\/\/novaes-c-politico.com.br\/?p=5314\" data-type=\"post\" data-id=\"5314\">genialidade<\/a>&#8221; atribu\u00edda a ele n\u00e3o foi suficiente para que <a href=\"https:\/\/novaes-c-politico.com.br\/?p=5162\" data-type=\"post\" data-id=\"5162\">atinasse<\/a> com o que deveria fazer.<\/p>\n\n\n\n<p>Bolsonaro sequestrou o 7 de setembro; os pol\u00edticos profissionais sequestraram a Pol\u00edtica. Embora se diga uma democrata, defensora de um <a href=\"https:\/\/novaes-c-politico.com.br\/?p=4159\" data-type=\"post\" data-id=\"4159\">suposto <em>Estado democr\u00e1tico de direito<\/em><\/a>, Leit\u00e3o, viciada no autoritarismo brasileiro das fac\u00e7\u00f5es pol\u00edticas profissionais, adoraria trocar o prazer de <strong><em>derrotar<\/em><\/strong> Bolsonaro nas <a href=\"https:\/\/novaes-c-politico.com.br\/?p=5771\" data-type=\"post\" data-id=\"5771\">urnas<\/a> pelo gozo de <strong><em>derrub\u00e1-lo<\/em><\/strong> com o autoritarismo  \u201clegal\u201d e \u201cinstitucional\u201d dispon\u00edvel (via TSE?&#8230;), o que, se fosse poss\u00edvel, daria \u00e2nimo &#8220;novo&#8221; ao Estado de Direito Autorit\u00e1rio em crise de legitima\u00e7\u00e3o. E chove aplausos.<\/p>\n\n\n\n<p><strong>Fica o Registro:<\/strong><\/p>\n\n\n\n<p>[23:12] <strong>&#8211; Bolsonaro perdeu impulso hoje<\/strong> em quase todas as plataformas. Foi superado por Lula em mais de uma plataforma em que costumava vencer. O fato est\u00e1 sendo atribu\u00eddo \u00e0 morte da rainha Elizabeth, mas talvez n\u00e3o tenha sido s\u00f3 isso. Talvez tenha sido a ressaca sofrida ontem pelos fan\u00e1ticos da base bolsonarista, que ficaram a ver navios com suas faixas e cartazes golpistas. Vamos ver melhor nos pr\u00f3ximos dias.<\/p>\n","protected":false},"excerpt":{"rendered":"<p>Carlos Novaes, 08 de setembro de 2022 Com acr\u00e9scimo em Fica o Registro \u00e0s 23:12h As m\u00eddias convencional e &#8220;alternativa&#8221; est\u00e3o repletas de artigos inconformados com o que Bolsonaro fez ontem. Talvez a &#8220;an\u00e1lise&#8221; mais representativa de tudo o que est\u00e1 circulando, justamente por ficar na m\u00e9dia entre esquerda-centro-direita das fac\u00e7\u00f5es estatais de oposi\u00e7\u00e3o (com [&hellip;]<\/p>\n","protected":false},"author":1338,"featured_media":0,"comment_status":"open","ping_status":"open","sticky":false,"template":"","format":"standard","meta":{"footnotes":""},"categories":[2],"tags":[],"class_list":["post-7157","post","type-post","status-publish","format-standard","hentry","category-textos-mais-antigos"],"_links":{"self":[{"href":"https:\/\/novaes-c-politico.com.br\/index.php?rest_route=\/wp\/v2\/posts\/7157","targetHints":{"allow":["GET"]}}],"collection":[{"href":"https:\/\/novaes-c-politico.com.br\/index.php?rest_route=\/wp\/v2\/posts"}],"about":[{"href":"https:\/\/novaes-c-politico.com.br\/index.php?rest_route=\/wp\/v2\/types\/post"}],"author":[{"embeddable":true,"href":"https:\/\/novaes-c-politico.com.br\/index.php?rest_route=\/wp\/v2\/users\/1338"}],"replies":[{"embeddable":true,"href":"https:\/\/novaes-c-politico.com.br\/index.php?rest_route=%2Fwp%2Fv2%2Fcomments&post=7157"}],"version-history":[{"count":30,"href":"https:\/\/novaes-c-politico.com.br\/index.php?rest_route=\/wp\/v2\/posts\/7157\/revisions"}],"predecessor-version":[{"id":7189,"href":"https:\/\/novaes-c-politico.com.br\/index.php?rest_route=\/wp\/v2\/posts\/7157\/revisions\/7189"}],"wp:attachment":[{"href":"https:\/\/novaes-c-politico.com.br\/index.php?rest_route=%2Fwp%2Fv2%2Fmedia&parent=7157"}],"wp:term":[{"taxonomy":"category","embeddable":true,"href":"https:\/\/novaes-c-politico.com.br\/index.php?rest_route=%2Fwp%2Fv2%2Fcategories&post=7157"},{"taxonomy":"post_tag","embeddable":true,"href":"https:\/\/novaes-c-politico.com.br\/index.php?rest_route=%2Fwp%2Fv2%2Ftags&post=7157"}],"curies":[{"name":"wp","href":"https:\/\/api.w.org\/{rel}","templated":true}]}}