{"id":7191,"date":"2022-09-14T22:30:43","date_gmt":"2022-09-15T01:30:43","guid":{"rendered":"https:\/\/novaes-c-politico.com.br\/?p=7191"},"modified":"2022-09-15T21:01:19","modified_gmt":"2022-09-16T00:01:19","slug":"barata-voa-e-desespero","status":"publish","type":"post","link":"https:\/\/novaes-c-politico.com.br\/?p=7191","title":{"rendered":"BARATA-VOA E DESESPERO"},"content":{"rendered":"\n<p class=\"has-text-align-right\">Carlos Novaes, 14 de setembro de 2022<\/p>\n\n\n\n<p class=\"has-text-align-right\">Com inclus\u00e3o, em 15\/09, de hiperlink para artigo sobre Vera Magalh\u00e3es<\/p>\n\n\n\n<p>O epis\u00f3dio com a jornalista Vera Magalh\u00e3es ao fim do debate entre os candidatos a governador no Estado de S\u00e3o Paulo serve como uma exibi\u00e7\u00e3o concentrada do <em>barata-voa<\/em> que se instala no bolsonarismo: <strong>1.<\/strong> O chefe destratou Magalh\u00e3es no debate presidencial; <strong>2.<\/strong> O fan\u00e1tico disc\u00edpulo bolsonarista ataca a mesma jornalista no debate para governador (mas o faz fora do tempo, pois o chefe j\u00e1 est\u00e1 com <a href=\"https:\/\/www1.folha.uol.com.br\/poder\/2022\/09\/campanhas-de-tarcisio-e-bolsonaro-tentam-conter-dano-eleitoral-de-ataque-apos-debate.shtml\">outra t\u00e1tica<\/a>); <strong>3.<\/strong> O candidato bolsonarista a governador, com t\u00e1tica diferente dos dois anteriores, percebe o desastre e repele o fan\u00e1tico; <strong>4.<\/strong> Um dos truculentos filhos do mito, tentando sintonia com o pai, repreende o fiel escudeiro e defende a jornalista agredida; a qual, por sua vez, <strong>5.<\/strong> \u00c9, <a href=\"https:\/\/www.uol.com.br\/esporte\/colunas\/milly-lacombe\/2022\/09\/15\/prestar-solidariedade-a-vera-magalhaes-envolve-visitar-um-passado-recente.htm\">ela pr\u00f3pria<\/a>, uma reacion\u00e1ria que fez parte da franja externa do bolsonarismo.<\/p>\n\n\n\n<p>Quer dizer: essa balb\u00fardia se d\u00e1, toda ela, dentro dos an\u00e9is bolsonaristas, o que deixa confusa a base, num aturdimento que se soma \u00e0 desmoraliza\u00e7\u00e3o que antecipamos <a href=\"https:\/\/novaes-c-politico.com.br\/?p=7116\" data-type=\"post\" data-id=\"7116\">aqui<\/a> para o 7 de setembro. S\u00e3o cada vez mais vis\u00edveis os sinais de que a candidatura de Bolsonaro pode desmoronar, pois tudo isso n\u00e3o apenas impede ganhar novos eleitores, mas, sobretudo, deve provocar perdas nas franjas menos convictas do voto em Bolsonaro, com muita gente fugindo da foto ao lado de um <a href=\"https:\/\/novaes-c-politico.com.br\/?p=5871\" data-type=\"post\" data-id=\"5871\">fanfarr\u00e3o<\/a> desmoralizado.<\/p>\n\n\n\n<p>Enquanto isso, h\u00e1 cada vez mais sinais de que a candidatura de Lula pode superar a pequena dist\u00e2ncia que ainda o afasta de uma vit\u00f3ria em primeiro turno, o que gera um desespero de segundo n\u00edvel, dessa vez nas franjas mais conservadoras do establishment. A coisa chegou a tal ponto que o Estad\u00e3o e o Grupo Globo, por exemplo, desenvolveram um apego repentino \u00e0 realiza\u00e7\u00e3o de um segundo turno presidencial, com teoria mirabolante sobre a rela\u00e7\u00e3o entre dois turnos e democracia, como se o eleitorado n\u00e3o pudesse fazer sua escolha dispensando, democraticamente, a segunda etapa da disputa.<\/p>\n\n\n\n<p>N\u00e3o \u00e9 que eles se empenhem em uma derrota de Lula, cuja prov\u00e1vel vit\u00f3ria j\u00e1 absorveram. Na verdade, eles se deram conta de que, se ganhar no primeiro turno, Lula ir\u00e1 participar como presidente j\u00e1 eleito das campanhas a governador que forem para o segundo turno. Isso far\u00e1 dessas campanhas, que s\u00e3o curtas, uma marcha triunfal de Lula para fazer vitoriosos os candidatos que apoiar. Vejamos alguns casos: em S\u00e3o Paulo, por desej\u00e1vel que seja (e \u00e9), uma vit\u00f3ria de Haddad parece dif\u00edcil se ele tiver que disputar um segundo turno sem que Lula tenha se desvencilhado da disputa presidencial j\u00e1 no primeiro. Se Lula vencer de cara, por\u00e9m, ser\u00e1 o contr\u00e1rio: a candidatura de Haddad se tornar\u00e1 quase imbat\u00edvel.<\/p>\n\n\n\n<p>O mesmo no Rio, no Cear\u00e1 e at\u00e9 em Minas; para n\u00e3o falar em Pernambuco e na Bahia. Na primeira dessas disputas nordestinas, por exemplo, mesmo que Mar\u00edlia Arraes tenha de enfrentar um segundo turno contra o PSB, um Lula vitorioso n\u00e3o poder\u00e1 deixar de contribuir, direta ou indiretamente, para a vit\u00f3ria dela; no segundo caso, o da Bahia, se ACM Neto n\u00e3o ganhar no primeiro turno, poder\u00e1 ter severas dificuldades no segundo, pois ter\u00e1 de enfrentar Lula em caravanas embaladas pela vit\u00f3ria.<\/p>\n\n\n\n<p>\u00c9 essa onda que o establishment quer evitar quando faz a defesa do segundo turno como uma necessidade democr\u00e1tica&#8230;<\/p>\n\n\n\n<p><strong>Fica o Registro:<\/strong><\/p>\n\n\n\n<p><strong>&#8211; Ciro Gomes,<\/strong> cumprindo o <em>script<\/em> mais pessimista, que h\u00e1 tempos se vislumbrou <a href=\"https:\/\/novaes-c-politico.com.br\/?p=4223\" data-type=\"post\" data-id=\"4223\">aqui<\/a> e <a href=\"https:\/\/novaes-c-politico.com.br\/?p=5693\" data-type=\"post\" data-id=\"5693\">aqui<\/a>, passou de pat\u00e9tico a daninho. Com ares de te\u00f3rico, fala, agora, em &#8220;fascismo de esquerda&#8221; s\u00f3 porque sua candidatura, <a href=\"https:\/\/novaes-c-politico.com.br\/?p=5154\" data-type=\"post\" data-id=\"5154\">como previsto<\/a>, naufragou, e em raz\u00e3o das suas pr\u00f3prias escolhas. Depois do equ\u00edvoco pol\u00edtico de dar <a href=\"https:\/\/www.youtube.com\/watch?v=bxVvV448mn8&amp;t\">combate sim\u00e9trico<\/a> a Bolsonaro e Lula, o coronel envernizado passou a poupar o fascista para atacar Lula, <a href=\"https:\/\/novaes-c-politico.com.br\/?p=3843\" data-type=\"post\" data-id=\"3843\">cujos defeitos<\/a> s\u00e3o graves e merecem cr\u00edtica, mas nada que se pare\u00e7a com as inj\u00farias assacadas por Ciro.<\/p>\n","protected":false},"excerpt":{"rendered":"<p>Carlos Novaes, 14 de setembro de 2022 Com inclus\u00e3o, em 15\/09, de hiperlink para artigo sobre Vera Magalh\u00e3es O epis\u00f3dio com a jornalista Vera Magalh\u00e3es ao fim do debate entre os candidatos a governador no Estado de S\u00e3o Paulo serve como uma exibi\u00e7\u00e3o concentrada do barata-voa que se instala no bolsonarismo: 1. O chefe destratou [&hellip;]<\/p>\n","protected":false},"author":1338,"featured_media":0,"comment_status":"open","ping_status":"open","sticky":false,"template":"","format":"standard","meta":{"footnotes":""},"categories":[2],"tags":[],"class_list":["post-7191","post","type-post","status-publish","format-standard","hentry","category-textos-mais-antigos"],"_links":{"self":[{"href":"https:\/\/novaes-c-politico.com.br\/index.php?rest_route=\/wp\/v2\/posts\/7191","targetHints":{"allow":["GET"]}}],"collection":[{"href":"https:\/\/novaes-c-politico.com.br\/index.php?rest_route=\/wp\/v2\/posts"}],"about":[{"href":"https:\/\/novaes-c-politico.com.br\/index.php?rest_route=\/wp\/v2\/types\/post"}],"author":[{"embeddable":true,"href":"https:\/\/novaes-c-politico.com.br\/index.php?rest_route=\/wp\/v2\/users\/1338"}],"replies":[{"embeddable":true,"href":"https:\/\/novaes-c-politico.com.br\/index.php?rest_route=%2Fwp%2Fv2%2Fcomments&post=7191"}],"version-history":[{"count":16,"href":"https:\/\/novaes-c-politico.com.br\/index.php?rest_route=\/wp\/v2\/posts\/7191\/revisions"}],"predecessor-version":[{"id":7210,"href":"https:\/\/novaes-c-politico.com.br\/index.php?rest_route=\/wp\/v2\/posts\/7191\/revisions\/7210"}],"wp:attachment":[{"href":"https:\/\/novaes-c-politico.com.br\/index.php?rest_route=%2Fwp%2Fv2%2Fmedia&parent=7191"}],"wp:term":[{"taxonomy":"category","embeddable":true,"href":"https:\/\/novaes-c-politico.com.br\/index.php?rest_route=%2Fwp%2Fv2%2Fcategories&post=7191"},{"taxonomy":"post_tag","embeddable":true,"href":"https:\/\/novaes-c-politico.com.br\/index.php?rest_route=%2Fwp%2Fv2%2Ftags&post=7191"}],"curies":[{"name":"wp","href":"https:\/\/api.w.org\/{rel}","templated":true}]}}