{"id":7387,"date":"2022-10-08T13:32:14","date_gmt":"2022-10-08T16:32:14","guid":{"rendered":"https:\/\/novaes-c-politico.com.br\/?p=7387"},"modified":"2022-10-09T21:49:07","modified_gmt":"2022-10-10T00:49:07","slug":"bolsonaro-recapturou-o-sentimento-antissistema","status":"publish","type":"post","link":"https:\/\/novaes-c-politico.com.br\/?p=7387","title":{"rendered":"BOLSONARO RECAPTUROU O SENTIMENTO ANTISSISTEMA"},"content":{"rendered":"\n<p class=\"has-text-align-right\">Carlos Novaes, 08 de outubro de 2022<\/p>\n\n\n\n<p>Tenho discutido neste blog e no canal do YouTube, <em>Lavoura Pol\u00edtica<\/em>, que o <em><a href=\"https:\/\/www.youtube.com\/watch?v=o5mnV-FZxuw\">sentimento antissistema<\/a><\/em> \u00e9 majorit\u00e1rio na sociedade brasileira. Esse sentimento nada mais \u00e9 do que o modo como as pessoas manifestam <strong>a<\/strong>, d\u00e3o express\u00e3o <strong>\u00e0<\/strong>, <em><a href=\"https:\/\/novaes-c-politico.com.br\/?p=3622\" data-type=\"post\" data-id=\"3622\">crise de legitima\u00e7\u00e3o<\/a><\/em> do <a href=\"https:\/\/novaes-c-politico.com.br\/?p=3737\" data-type=\"post\" data-id=\"3737\">Estado de Direito Autorit\u00e1rio<\/a>&#8211;<strong><em>EDA<\/em><\/strong>. O <em><strong>EDA<\/strong><\/em> tem dificuldades cada vez maiores para ser percebido como leg\u00edtimo pela maioria da popula\u00e7\u00e3o, que d\u00e1 corpo \u00e0 sua revolta &#8220;sentindo&#8221; que o sistema n\u00e3o presta. Quer dizer, o conceito <em>crise de legitima\u00e7\u00e3o<\/em> \u00e9 uma constru\u00e7\u00e3o intelectual para apreender <em>teoricamente <\/em>o que se passa; o <em>sentimento antissistema<\/em> \u00e9 o que se passa, \u00e9 o modo como as pessoas traduzem na <em>realidade <\/em>a sua revolta.<\/p>\n\n\n\n<p>O <em>conceito <\/em>tenta agarrar a realidade complexa; o <em>sentimento <\/em>expressa essa complexidade em si mesmo. O <em>conceito <\/em>vem depois do <em>sentimento<\/em>. O <em>sentimento <\/em>re\u00fane todas as motiva\u00e7\u00f5es particulares, pois, em \u00faltima inst\u00e2ncia, cada pessoa est\u00e1 revoltada com o <em><strong>EDA<\/strong><\/em> por suas pr\u00f3prias raz\u00f5es; o <em>conceito <\/em>desconsidera o que \u00e9 particular para entender o sentido pol\u00edtico final do que se passa.<\/p>\n\n\n\n<p>Toda elei\u00e7\u00e3o tem algum hipot\u00e9tico caminho real que conduz \u00e0 vit\u00f3ria mas, como tal caminho \u00e9 dif\u00edcil de encontrar, raramente ele \u00e9 trilhado por algum dos candidatos. Como em toda disputa acaba por haver um vencedor, quem erra menos acaba por vencer, ainda que ningu\u00e9m tenha trilhado o caminho real. Em outras palavras, frequentemente o vencedor \u00e9 aquele que, sem ter enxergado o caminho da vit\u00f3ria, acabou por fazer a campanha que menos se afastou dele.<\/p>\n\n\n\n<p>Como vimos <a href=\"https:\/\/novaes-c-politico.com.br\/?p=4889\" data-type=\"post\" data-id=\"4889\">aqui<\/a>, desde pelo menos 2018 est\u00e1 claro que o sentimento antissistema \u00e9 majorit\u00e1rio no eleitorado brasileiro. Como a maioria de n\u00f3s tamb\u00e9m prefere a democracia a qualquer outra forma de governo, n\u00e3o \u00e9 dif\u00edcil chegar \u00e0 constata\u00e7\u00e3o propriamente intelectual de que o caminho de sa\u00edda da crise de legitima\u00e7\u00e3o \u00e9 a reuni\u00e3o do sentimento antissistema com a prefer\u00eancia pela democracia. Quer dizer, precisamos de uma for\u00e7a que nos proponha <em><strong>ir al\u00e9m do EDA<\/strong><\/em>, de uma for\u00e7a que construa esse caminho da \u00fanica forma que ele pode ser constru\u00eddo: consolidar a democracia fazendo uso dos materiais que a maioria da  sociedade oferece. Esses materiais s\u00e3o feitos de insatisfa\u00e7\u00f5es e aspira\u00e7\u00f5es. As insatisfa\u00e7\u00f5es da maioria de n\u00f3s resultam da desigualdade, tomada em sentido amplo, o que resulta na aspira\u00e7\u00e3o pelo enfrentamento de duas urg\u00eancias: a <em>urg\u00eancia social<\/em> e a <em>urg\u00eancia por ordem<\/em>, como j\u00e1 vimos <a href=\"https:\/\/novaes-c-politico.com.br\/?p=4722\" data-type=\"post\" data-id=\"4722\">aqui<\/a>.<\/p>\n\n\n\n<p>Se em 2022 o caminho para a vit\u00f3ria eleitoral \u00e9 <em><strong>ir al\u00e9m do EDA<\/strong><\/em>, desde o in\u00edcio ficou claro que nenhum candidato (ou candidata) \u00e0 presid\u00eancia da Rep\u00fablica estava em condi\u00e7\u00f5es de desempenhar o papel: ningu\u00e9m concatenou a grande novidade de reunir a prefer\u00eancia pela democracia com a avers\u00e3o ao  &#8220;sistema&#8221;. N\u00e3o tendo sido desafiado pela novidade para a qual estava pronto, o eleitorado foi tangido para a polariza\u00e7\u00e3o \u00f3bvia, embora ela n\u00e3o traduza suas necessidades e expectativas.<\/p>\n\n\n\n<p>Ainda que com graus diferentes de informa\u00e7\u00e3o e clareza, o fato \u00e9 que para a maioria dos eleitores a democracia brasileira n\u00e3o est\u00e1 amea\u00e7ada &#8212; essa n\u00e3o \u00e9 a quest\u00e3o. N\u00e3o obstante, Bolsonaro <a href=\"https:\/\/www.youtube.com\/watch?v=cbJ9MhhY9UM\">vocifera seus blefes<\/a> contra a democracia para parecer antissistema; j\u00e1 Lula diz defender a democracia enquanto, na verdade, saiba ou n\u00e3o o alcance disso, <a href=\"https:\/\/www.youtube.com\/watch?v=-A-vGc-KdVE\">defende o sistema (<em><strong>EDA<\/strong><\/em>)<\/a>. A polariza\u00e7\u00e3o Lula-Bolsonaro levou a maioria da sociedade brasileira a cindir a sua prefer\u00eancia de base em duas metades contrapostas de modo improdutivo e desorientador: ou bem reafirma sua prefer\u00eancia pela democracia; ou bem d\u00e1 vaz\u00e3o ao sentimento antissistema. O vencedor sair\u00e1 das incertezas pr\u00f3prias de uma desorienta\u00e7\u00e3o como essa.<\/p>\n\n\n\n<p>Os n\u00fameros de Bolsonaro nas pesquisas realizadas no curso do primeiro turno indicavam alta rejei\u00e7\u00e3o (resultada do governo dele com o Centr\u00e3o) e inten\u00e7\u00f5es de voto que, embora robustas, eram insuficientes para fazer maioria mesmo num hipot\u00e9tico segundo turno. Quer dizer, o campe\u00e3o supostamente antissistema parecia ter perdido as condi\u00e7\u00f5es que lhe haviam levado \u00e0 vit\u00f3ria em 2018. Por outro lado, Lula logrou fazer da sua campanha uma <a href=\"https:\/\/novaes-c-politico.com.br\/?p=5704\" data-type=\"post\" data-id=\"5704\">&#8220;frente&#8221;<\/a> pela democracia e, embora insistindo num passado question\u00e1vel sem descortinar nenhum futuro, parecia caminhar ou para uma vit\u00f3ria j\u00e1 no primeiro turno, ou para um triunfo no segundo. Quer dizer, o injusti\u00e7ado de 2018 parecia ter conseguido se transformar no campe\u00e3o da democracia.<\/p>\n\n\n\n<p>Infelizmente, por\u00e9m, nas \u00faltimas horas do primeiro turno, longe da percep\u00e7\u00e3o das pesquisas,  houve um realinhamento das sempre complexas motiva\u00e7\u00f5es para o voto, pois o resultado eleitoral indica que o sentimento antissistema ganhou impulso e, apesar de tudo, Bolsonaro foi favorecido por ele &#8212;  a maior evid\u00eancia disso foi o inesperado primeiro lugar de Tarc\u00edsio em SP, afinal, ao votar nele os paulistas nada mais fizeram do que preferir o &#8220;forasteiro&#8221; ao &#8220;sistema&#8221; (nem PSDB, nem PT, imagem que os advers\u00e1rios ajudaram a construir com sua xenofobia despolitizada). Quer dizer, ainda antes do final da elei\u00e7\u00e3o Lula parece ter come\u00e7ado a pagar o pre\u00e7o de ter feito da sua campanha uma fotografia at\u00e9 literal do &#8220;sistema&#8221; &#8212; o que, al\u00e9m de favorecer o advers\u00e1rio diretamente, pode at\u00e9 ter desmotivado eleitores do pr\u00f3prio Lula a irem votar&#8230;<\/p>\n\n\n\n<p>As primeiras pesquisas deste segundo turno indicam que, at\u00e9 aqui, essa tend\u00eancia n\u00e3o se alterou, com Bolsonaro se apresentando perigosamente competitivo, no que est\u00e1 sendo ajudado pela autointitulada esquerda e pelos progressistas, que insistem em demoniz\u00e1-lo como a besta-fera da democracia, enquanto o ajudam a difundir a falsa imagem  de cavaleiro antissistema, que ele vem explorando ao antecipar nefastas altera\u00e7\u00f5es no STF (uma v\u00e1lvula central no funcionamento do cora\u00e7\u00e3o do sistema, como a autointitulada esquerda sempre soube, mas resolveu &#8220;esquecer&#8221;&#8230;). Assumindo para si uma suposta &#8220;norma civilizada&#8221;, nossos bem pensantes destacam em Bolsonaro justamente o comportamento desviante, contribuindo para a ideia de que ele se contrap\u00f5e ao estabelecido e, ainda por cima, reproduzindo preconceitos (s\u00edndrome de Janones) que afastam gente s\u00e9ria e, assim, solapam a pot\u00eancia de um discurso comum. Vem dando errado&#8230;<\/p>\n\n\n\n<p>Lula, por sua vez, voltado para o passado, enredado em compromissos com as <em><strong><a href=\"https:\/\/novaes-c-politico.com.br\/?p=5178\" data-type=\"post\" data-id=\"5178\">fac\u00e7\u00f5es do EDA<\/a><\/strong><\/em> &#8212; na esteira da alian\u00e7a com <a href=\"https:\/\/www.youtube.com\/watch?v=VSwHxtXvw5k\">Alckmin (met\u00e1fora<\/a> do que deveria ter feito h\u00e1 trinta anos) &#8211;, traz em seu apoio, neste segundo turno, n\u00e3o menos tardiamente, os ex-formuladores e ex-implementadores do Plano Real. Tenham os m\u00e9ritos que tenham, o fato \u00e9 que, nas atuais circunst\u00e2ncias, esses apoios completam a foto do anacronismo que exploramos detalhadamente <a href=\"https:\/\/novaes-c-politico.com.br\/?p=7289\">aqui<\/a>, e o sistema aparece em todo o seu desenho contraproducente: FHC, Arida, Lara Rezende, Bacha, Malan e Arm\u00ednio &#8212; SP j\u00e1 mostrou estar a repelir isso.<\/p>\n\n\n\n<p>Tenham ou n\u00e3o consci\u00eancia disso, os estrategistas das campanhas est\u00e3o arrastando o eleitor que quer mudan\u00e7a a decidir entre, pelo lado de Lula, a volta a um passado controverso para, no m\u00e1ximo, tomar f\u00f4lego para mudan\u00e7as posteriores (adiamento); ou, pelo lado de Bolsonaro, correr os riscos de insistir no imediatismo de uma reacion\u00e1ria via turbulenta de desarranjo da ordem que infelicita a maioria (&#8220;botar pr\u00e1 quebrar&#8221;) &#8212; por mimetizar o desespero do eleitor, o comportamento &#8220;desesperado&#8221; de Bolsonaro pode funcionar, especialmente quando contraposto \u00e0 falta de uma vis\u00e3o de futuro no projeto de Lula.<\/p>\n","protected":false},"excerpt":{"rendered":"<p>Carlos Novaes, 08 de outubro de 2022 Tenho discutido neste blog e no canal do YouTube, Lavoura Pol\u00edtica, que o sentimento antissistema \u00e9 majorit\u00e1rio na sociedade brasileira. Esse sentimento nada mais \u00e9 do que o modo como as pessoas manifestam a, d\u00e3o express\u00e3o \u00e0, crise de legitima\u00e7\u00e3o do Estado de Direito Autorit\u00e1rio&#8211;EDA. O EDA tem [&hellip;]<\/p>\n","protected":false},"author":1338,"featured_media":0,"comment_status":"open","ping_status":"open","sticky":false,"template":"","format":"standard","meta":{"footnotes":""},"categories":[2],"tags":[],"class_list":["post-7387","post","type-post","status-publish","format-standard","hentry","category-textos-mais-antigos"],"_links":{"self":[{"href":"https:\/\/novaes-c-politico.com.br\/index.php?rest_route=\/wp\/v2\/posts\/7387","targetHints":{"allow":["GET"]}}],"collection":[{"href":"https:\/\/novaes-c-politico.com.br\/index.php?rest_route=\/wp\/v2\/posts"}],"about":[{"href":"https:\/\/novaes-c-politico.com.br\/index.php?rest_route=\/wp\/v2\/types\/post"}],"author":[{"embeddable":true,"href":"https:\/\/novaes-c-politico.com.br\/index.php?rest_route=\/wp\/v2\/users\/1338"}],"replies":[{"embeddable":true,"href":"https:\/\/novaes-c-politico.com.br\/index.php?rest_route=%2Fwp%2Fv2%2Fcomments&post=7387"}],"version-history":[{"count":46,"href":"https:\/\/novaes-c-politico.com.br\/index.php?rest_route=\/wp\/v2\/posts\/7387\/revisions"}],"predecessor-version":[{"id":7436,"href":"https:\/\/novaes-c-politico.com.br\/index.php?rest_route=\/wp\/v2\/posts\/7387\/revisions\/7436"}],"wp:attachment":[{"href":"https:\/\/novaes-c-politico.com.br\/index.php?rest_route=%2Fwp%2Fv2%2Fmedia&parent=7387"}],"wp:term":[{"taxonomy":"category","embeddable":true,"href":"https:\/\/novaes-c-politico.com.br\/index.php?rest_route=%2Fwp%2Fv2%2Fcategories&post=7387"},{"taxonomy":"post_tag","embeddable":true,"href":"https:\/\/novaes-c-politico.com.br\/index.php?rest_route=%2Fwp%2Fv2%2Ftags&post=7387"}],"curies":[{"name":"wp","href":"https:\/\/api.w.org\/{rel}","templated":true}]}}