{"id":7828,"date":"2023-01-06T16:52:41","date_gmt":"2023-01-06T19:52:41","guid":{"rendered":"https:\/\/novaes-c-politico.com.br\/?p=7828"},"modified":"2023-01-06T18:02:00","modified_gmt":"2023-01-06T21:02:00","slug":"o-golpista-e-antes-de-tudo-um-fraco","status":"publish","type":"post","link":"https:\/\/novaes-c-politico.com.br\/?p=7828","title":{"rendered":"O GOLPISTA \u00c9, ANTES DE TUDO, UM FRACO*"},"content":{"rendered":"\n<p class=\"has-text-align-right\">Carlos Novaes, 06 de janeiro de 2023<\/p>\n\n\n\n<p>Todo in\u00edcio de ano requer rearranjos. No <a href=\"https:\/\/novaes-c-politico.com.br\/?p=7771\" data-type=\"post\" data-id=\"7771\">artigo de ontem<\/a> tratamos da montagem do minist\u00e9rio de Lula. Tratemos hoje da desmontagem dos acampamentos golpistas pr\u00f3-Bolsonaro.<\/p>\n\n\n\n<p>Quem tem acompanhado o desmonte dos acampamentos em torno de quart\u00e9is n\u00e3o pode deixar de constatar, finalmente, que os indevidamente chamados &#8220;radicais&#8221; do bolsonarismo, que insistem na s\u00faplica por um golpe, s\u00e3o, antes de tudo, <a href=\"https:\/\/www.youtube.com\/watch?v=QDqKswF5_eM\">uns fracos<\/a>.<\/p>\n\n\n\n<p>Esses ajuntamentos pat\u00e9ticos desmentem n\u00e3o apenas os temores de quem passou anos alardeando um golpe do <a href=\"https:\/\/novaes-c-politico.com.br\/?p=5871\" data-type=\"post\" data-id=\"5871\">blefador Bolsonaro<\/a>, mas tamb\u00e9m as an\u00e1lises de quem vem teorizando que o bolsonarismo representa uma via revolucion\u00e1ria de direita no Brasil.<\/p>\n\n\n\n<p>O bolsonarismo golpista \u00e9 uma movimenta\u00e7\u00e3o de fracos e impotentes que, por isso mesmo, fizeram de seus ressentimentos n\u00e3o uma for\u00e7a de a\u00e7\u00e3o, como seria o caso no impulso \u00e0 revolu\u00e7\u00e3o, mas uma lam\u00faria p\u00fablica. Eles est\u00e3o h\u00e1 anos choramingando e, como n\u00e3o poderia deixar de ser, rezando para que outrem haja por eles, passividade que \u00e9 o oposto da atitude revolucion\u00e1ria. Essa condi\u00e7\u00e3o de raiz ajuda a entender, agora retrospectivamente, porque Bolsonaro sempre foi <em>marionete <\/em>de sua massa, e n\u00e3o o l\u00edder dela, como expliquei <a href=\"https:\/\/novaes-c-politico.com.br\/?p=3843\" data-type=\"post\" data-id=\"3843\">aqui<\/a> faz anos.<\/p>\n\n\n\n<p>Desde a imagem de Bolsonaro na rua, diante da massa, berrando <em><a href=\"https:\/\/www.youtube.com\/watch?v=I2bZoC8FHJI\">&#8220;acabou, porra!&#8221;<\/a><\/em> at\u00e9 a imagem do mesmo Bolsonaro em quartel, diante dos milicos, chorando silenciosamente <a href=\"https:\/\/www.google.com\/search?q=bolsonaro+chorando&amp;oq=bolsonaro+chorando&amp;aqs=chrome..69i57.5138j0j15&amp;sourceid=chrome&amp;ie=UTF-8#fpstate=ive&amp;vld=cid:fa21b92a,vid:2_2lk1qEjSQ\">como um garotinho<\/a> que levou uma reprimenda, temos o arco de toda a trajet\u00f3ria do golpismo: sem ch\u00e3o, sem agente, sem sentido &#8212; trajet\u00f3ria em que a <em>massa <\/em>e seu <em>marionete <\/em>sempre estiveram em sintonia paralisante, tentando fazer parecer que in\u00e9rcia \u00e9 fibra: um esperando que o outro quebrasse a passividade e abrisse como por milagre o caminho para a tomada de um quim\u00e9rico poder total.<\/p>\n\n\n\n<p><em>O<\/em> <em>marionete<\/em>, nada disposto a correr riscos, covardemente se escondia em seguidor da massa, que deveras \u00e9, dizendo <em>&#8220;quem decide s\u00e3o voc\u00eas!&#8221;<\/em>; <em>a massa<\/em>, por sua vez n\u00e3o menos covarde, diante dos riscos de tomar a iniciativa se escondia sob lealdade espertalhona berrando <em>&#8220;eu autorizo!&#8221;<\/em> para fustigar o espertinho que tinha diante de si &#8212; <em>um n\u00e3o queria fazer antes o que sabia que o outro n\u00e3o ia fazer depois<\/em><strong><sup>**<\/sup><\/strong>. <\/p>\n\n\n\n<p><strong>* &#8211; <\/strong>Em passagem c\u00e9lebre de <em>Os Sert\u00f5es<\/em>, Euclides da Cunha disse: <em>&#8220;o sertanejo \u00e9, antes de tudo, um forte&#8221;<\/em>.<\/p>\n\n\n\n<p><strong>** &#8211;<\/strong> Pe\u00e7o desculpas por arremedar o grande poeta ao tentar elucidar mat\u00e9ria t\u00e3o vil. Veja, de Cassiano Ricardo, o poema <em><a href=\"http:\/\/euliricoeu.blogspot.com\/2011\/08\/gog-magog.html\">Gog &amp; Magog<\/a><\/em>.<\/p>\n","protected":false},"excerpt":{"rendered":"<p>Carlos Novaes, 06 de janeiro de 2023 Todo in\u00edcio de ano requer rearranjos. No artigo de ontem tratamos da montagem do minist\u00e9rio de Lula. Tratemos hoje da desmontagem dos acampamentos golpistas pr\u00f3-Bolsonaro. Quem tem acompanhado o desmonte dos acampamentos em torno de quart\u00e9is n\u00e3o pode deixar de constatar, finalmente, que os indevidamente chamados &#8220;radicais&#8221; do [&hellip;]<\/p>\n","protected":false},"author":1338,"featured_media":0,"comment_status":"open","ping_status":"open","sticky":false,"template":"","format":"standard","meta":{"footnotes":""},"categories":[2],"tags":[],"class_list":["post-7828","post","type-post","status-publish","format-standard","hentry","category-textos-mais-antigos"],"_links":{"self":[{"href":"https:\/\/novaes-c-politico.com.br\/index.php?rest_route=\/wp\/v2\/posts\/7828","targetHints":{"allow":["GET"]}}],"collection":[{"href":"https:\/\/novaes-c-politico.com.br\/index.php?rest_route=\/wp\/v2\/posts"}],"about":[{"href":"https:\/\/novaes-c-politico.com.br\/index.php?rest_route=\/wp\/v2\/types\/post"}],"author":[{"embeddable":true,"href":"https:\/\/novaes-c-politico.com.br\/index.php?rest_route=\/wp\/v2\/users\/1338"}],"replies":[{"embeddable":true,"href":"https:\/\/novaes-c-politico.com.br\/index.php?rest_route=%2Fwp%2Fv2%2Fcomments&post=7828"}],"version-history":[{"count":28,"href":"https:\/\/novaes-c-politico.com.br\/index.php?rest_route=\/wp\/v2\/posts\/7828\/revisions"}],"predecessor-version":[{"id":7859,"href":"https:\/\/novaes-c-politico.com.br\/index.php?rest_route=\/wp\/v2\/posts\/7828\/revisions\/7859"}],"wp:attachment":[{"href":"https:\/\/novaes-c-politico.com.br\/index.php?rest_route=%2Fwp%2Fv2%2Fmedia&parent=7828"}],"wp:term":[{"taxonomy":"category","embeddable":true,"href":"https:\/\/novaes-c-politico.com.br\/index.php?rest_route=%2Fwp%2Fv2%2Fcategories&post=7828"},{"taxonomy":"post_tag","embeddable":true,"href":"https:\/\/novaes-c-politico.com.br\/index.php?rest_route=%2Fwp%2Fv2%2Ftags&post=7828"}],"curies":[{"name":"wp","href":"https:\/\/api.w.org\/{rel}","templated":true}]}}