{"id":8001,"date":"2023-01-20T22:07:35","date_gmt":"2023-01-21T01:07:35","guid":{"rendered":"https:\/\/novaes-c-politico.com.br\/?p=8001"},"modified":"2023-01-21T01:48:56","modified_gmt":"2023-01-21T04:48:56","slug":"liberdade-de-expressao-e-facciosismo-1-de-2","status":"publish","type":"post","link":"https:\/\/novaes-c-politico.com.br\/?p=8001","title":{"rendered":"LIBERDADE DE EXPRESS\u00c3O E FACCIOSISMO &#8212; 1 DE 2"},"content":{"rendered":"\n<p class=\"has-text-align-right\">Carlos Novaes, 20 de janeiro de 2023<\/p>\n\n\n\n<p class=\"has-text-align-right\"><em>Liberdade \u00e9 sempre a liberdade de quem pensa diferente<\/em> <\/p>\n\n\n\n<p class=\"has-text-align-right has-small-font-size\">Rosa Luxemburgo<\/p>\n\n\n\n<p>O princ\u00edpio enunciado por Rosa Luxemburgo \u00e9 o que h\u00e1 de mais s\u00f3lido para dar in\u00edcio a uma discuss\u00e3o sobre a no\u00e7\u00e3o de liberdade. Para enxergar o alcance do postulado \u00e9 necess\u00e1rio transpor a interpreta\u00e7\u00e3o trivial dele, pela qual, sob o registro da toler\u00e2ncia, estar-se-ia a reconhecer o direito de express\u00e3o de quem pensa diferente, tal como o faz o liberalismo.<\/p>\n\n\n\n<p>Essa perspectiva acanhada torna a defesa da liberdade c\u00f4moda, pois deixa a cada um o direito de defender a pr\u00f3pria liberdade em concorr\u00eancia tolerante com quem pensa de modo diferente. Mas n\u00e3o se trata disso. Pelo contr\u00e1rio: a for\u00e7a do enunciado da pensadora polonesa est\u00e1 em que ele resgata a liberdade do c\u00e1rcere do <em>direito individual<\/em> e a liberta no espa\u00e7o social das rela\u00e7\u00f5es <em>entre indiv\u00edduos<\/em>.<\/p>\n\n\n\n<p>Em sua radicalidade, o postulado de Rosa deve ser entendido como uma baliza a orientar a defesa da liberdade: um agente s\u00f3 est\u00e1 a defender a liberdade se e quando falar nela, e\/ou agir por ela, <em>exclusivamente <\/em>para dizer e garantir o direito de express\u00e3o de quem pensa diferente dele &#8212; note bem: a pensadora disse <em>sempre<\/em>, n\u00e3o <em>tamb\u00e9m<\/em>. Em outras palavras: n\u00e3o se est\u00e1 a defender, nem, muito menos, a se exercer a liberdade, quando se est\u00e1 a defender, ou a exercer, o pr\u00f3prio direito de express\u00e3o.<\/p>\n\n\n\n<p>Esteja atuando sob regime democr\u00e1tico ou desafiando regime ditatorial, isto \u00e9, esteja ou n\u00e3o amparado pela ordem vigente, todo agente (individual ou coletivo) que defende e expressa seus interesses, inclusive o direito \u00e0 pr\u00f3pria liberdade, est\u00e1 fazendo pol\u00edtica legitimamente, mas, por mais necess\u00e1ria que se mostre essa sua a\u00e7\u00e3o, ele n\u00e3o est\u00e1 a defender <em>a<\/em> <em>Liberdade<\/em>. A defesa da liberdade requer um olhar para al\u00e9m dos pr\u00f3prios interesses e direitos de express\u00e3o e manifesta\u00e7\u00e3o, por mais leg\u00edtimos e necess\u00e1rios que sejam; ela requer um olhar que abarque o sentido \u00faltimo da vida pol\u00edtica democr\u00e1tica.<\/p>\n\n\n\n<p>Dessa perspectiva, <em>a liberdade como princ\u00edpio \u00e9 fundamento silencioso da vida pol\u00edtica democr\u00e1tica, n\u00e3o express\u00e3o da luta <em>barulhenta<\/em><\/em> <em>entre os interessados nos benef\u00edcios dela<\/em> <em>para si<\/em>. Quando o assunto \u00e9 a liberdade, o sil\u00eancio s\u00f3 pode ser rompido para defender a liberdade de express\u00e3o de outrem. A liberdade n\u00e3o \u00e9 sen\u00e3o degradada quando tornada bandeira pol\u00edtica manejada segundo os interesses facciosos dos pr\u00f3prios defensores e, por isso mesmo &#8212; a valer o postulado de Rosa \u2014, se a ningu\u00e9m \u00e9 dado dizer que defende a liberdade quando a reclama para si, ainda menos subsistir\u00e1 como leg\u00edtimo o uso da liberdade de express\u00e3o para reivindicar a supress\u00e3o da ordem pol\u00edtica democr\u00e1tica, garantidora do fundamento de que <em>liberdade \u00e9 sempre a liberdade de quem pensa diferente<\/em>.<\/p>\n\n\n\n<p>Com base nesse entendimento, analisemos a cena pol\u00edtica brasileira atual.<\/p>\n","protected":false},"excerpt":{"rendered":"<p>Carlos Novaes, 20 de janeiro de 2023 Liberdade \u00e9 sempre a liberdade de quem pensa diferente Rosa Luxemburgo O princ\u00edpio enunciado por Rosa Luxemburgo \u00e9 o que h\u00e1 de mais s\u00f3lido para dar in\u00edcio a uma discuss\u00e3o sobre a no\u00e7\u00e3o de liberdade. Para enxergar o alcance do postulado \u00e9 necess\u00e1rio transpor a interpreta\u00e7\u00e3o trivial dele, [&hellip;]<\/p>\n","protected":false},"author":1338,"featured_media":0,"comment_status":"open","ping_status":"open","sticky":false,"template":"","format":"standard","meta":{"footnotes":""},"categories":[2],"tags":[],"class_list":["post-8001","post","type-post","status-publish","format-standard","hentry","category-textos-mais-antigos"],"_links":{"self":[{"href":"https:\/\/novaes-c-politico.com.br\/index.php?rest_route=\/wp\/v2\/posts\/8001","targetHints":{"allow":["GET"]}}],"collection":[{"href":"https:\/\/novaes-c-politico.com.br\/index.php?rest_route=\/wp\/v2\/posts"}],"about":[{"href":"https:\/\/novaes-c-politico.com.br\/index.php?rest_route=\/wp\/v2\/types\/post"}],"author":[{"embeddable":true,"href":"https:\/\/novaes-c-politico.com.br\/index.php?rest_route=\/wp\/v2\/users\/1338"}],"replies":[{"embeddable":true,"href":"https:\/\/novaes-c-politico.com.br\/index.php?rest_route=%2Fwp%2Fv2%2Fcomments&post=8001"}],"version-history":[{"count":48,"href":"https:\/\/novaes-c-politico.com.br\/index.php?rest_route=\/wp\/v2\/posts\/8001\/revisions"}],"predecessor-version":[{"id":8086,"href":"https:\/\/novaes-c-politico.com.br\/index.php?rest_route=\/wp\/v2\/posts\/8001\/revisions\/8086"}],"wp:attachment":[{"href":"https:\/\/novaes-c-politico.com.br\/index.php?rest_route=%2Fwp%2Fv2%2Fmedia&parent=8001"}],"wp:term":[{"taxonomy":"category","embeddable":true,"href":"https:\/\/novaes-c-politico.com.br\/index.php?rest_route=%2Fwp%2Fv2%2Fcategories&post=8001"},{"taxonomy":"post_tag","embeddable":true,"href":"https:\/\/novaes-c-politico.com.br\/index.php?rest_route=%2Fwp%2Fv2%2Ftags&post=8001"}],"curies":[{"name":"wp","href":"https:\/\/api.w.org\/{rel}","templated":true}]}}