{"id":8041,"date":"2023-01-21T18:34:32","date_gmt":"2023-01-21T21:34:32","guid":{"rendered":"https:\/\/novaes-c-politico.com.br\/?p=8041"},"modified":"2023-01-24T16:44:46","modified_gmt":"2023-01-24T19:44:46","slug":"liberdade-de-expressao-e-facciosismo-2-de-2","status":"publish","type":"post","link":"https:\/\/novaes-c-politico.com.br\/?p=8041","title":{"rendered":"LIBERDADE DE EXPRESS\u00c3O E FACCIOSISMO &#8212; 2 DE 2"},"content":{"rendered":"\n<p class=\"has-text-align-right\">Carlos Novaes, 21 de janeiro de 2023<\/p>\n\n\n\n<p class=\"has-text-align-right\"><em>Liberdade \u00e9 sempre a liberdade de quem pensa diferente<\/em> <\/p>\n\n\n\n<p class=\"has-text-align-right has-small-font-size\">Rosa Luxemburgo<\/p>\n\n\n\n<p>No <a href=\"https:\/\/novaes-c-politico.com.br\/?p=8001\" data-type=\"post\" data-id=\"8001\">primeiro artigo<\/a> desta s\u00e9rie, discutindo o alcance do postulado de Luxemburgo reproduzido acima como ep\u00edgrafe, vimos que a liberdade \u00e9 degradada quando se torna bandeira pol\u00edtica manejada segundo os <strong>interesses facciosos<\/strong> dos pr\u00f3prios defensores. Vimos tamb\u00e9m que tampouco subsistir\u00e1 como leg\u00edtimo o uso da liberdade de express\u00e3o para reivindicar a <strong>supress\u00e3o da ordem pol\u00edtica democr\u00e1tica<\/strong>.<\/p>\n\n\n\n<p>Ora, no Brasil do <a href=\"https:\/\/novaes-c-politico.com.br\/?p=4689\" data-type=\"post\" data-id=\"4689\">Estado de Direito Autorit\u00e1rio<\/a>&#8211;<strong><em>EDA<\/em><\/strong> em <a href=\"https:\/\/novaes-c-politico.com.br\/?p=3622\" data-type=\"post\" data-id=\"3622\">crise de legitima\u00e7\u00e3o<\/a>, temos o debate p\u00fablico dominado por essas duas instrumentaliza\u00e7\u00f5es da defesa da liberdade que criticamos no artigo anterior. Enquanto os <em>progressistas &amp; a autointitulada esquerda <\/em>se orientam pela perspectiva liberal, e camuflam (at\u00e9 para si mesmos) como defesa da liberdade e da democracia o<strong> interesse que t\u00eam<\/strong> pelo mero controle do <em><strong>EDA<\/strong><\/em><strong>;<\/strong> <em>bolsonaristas &amp; golpistas<\/em> pregam &#8220;liberdade&#8221; para cinicamente defenderem a <strong>supress\u00e3o da democracia<\/strong> em favor de um Estado ditatorial.<\/p>\n\n\n\n<p>Al\u00e9m dos dois grupos acima, a cena pol\u00edtica brasileira atual exibe na m\u00eddia os adeptos de um liberalismo de manual, que combinam afei\u00e7\u00e3o pela democracia com defesa furiosa de uma liberdade de express\u00e3o ilimitada, coisa de nefelibata, como se, em pol\u00edtica, <em>express\u00e3o <\/em>n\u00e3o significasse, em \u00faltima inst\u00e2ncia, <em>a\u00e7\u00e3o<\/em>.<\/p>\n\n\n\n<p>Os <em>tr\u00eas grupos<\/em> t\u00eam em comum a mesma fal\u00e1cia: falam e agem como se j\u00e1 viv\u00eassemos sob um <a href=\"https:\/\/novaes-c-politico.com.br\/?p=3737\">suposto Estado democr\u00e1tico de direito<\/a> &#8212; <em>o primeiro<\/em> grupo fantasia proteg\u00ea-lo; <em>o segundo<\/em> blefa para suprimi-lo; <em>o<\/em> <em>terceiro<\/em> sonha aperfei\u00e7oa-lo. Por isso mesmo, os tr\u00eas grupos n\u00e3o s\u00e3o igualmente daninhos em sua rela\u00e7\u00e3o com a realidade do <em><strong>EDA<\/strong><\/em>: o primeiro quer manter o <em>&#8220;de Direito&#8221;<\/em> sem reconhecer o <em>&#8220;Autorit\u00e1rio&#8221;<\/em>; o segundo quer suprimir o <em>&#8220;de Direito&#8221;<\/em>, mantendo apenas o <em>&#8220;Autorit\u00e1rio&#8221;<\/em>; o terceiro quer abolir o <em>&#8220;Autorit\u00e1rio&#8221;<\/em> bramindo que \u00e9 pelo <em>&#8220;de Direito&#8221;<\/em> enquanto defende liberdade para os que querem uma ditadura.<\/p>\n\n\n\n<p>Como essa disputa facciosa em torno da liberdade e da democracia n\u00e3o come\u00e7ou agora, vamos prosseguir com dois t\u00f3picos: <strong>1.<\/strong> Recapitula\u00e7\u00e3o de antecedentes<strong>;<\/strong> e <strong>2.<\/strong> Reconfigura\u00e7\u00e3o das forma\u00e7\u00f5es facciosas.<\/p>\n\n\n\n<h2 class=\"wp-block-heading\"><strong>1. Recapitula\u00e7\u00e3o de antecedentes<\/strong><\/h2>\n\n\n\n<p>H\u00e1 muito se desenvolve neste blog a ideia de que a crise de legitima\u00e7\u00e3o do <em><strong>EDA<\/strong><\/em> resultou numa <a href=\"https:\/\/novaes-c-politico.com.br\/?p=3124\" data-type=\"post\" data-id=\"3124\">conflagra\u00e7\u00e3o<\/a> das <em>fac\u00e7\u00f5es estatais<\/em>. Foi um salve-se quem puder entre os que se empenham no <em>exerc\u00edcio faccioso dos poderes institucionais<\/em> no fito de reunir poder para fazer dinheiro. Nessa conflagra\u00e7\u00e3o, as fac\u00e7\u00f5es insurretas acabaram por atropelar o <em>&#8220;de Direito&#8221;<\/em> tamb\u00e9m na luta entre si, isto \u00e9, elas passaram a empregar umas contra as outras as regras antes s\u00f3 manejadas contra os pobres e os fracos. Em outras palavras, houve uma <a href=\"https:\/\/novaes-c-politico.com.br\/?p=3406\" data-type=\"post\" data-id=\"3406\">generaliza\u00e7\u00e3o no uso das regras<\/a> n\u00e3o escritas que amparam o dia-a-dia <em>&#8220;Autorit\u00e1rio&#8221;<\/em> do nosso Estado de Direito.<\/p>\n\n\n\n<p>Na altura em que essa situa\u00e7\u00e3o come\u00e7ou a ficar clara para quem quisesse ver, a autointitulada esquerda se revelara a forma\u00e7\u00e3o facciosa mais fraca, o que permitiu o <a href=\"https:\/\/novaes-c-politico.com.br\/?p=2741\" data-type=\"post\" data-id=\"2741\">golpe<\/a> contra Dilma e, depois, as arbitrariedades contra Lula, seja por <a href=\"https:\/\/novaes-c-politico.com.br\/?p=3510\" data-type=\"post\" data-id=\"3510\">parte de Moro<\/a>, seja por <a href=\"https:\/\/novaes-c-politico.com.br\/?p=3863\" data-type=\"post\" data-id=\"3863\">parte<\/a> de uma maioria no <a href=\"https:\/\/novaes-c-politico.com.br\/?p=3897\" data-type=\"post\" data-id=\"3897\">STF afinada com o facciosismo dos militares<\/a>. Naqueles dias, os nossos liberais se dividiram na meta, mas n\u00e3o no m\u00e9todo: escolheram lado, mas todos aceitaram ou fizeram vista grossa a toda sorte de atropelo ao <em>&#8220;de Direito&#8221;<\/em> quando esse atropelo atingia o advers\u00e1rio. Nessas \u00e1guas turvas foi jogado o anzol do bolsonarismo para <a href=\"https:\/\/novaes-c-politico.com.br\/?p=4889\" data-type=\"post\" data-id=\"4889\">fisgar e deturpar<\/a> o <a href=\"https:\/\/www.youtube.com\/watch?v=o5mnV-FZxuw\">auspicioso sentimento antissistema<\/a>.<\/p>\n\n\n\n<p>Tal como entendeu quem acompanhou este blog nos \u00faltimos anos (lendo, inclusive, artigos como os apontados nos hiperlinks acima), o <em><strong>EDA<\/strong><\/em> em crise de legitima\u00e7\u00e3o n\u00e3o teria para onde correr sem Lula e, por isso, tudo desembocou no desarranjo da vit\u00f3ria de Bolsonaro em 2018. Mais adiante, depois do <a href=\"https:\/\/novaes-c-politico.com.br\/?p=6134\">uso macabro<\/a> que Bolsonaro fez das ferramentas institucionais do <em><strong>EDA<\/strong><\/em>, o <a href=\"https:\/\/novaes-c-politico.com.br\/?p=5178\" data-type=\"post\" data-id=\"5178\">labir\u00edntico<\/a> conjunto foi levado ao <a href=\"https:\/\/novaes-c-politico.com.br\/?p=5154\" data-type=\"post\" data-id=\"5154\">looping<\/a> que trouxe Lula de volta com apoio de um <a href=\"https:\/\/novaes-c-politico.com.br\/?p=7289\" data-type=\"post\" data-id=\"7289\">ajuntamento eleitoreiro<\/a> (no qual me <a href=\"https:\/\/www.youtube.com\/watch?v=ZJoht8FH5vM&amp;t\">inclu\u00ed<\/a>), ajuntamento que alguns denominaram <a href=\"https:\/\/novaes-c-politico.com.br\/?p=7771\" data-type=\"post\" data-id=\"7771\">impropriamente de frente<\/a> (o que <a href=\"https:\/\/novaes-c-politico.com.br\/?p=5665\" data-type=\"post\" data-id=\"5665\">repeli<\/a>).<\/p>\n\n\n\n<h2 class=\"wp-block-heading\"><strong>2. Reconfigura\u00e7\u00e3o das forma\u00e7\u00f5es facciosas<\/strong><\/h2>\n\n\n\n<p>Com a <a href=\"https:\/\/novaes-c-politico.com.br\/?p=7607\" data-type=\"post\" data-id=\"7607\">vit\u00f3ria<\/a> de Lula e os <a href=\"https:\/\/novaes-c-politico.com.br\/?p=7863\" data-type=\"post\" data-id=\"7863\">acontecimentos subsequentes<\/a> \u2014 intervalo em que as <a href=\"https:\/\/novaes-c-politico.com.br\/?p=5871\" data-type=\"post\" data-id=\"5871\">frustra\u00e7\u00f5es geradas<\/a> pela <a href=\"https:\/\/novaes-c-politico.com.br\/?p=5808\" data-type=\"post\" data-id=\"5808\">sucess\u00e3o<\/a> de <a href=\"https:\/\/novaes-c-politico.com.br\/?p=7116\" data-type=\"post\" data-id=\"7116\">blefes golpistas<\/a> cobraram todo o seu pre\u00e7o \u2014, a crise de legitima\u00e7\u00e3o do <strong><em>EDA<\/em><\/strong> entrou em uma nova fase, cujo cen\u00e1rio s\u00e3o esses embates em torno da rela\u00e7\u00e3o entre liberdade de express\u00e3o, democracia e ordem estatal.<\/p>\n\n\n\n<p>Em um de seus in\u00fameros e enfadonhos discursos depois do dia da posse, Lula declarou que <em>&#8220;o Brasil vai voltar a viver em democracia&#8221;<\/em>, como se tivesse havido algum momento sem democracia no per\u00edodo funesto dos desmandos de Bolsonaro. Ora, como j\u00e1 vimos <strong>detalhadamente<\/strong> <a href=\"https:\/\/novaes-c-politico.com.br\/?p=6134\" data-type=\"post\" data-id=\"6134\"><strong>aqui<\/strong><\/a>, os danos provocados pelo besta n\u00e3o est\u00e3o no que ele <em><strong>disse <\/strong><\/em>contra a democracia, mas no que ele <strong><em>fez <\/em><\/strong>com os poderes desse Estado que ele recebeu de tucanos e petistas. Toda essa conversa de <em>&#8220;defender a democracia&#8221;<\/em> pela <em>&#8220;pacifica\u00e7\u00e3o&#8221;<\/em> do pa\u00eds, com o <a href=\"https:\/\/novaes-c-politico.com.br\/?p=7459\" data-type=\"post\" data-id=\"7459\">acr\u00e9scimo esperto<\/a> de <em>&#8220;colocar o pobre no or\u00e7amento e o rico no imposto de renda&#8221;<\/em> est\u00e1 a servi\u00e7o de encobrir os novos adiamentos que Lula vai protagonizar na luta contra a desigualdade, cujo enfrentamento \u00e9 a \u00fanica via para nos levar a um Estado de Direito Democr\u00e1tico.<\/p>\n\n\n\n<p>A reconfigura\u00e7\u00e3o facciosa do jogo de poder est\u00e1 em marcha batida: pelo lado <em>paisano<\/em>, parte do Centr\u00e3o j\u00e1 aderiu ao governo Lula; pelo lado <em>militar<\/em>, Lula ficou para tr\u00e1s na hora mais importante, no <a href=\"https:\/\/novaes-c-politico.com.br\/?p=7863\" data-type=\"post\" data-id=\"7863\">dia 8 passado<\/a>; em seguida sugeriu <a href=\"https:\/\/novaes-c-politico.com.br\/?p=7980\" data-type=\"post\" data-id=\"7980\">alguma firmeza<\/a> diante do <a href=\"https:\/\/novaes-c-politico.com.br\/?p=7714\" data-type=\"post\" data-id=\"7714\">derrotado facciosismo dos militares<\/a> falando em perda de confian\u00e7a; e, mais adiante, cedeu a eles em palavra e ato: declarou em entrevista na Globo News que iria <em>&#8220;pedir&#8221; <\/em>aos militares pela n\u00e3o politiza\u00e7\u00e3o das FFAA (esquecendo-se da hierarquia democr\u00e1tica, pois segundo a Constitui\u00e7\u00e3o o presidente \u00e9 o comandante e, portanto, determina, n\u00e3o pede); e convidou os chefes das tr\u00eas for\u00e7as para conversar sobre incremento or\u00e7ament\u00e1rio, quando a hora pedia que, no m\u00ednimo, eles fossem deixados de molho por algum tempo.<\/p>\n\n\n\n<p>Hoje, entretanto, Lula deu um passo decisivo contra o facciosismo militar, dando provas de que entendeu, mesmo, que eles n\u00e3o t\u00eam escolha sen\u00e3o obedecer: <a href=\"https:\/\/noticias.uol.com.br\/politica\/ultimas-noticias\/2023\/01\/21\/lula-exonera-o-comandante-do-exercito-arruda.htm\">exonerou o comandante do Ex\u00e9rcito<\/a> que havia protegido os golpistas do acampamento do DF com blindados e nomeou em seu lugar um general que h\u00e1 poucos dias discursou \u00e0 tropa defendendo o respeito ao resultado das elei\u00e7\u00f5es. Como a natureza do jogo \u00e9 facciosa, por\u00e9m, na jun\u00e7\u00e3o do facciosismo <em>paisano &amp; militar<\/em> Lula declarou-se firmemente contr\u00e1rio \u00e0 instala\u00e7\u00e3o de uma CPI para investigar a arrua\u00e7a do dia 8, pois, na opini\u00e3o dele, essa investiga\u00e7\u00e3o iria provocar tumulto, como que esquecido de que tumulto foi justamente o que aconteceu na Pra\u00e7a dos Tr\u00eas Poderes!<\/p>\n\n\n\n<p>J\u00e1 os patriot\u00e1rios (que neologismo maravilhoso) come\u00e7aram sendo chamados impropriamente de terroristas, mas logo passaram ao papel desde sempre reservado para eles: est\u00e3o, merecidamente, a pagar o pato! N\u00e3o cabe cham\u00e1-los de terroristas porque n\u00e3o houve a jun\u00e7\u00e3o do furor arruaceiro deles com o emprego do arsenal b\u00e9lico que eles disp\u00f5em (comprar armas \u00e9, na verdade, parte da fantasia que nutre a forma do blefe, por isso arrua\u00e7a hist\u00e9rica e est\u00e9ril, n\u00e3o revolu\u00e7\u00e3o). Como j\u00e1 explicado <a href=\"https:\/\/novaes-c-politico.com.br\/?p=7828\" data-type=\"post\" data-id=\"7828\">aqui<\/a>, os golpistas sempre foram prisioneiros da covardia que os confinou ao jogo de <em>&#8220;n\u00e3o fazer antes o que sabiam que o outro n\u00e3o ia fazer depois&#8221;<\/em>: esperaram por Bolsonaro, esperaram pelos militares e, <a href=\"https:\/\/novaes-c-politico.com.br\/?p=7938\" data-type=\"post\" data-id=\"7938\">como Spike Lee<\/a>, foram at\u00e9 onde podiam em sua f\u00faria frustrada contra as tr\u00eas maiores pizzarias de Bras\u00edlia, mas jamais se insurgir\u00e3o contra os pizzaiolos.<\/p>\n\n\n\n<p>Enquanto isso, Alexandre de Moraes entendeu o jogo e segue surfando na fraqueza dos oponentes (nossa autointitulada esquerda haver\u00e1 de n\u00e3o perder por esperar), tornando-se o principal protagonista no enfrentamento do blefe golpista por meio do manejo dos poderes constitucionais e infra legais para al\u00e9m do que teria sido poss\u00edvel se viv\u00eassemos num Estado de Direito Democr\u00e1tico. Todo o \u00edmpeto de Moraes n\u00e3o deixa de ter semelhan\u00e7as com o voluntarismo de Bolsonaro, e deve ser por isso que, assim como os partid\u00e1rios do besta o chamavam de Mito, os f\u00e3s de Moraes o chamam pelo ep\u00edteto n\u00e3o menos rid\u00edculo de Xand\u00e3o.<\/p>\n\n\n\n<p>Naturalmente, como j\u00e1 detalhado <a href=\"https:\/\/novaes-c-politico.com.br\/?p=7514\" data-type=\"post\" data-id=\"7514\">aqui<\/a> e em outros textos deste blog, as atitudes de Moraes n\u00e3o me incomodam (ainda), mas seria cinismo al\u00e9m da conta negar que boa parte dessas a\u00e7\u00f5es est\u00e1 coberta n\u00e3o pelo <em>&#8220;de Direito&#8221;<\/em>, mas pelo <em>&#8220;Autorit\u00e1rio&#8221;<\/em> que caracteriza o <strong><em>EDA<\/em><\/strong>. Da\u00ed a gin\u00e1stica ret\u00f3rica dos progressistas e da autointitulada esquerda ante as flagrantes contradi\u00e7\u00f5es entre o suposto Estado democr\u00e1tico de direito que dizem existir e as <a href=\"https:\/\/novaes-c-politico.com.br\/?p=5423\" data-type=\"post\" data-id=\"5423\">arbitrariedades necess\u00e1rias<\/a> ao enfrentamento dos golpistas. Na mesma linha, temos a gritaria dos liberais de manual, que, inspirados em ordenamentos legais de outros pa\u00edses, pretendem garantir o suposto direito de algu\u00e9m defender a supress\u00e3o da democracia.<\/p>\n\n\n\n<p>Quando, t\u00e3o ao gosto de Lula, a poeira baixar, veremos as velhas rotinas se reinstalarem e, talvez, mais gente v\u00e1 se dando conta de que nosso h\u00edgido sistema eleitoral, franquia democr\u00e1tica fundamental para o que h\u00e1 <em>&#8220;de Direito&#8221;<\/em> no <strong><em>EDA<\/em><\/strong>, ter\u00e1, mais uma vez, servido <a href=\"https:\/\/novaes-c-politico.com.br\/?p=5771\" data-type=\"post\" data-id=\"5771\">paradoxalmente<\/a> a rearranjos facciosos e n\u00e3o ao in\u00edcio da luta por um Estado de Direito Democr\u00e1tico, ordem pol\u00edtica indispens\u00e1vel \u00e0 garantia de que <em>liberdade \u00e9 sempre a liberdade de quem pensa diferente<\/em>.<\/p>\n","protected":false},"excerpt":{"rendered":"<p>Carlos Novaes, 21 de janeiro de 2023 Liberdade \u00e9 sempre a liberdade de quem pensa diferente Rosa Luxemburgo No primeiro artigo desta s\u00e9rie, discutindo o alcance do postulado de Luxemburgo reproduzido acima como ep\u00edgrafe, vimos que a liberdade \u00e9 degradada quando se torna bandeira pol\u00edtica manejada segundo os interesses facciosos dos pr\u00f3prios defensores. Vimos tamb\u00e9m [&hellip;]<\/p>\n","protected":false},"author":1338,"featured_media":0,"comment_status":"open","ping_status":"open","sticky":false,"template":"","format":"standard","meta":{"footnotes":""},"categories":[2],"tags":[],"class_list":["post-8041","post","type-post","status-publish","format-standard","hentry","category-textos-mais-antigos"],"_links":{"self":[{"href":"https:\/\/novaes-c-politico.com.br\/index.php?rest_route=\/wp\/v2\/posts\/8041","targetHints":{"allow":["GET"]}}],"collection":[{"href":"https:\/\/novaes-c-politico.com.br\/index.php?rest_route=\/wp\/v2\/posts"}],"about":[{"href":"https:\/\/novaes-c-politico.com.br\/index.php?rest_route=\/wp\/v2\/types\/post"}],"author":[{"embeddable":true,"href":"https:\/\/novaes-c-politico.com.br\/index.php?rest_route=\/wp\/v2\/users\/1338"}],"replies":[{"embeddable":true,"href":"https:\/\/novaes-c-politico.com.br\/index.php?rest_route=%2Fwp%2Fv2%2Fcomments&post=8041"}],"version-history":[{"count":100,"href":"https:\/\/novaes-c-politico.com.br\/index.php?rest_route=\/wp\/v2\/posts\/8041\/revisions"}],"predecessor-version":[{"id":8158,"href":"https:\/\/novaes-c-politico.com.br\/index.php?rest_route=\/wp\/v2\/posts\/8041\/revisions\/8158"}],"wp:attachment":[{"href":"https:\/\/novaes-c-politico.com.br\/index.php?rest_route=%2Fwp%2Fv2%2Fmedia&parent=8041"}],"wp:term":[{"taxonomy":"category","embeddable":true,"href":"https:\/\/novaes-c-politico.com.br\/index.php?rest_route=%2Fwp%2Fv2%2Fcategories&post=8041"},{"taxonomy":"post_tag","embeddable":true,"href":"https:\/\/novaes-c-politico.com.br\/index.php?rest_route=%2Fwp%2Fv2%2Ftags&post=8041"}],"curies":[{"name":"wp","href":"https:\/\/api.w.org\/{rel}","templated":true}]}}