{"id":8326,"date":"2023-06-02T00:45:48","date_gmt":"2023-06-02T03:45:48","guid":{"rendered":"https:\/\/novaes-c-politico.com.br\/?p=8326"},"modified":"2023-06-29T12:44:14","modified_gmt":"2023-06-29T15:44:14","slug":"governo-lula-imerso-em-desorientacao-2-de-2","status":"publish","type":"post","link":"https:\/\/novaes-c-politico.com.br\/?p=8326","title":{"rendered":"GOVERNO LULA IMERSO EM DESORIENTA\u00c7\u00c3O &#8212; 2 DE 2"},"content":{"rendered":"\n<p class=\"has-text-align-center\"><em>Aos 10 anos das manifesta\u00e7\u00f5es de junho de 2013<\/em> &#8211; <strong>VEJA S\u00c9RIE DE <a href=\"https:\/\/www.youtube.com\/watch?v=8rsBSaS2lY8&amp;list=PLKkdyyIBEMc_xsidbW7pC3I0fmjPGmEw9\">V\u00cdDEOS NA PLAYLIST<\/a> DO CANAL LAVOURA POL\u00cdTICA, NO YOUTUBE<\/strong><\/p>\n\n\n\n<p class=\"has-text-align-right\">Carlos Novaes, 02 de junho de 2023<\/p>\n\n\n\n<p class=\"has-text-align-right\">Com <strong>+ <\/strong>acr\u00e9scimos na se\u00e7\u00e3o <strong>Fica o Registro<\/strong>, \u00e0s 15:00h e \u00e0s 16:46h de 02\/06<\/p>\n\n\n\n<p>A desorienta\u00e7\u00e3o de Lula, desenhada em suas linhas gerais no artigo anterior desta s\u00e9rie, aparece com clareza nos detalhes pr\u00e1ticos de sua atua\u00e7\u00e3o em quatro \u00e1reas fundamentais: (i) combate \u00e0 <em>desigualdade<\/em>; (ii) transforma\u00e7\u00e3o do Estado num <em>Estado de Direito Democr\u00e1tico<\/em>; (iii) enfrentamento da <em>quest\u00e3o ambiental <\/em>e da <em>mudan\u00e7a clim\u00e1tica<\/em>; (iv) <em>rela\u00e7\u00f5es internacionais<\/em> afinadas com os objetivos anteriores.<\/p>\n\n\n\n<p>I.<\/p>\n\n\n\n<p>Combater a <strong><em>desigualdade <\/em><\/strong>requer recuperar a capacidade do Estado de investir. Veja bem, leitor: <em>investir<\/em>, n\u00e3o meramente gastar em pol\u00edticas compensat\u00f3rias &#8212; quer dizer: ao inv\u00e9s de tratar apenas dos 50% mais pobres contra os 5% mais ricos, o governo tem de realizar obras anti-desigualdade que contemplem tamb\u00e9m interesses dos 45% que formam as classes m\u00e9dias. Liderada por Haddad, a \u00e1rea econ\u00f4mico-fazend\u00e1ria do governo, na busca de melhorar a capacidade de investimento, construiu o chamado &#8220;arcabou\u00e7o fiscal&#8221; (destinado a enfrentar o desequil\u00edbrio das contas p\u00fablicas) e uma proposta de  reforma tribut\u00e1ria (destinada a melhorar a arrecada\u00e7\u00e3o do Estado). Ambas as propostas s\u00e3o t\u00edmidas diante da desigualdade, mas s\u00e3o coerentes com a posi\u00e7\u00e3o desvantajosa em que o governo se acha na luta de fac\u00e7\u00f5es em que escolheu se afundar.<\/p>\n\n\n\n<p>A timidez dessas propostas contrasta com a valentia eleitoral recente, per\u00edodo no qual nossa autointitulada esquerda sempre tira do arm\u00e1rio sua batina radical\u00f3ide e brada contra os muito ricos (os 5%) e em favor dos mais pobres (os 50%), prometendo uma guerra que jamais ir\u00e1 travar. Uma vez no governo, passa aos acenos de modera\u00e7\u00e3o para apaziguar os muito ricos (os 5% t\u00e3o atacados na campanha) e suas fac\u00e7\u00f5es de apoio dentro do Congresso (especialmente o t\u00e3o &#8220;repudiado&#8221; Centr\u00e3o). N\u00e3o obstante sua timidez, aquelas propostas foram e t\u00eam sido torpedeadas com sucesso pelo facciosismo da oposi\u00e7\u00e3o congressual, que explora a fragilidade do governo ali. Como Lula faz da pol\u00edtica uma reserva de mercado para profissionais, nada p\u00f4de fazer sen\u00e3o ceder mais e mais \u00e0s exig\u00eancias do chamado Centr\u00e3o.<\/p>\n\n\n\n<p>Como se n\u00e3o bastasse o fogo das fac\u00e7\u00f5es advers\u00e1rias, a question\u00e1vel (mas ineg\u00e1vel) racionalidade da proposta de Haddad tem sido torpedeada pelo pr\u00f3prio Lula: mesmo com as crescentes dificuldades para angariar os 150 bilh\u00f5es de reais que lhe faltam para alcan\u00e7ar o m\u00ednimo daquela racionalidade almejada, o presidente n\u00e3o apenas impediu o fim da isen\u00e7\u00e3o fiscal para compras no exterior at\u00e9 50 d\u00f3lares (renderiam 8 bilh\u00f5es), mas ainda anunciou uma nova isen\u00e7\u00e3o de impostos industriais para presentear a baixa classe m\u00e9dia com um poluente &#8220;Meu Carro Minha Vida&#8221; (perda de uns 2 bilh\u00f5es), o que vai na contram\u00e3o do que seria uma pol\u00edtica real contra a desigualdade em favor da baixa classe m\u00e9dia: aumentar e qualificar o transporte coletivo com equipamentos el\u00e9tricos, rodovi\u00e1rios e sobre trilhos (como, ali\u00e1s, parece ser a proposta de Mercadante no BNEDS&#8230;).<\/p>\n\n\n\n<p>Os recuos irracionais de Lula mostram sua <a href=\"https:\/\/novaes-c-politico.com.br\/?p=7459\" data-type=\"post\" data-id=\"7459\">incompreens\u00e3o<\/a> do problema da desigualdade: ele s\u00f3 entende o combate \u00e0 desigualdade como distribui\u00e7\u00e3o de benef\u00edcios diretos de frui\u00e7\u00e3o imediata, n\u00e3o com investimentos cujos resultados s\u00f3 ir\u00e3o aparecer no m\u00e9dio prazo (infraestrutura) e, especialmente, no longo prazo (educa\u00e7\u00e3o). Por isso Lula n\u00e3o tirou da baixa classe m\u00e9dia a isen\u00e7\u00e3o para compras via internet at\u00e9 50 d\u00f3lares e ainda pretende dar a ela o t\u00e3o sonhado carro popular: tudo se passa como se a luta contra a desigualdade n\u00e3o exigisse uma transforma\u00e7\u00e3o no modo de ver a participa\u00e7\u00e3o de cada um no desenvolvimento do pa\u00eds. N\u00e3o parece dif\u00edcil de entender que a luta contra a desigualdade ganharia tra\u00e7\u00e3o pol\u00edtica se o governo mobilizasse a maioria da sociedade para uma proposta em que todos ajudariam a pagar a conta &#8212; sem simplismos, mas apenas para dar um exemplo: viriam juntos o fim das isen\u00e7\u00f5es sobre lucros e dividendos (75 bilh\u00f5es anuais) e sobre as tais compras at\u00e9 50 d\u00f3lares (8 bilh\u00f5es anuais).<\/p>\n\n\n\n<p>II.<\/p>\n\n\n\n<p>Lutar para alcan\u00e7ar um <strong><em>Estado de Direito Democr\u00e1tico<\/em><\/strong> requer, de cara, reconhecer que &#8212; nesses mais de trinta anos que nos separam da queda do Estado Ditatorial institu\u00eddo em 1964 &#8212; a democracia n\u00e3o completou sua transi\u00e7\u00e3o desde a sociedade (onde ela permanece viva) para o Estado (que se defende dela com autoritarismo). Esse impasse alojado na transi\u00e7\u00e3o democr\u00e1tica truncada ganhou forma no Estado de Direito Autorit\u00e1rio que nos infelicita. Ou seja, ao inv\u00e9s da democracia transitar da sociedade para o Estado; foi o Estado Ditatorial que transitou para o Estado de Direito Autorit\u00e1rio: adotou o <em>&#8220;de Direito&#8221;<\/em> para ceder algo \u00e0 maioria da sociedade que queria democracia; mas manteve o <em>&#8220;Autorit\u00e1rio&#8221;<\/em> para preservar os poderes e interesses das fac\u00e7\u00f5es estatais.<\/p>\n\n\n\n<p>Infelizmente, por raz\u00f5es aludidas no artigo anterior e j\u00e1 detalhadas <a href=\"https:\/\/novaes-c-politico.com.br\/?p=4689\" data-type=\"post\" data-id=\"4689\">aqui<\/a> e em <a href=\"https:\/\/novaes-c-politico.com.br\/?p=6134\" data-type=\"post\" data-id=\"6134\">outros<\/a> posts deste blog, nossa autointitulada esquerda se afei\u00e7oou ao Estado de Direito Autorit\u00e1rio-<em><strong>EDA<\/strong><\/em> a ponto de defend\u00ea-lo como se fosse um Estado democr\u00e1tico de direito, enredando-se com isso em toda sorte de inconsist\u00eancias e contradi\u00e7\u00f5es: ora chega a festejar as arbitrariedades do Judici\u00e1rio contra os advers\u00e1rios, e at\u00e9 os ironiza por estarem provando do pr\u00f3prio chicote autorit\u00e1rio, como se isso n\u00e3o desmentisse a vig\u00eancia do suposto <em>Estado democr\u00e1tico de direito<\/em> que alega defender; ora se alinha \u00e0s fac\u00e7\u00f5es reacion\u00e1rias para burlar a exig\u00eancias eleitorais quanto a cotas de mulheres e negros e quanto ao uso devido do dinheiro p\u00fablico dos fundos eleitoral e partid\u00e1rio.<\/p>\n\n\n\n<p>N\u00e3o \u00e9 de espantar que essa mesma autointitulada esquerda se mostre impotente diante da viol\u00eancia autorit\u00e1ria com a qual o <strong><em>EDA<\/em><\/strong> invade (pol\u00edcia) e abandona (pol\u00edticas p\u00fablicas) as comunidades carentes; ou n\u00e3o se insurja contra o corpo mole do ministro da Defesa diante do necess\u00e1rio e urgente combate ao garimpo <em>ilegal <\/em>(ou seja, n\u00e3o \u00e9 <em>&#8220;de Direito&#8221;<\/em>) na Amaz\u00f4nia; ou tenha emudecido diante do necess\u00e1rio combate \u00e0 corrup\u00e7\u00e3o; ou, por isso mesmo, trate como normal a compra de votos congressuais com emendas que antes fingia combater, chegando a elogiar Lira e Pacheco em seu papel de interlocutores confi\u00e1veis e como &#8220;defensores da democracia&#8221; contra um <a href=\"https:\/\/www.youtube.com\/watch?v=cbJ9MhhY9UM&amp;t\">golpe que sempre foi invi\u00e1vel<\/a>.<\/p>\n\n\n\n<p>\u00c0 vontade com esse Estado, Lula diz \u00e0 sociedade que fique em casa, mesmo quando as fac\u00e7\u00f5es advers\u00e1rias o colocam de joelhos at\u00e9 para aprovar o organograma da esplanada dos minist\u00e9rios, que chegou a 37 ministros justamente no intuito de &#8220;pacificar&#8221; a conflagra\u00e7\u00e3o estatal. Em discurso na FIESP, Lula disse que &#8220;isso \u00e9 a pol\u00edtica&#8221; e que se tentarmos sair disso s\u00f3 iremos piorar as coisas&#8230; Deve ser por isso que o combate ao bolsonarismo est\u00e1 restrito a dois circos facciosos: o circo da CPI e o circo do Dino &#8212; ou seja, tudo cuidadosamente planejado para deixar de fora a maioria da sociedade, a quem se oferece a catarse das performances burlescas.<\/p>\n\n\n\n<p>O alheamento de Lula aos desafios para a constru\u00e7\u00e3o de um Estado de Direito Democr\u00e1tico fica escancarado quando ele indica seu advogado pessoal para a vaga a ser preenchida no Supremo Tribunal Federal-STF, legitimando as piores pr\u00e1ticas de seu antecessor, nessa mat\u00e9ria, e dando mais um passo em dire\u00e7\u00e3o \u00e0 normaliza\u00e7\u00e3o do car\u00e1ter faccioso do exerc\u00edcio do poder. Bolsonaro nomeou um &#8220;peixe meu&#8221; e, depois, algu\u00e9m &#8220;terrivelmente evang\u00e9lico&#8221;; Lula quer ver nomeado algu\u00e9m terrivelmente lulista. A coreografia \u00e9 t\u00e3o facciosa que Lula usou como material de barganha para essa nomea\u00e7\u00e3o antirrepublicana o fato de ter escolhido apadrinhados de fac\u00e7\u00f5es advers\u00e1rias para duas vagas recentemente preenchidas no Superior Tribunal de Justi\u00e7a-STJ &#8212; nomea\u00e7\u00f5es essas que n\u00e3o contemplaram nenhuma das mulheres que estavam na disputa.<\/p>\n\n\n\n<p>III.<\/p>\n\n\n\n<p>Enfrentar o <strong><em>desafio ambiental da mudan\u00e7a clim\u00e1tica<\/em><\/strong> requer, no m\u00ednimo, acabar com a destrui\u00e7\u00e3o da floresta e proteger o que restou dela. <em>Acabar com a destrui\u00e7\u00e3o<\/em> significa enfrentar o que h\u00e1 de ilegal no garimpo, na extra\u00e7\u00e3o de madeira e na produ\u00e7\u00e3o pastoril, agr\u00edcola e pesqueira; <em>proteger o que restou<\/em> come\u00e7a por fazer das popula\u00e7\u00f5es ind\u00edgenas o principal aliado no uso sustent\u00e1vel dos recursos naturais dispon\u00edveis nessas florestas: demarcar suas terras, reconhecer seu poder sobre elas e aprender com elas a preservar e manejar aquelas terras que elas n\u00e3o ocupam.<\/p>\n\n\n\n<p>Depois do espalhafato inicial, o governo Lula <a href=\"https:\/\/www.uol.com.br\/ecoa\/ultimas-noticias\/2023\/06\/01\/bruce-albert-parece-que-o-governo-lula-nao-e-capaz-de-cumprir-promessas.htm\">acomodou-se<\/a> diante de garimpeiros aquadrilhados, que t\u00eam enfrentado a tiros a rotina impotente do pequeno contingente de fiscais do IBAMA e da Pol\u00edcia Federal destacado para aquela imensa \u00e1rea. Como os militares s\u00e3o avessos \u00e0 preserva\u00e7\u00e3o da floresta e ao respeito aos direitos ind\u00edgenas, e como Lula est\u00e1 empenhado em &#8220;pacificar&#8221; a rela\u00e7\u00e3o com eles (mesmo ao custo de passar pano para as afrontas bolsonaristas que eles protagonizaram recentemente), o governo est\u00e1 sem meios para mobilizar as FFAA no combate \u00e0 bandidagem em a\u00e7\u00e3o na Amaz\u00f4nia. Vale notar que quando se trata das suas preferenciais internacionais, Lula encontra meio para enquadrar os militares: recentemente, determinou que eles convidassem o ex\u00e9rcito da China para <a href=\"https:\/\/www1.folha.uol.com.br\/mundo\/2023\/05\/atuacao-de-militares-na-diplomacia-causa-mal-estar-e-planalto-busca-freio-de-arrumacao.shtml\">evento militar organizado no Brasil<\/a>.<\/p>\n\n\n\n<p>Pelo lado do desenvolvimento, Lula tem mostrado pouca sintonia com as complexidades ambientais envolvidas, como deu exemplo na ideia do &#8220;Meu Carro Minha Vida&#8221;. Recentemente, diante de mais uma negativa do IBAMA a projeto da Petrobr\u00e1s visando explorar petr\u00f3leo no mar do Amap\u00e1, Lula declarou achar dif\u00edcil haver problema ambiental na iniciativa, uma vez que se trata de empreendimento explorat\u00f3rio a 170 Km da costa&#8230; O absurdo da declara\u00e7\u00e3o \u00e9 duplo: primeiro porque 170 Km significam um pulo quando se trata de dispers\u00e3o de dano ambiental na \u00e1gua; segundo, e sobretudo, porque Lula fala como se um dano poluente que se restringisse ao mar n\u00e3o fosse de levar em conta.<\/p>\n\n\n\n<p>IV.<\/p>\n\n\n\n<p>At\u00e9 aqui, Lula nada fez para alcan\u00e7ar <em><strong>rela\u00e7\u00f5es internacionais<\/strong><\/em> compat\u00edveis com os desafios que o Brasil enfrenta, pelo contr\u00e1rio. Toda a sua movimenta\u00e7\u00e3o em busca de protagonismo na \u00e1rea tem sido lament\u00e1vel, quando n\u00e3o delirante. Como j\u00e1 vimos detalhadamente <a href=\"https:\/\/novaes-c-politico.com.br\/?p=8177\" data-type=\"post\" data-id=\"8177\">aqui<\/a> e <a href=\"https:\/\/novaes-c-politico.com.br\/?p=8255\" data-type=\"post\" data-id=\"8255\">aqui<\/a>, seus arrancos de &#8220;pacificador&#8221; na guerra da R\u00fassia contra a Ucr\u00e2nia s\u00f3 serviram para deixar o Brasil em m\u00e1 situa\u00e7\u00e3o com as consolidadas democracias europeias, as quais queremos como aliadas na luta ambiental, e com quem almejamos parcerias comerciais  garantidas por tratados rec\u00edprocos. Tudo isso ficou abalado com a postura de Lula de se dizer &#8220;neutro&#8221; e, ao mesmo tempo, fazer reparos \u00e0 solidariedade europeia diante de uma guerra de conquista contra pa\u00eds europeu!<\/p>\n\n\n\n<p>Considerando os desafios estruturais enfrentados pela democracia brasileira, e tendo em mente o necess\u00e1rio combate conjuntural a ser feito contra o bolsonarismo, \u00e9 realmente intrigante a defer\u00eancia de Lula ao <a href=\"https:\/\/novaes-c-politico.com.br\/?p=6798\" data-type=\"post\" data-id=\"6798\">Bolsonaro da R\u00fassia<\/a>, prefer\u00eancia que nem o pragmatismo mais reles justificaria, afinal, a R\u00fassia tem um PIB do tamanho do brasileiro &#8212; igualmente lastreado em exporta\u00e7\u00f5es de mat\u00e9rias primas (a R\u00fassia \u00e9 o Brasil com arsenal at\u00f4mico) &#8212; e nada de relevante pode fazer em nosso favor, especialmente agora que vai sair dessa guerra praticamente quebrada.  Afinal, em nome do que Lula vetou a venda de ambul\u00e2ncias militares brasileiras para a Ucr\u00e2nia?!<\/p>\n\n\n\n<p>Mas as trapalhadas de Lula n\u00e3o se restringem ao velho continente. Na recente cimeira entre l\u00edderes de pa\u00edses sul-americanos, Lula deu aten\u00e7\u00e3o desproporcional a Maduro, da Venezuela, com quem n\u00e3o apenas manteve espalhafatoso encontro bilateral, mas a quem defendeu contra as <a href=\"https:\/\/noticias.uol.com.br\/confere\/ultimas-noticias\/2023\/06\/01\/direitos-humanos-maduro-venezuela-lula-checagem.htm\">fundadas cobran\u00e7as<\/a> de respeito pelos Direito Humanos feitas por organiza\u00e7\u00f5es sediadas em democracias europeias, classificando-as como <a href=\"https:\/\/www1.folha.uol.com.br\/colunas\/ricardo-araujo-pereira\/2023\/06\/no-brasil-de-lula-percebe-se-que-narrativa-no-pais-dos-outros-e-refresco.shtml\">&#8220;narrativas&#8221;<\/a> &#8212; o que deu oportunidade ao jovem presidente do Chile de reagir para se distanciar resolutamente da anacr\u00f4nica vis\u00e3o pol\u00edtica de Lula.<\/p>\n\n\n\n<p>Como se n\u00e3o bastasse, Lula usou Maduro para fazer dois gestos adicionais na mesma dire\u00e7\u00e3o equivocada: primeiro, deu a declara\u00e7\u00e3o estapaf\u00fardia de que as san\u00e7\u00f5es contra a Venezuela s\u00e3o piores do que uma guerra, uma vez que, segundo ele, &#8220;em guerras s\u00f3 morrem soldados&#8221;&#8230; (e isso com tudo que se sabe do que Putin est\u00e1 fazendo contra o povo da Ucr\u00e2nia, para n\u00e3o falar das duas guerras mundiais, ou da guerra do Iraque, do Vietn\u00e3, etc). Segundo, no contexto grave das atuais tens\u00f5es internacionais, Lula, numa provoca\u00e7\u00e3o t\u00e3o desnecess\u00e1ria quanto tola aos EUA, sugeriu a Maduro fazer neg\u00f3cios em Yuan, a moeda chinesa, ao inv\u00e9s do d\u00f3lar.<\/p>\n\n\n\n<p>Para piorar as coisas, Lula ainda obteve um rev\u00e9s no campo que julga seu, o campo dos BRICS: em seu af\u00e3 de aparecer como salvador da Argentina, fez proposta sem lastro sequer legal para que o Banco dos BRICS socorresse o quebrado pa\u00eds vizinho e acabou, mais uma vez, desmentido pelos fatos, n\u00e3o sem ter passado o vexame adicional de ter desconsiderada a sua sugest\u00e3o de que o estatuto do banco fosse alterado (n\u00e3o consegue mandar no BC brasileiro e acha que por ter colocado Dilma na presid\u00eancia do Banco dos BRICS&#8230;).<\/p>\n\n\n\n<p>O frenesi de &#8220;pacificador&#8221;, estendido \u00e0s rela\u00e7\u00f5es internacionais, reflete, talvez, um a\u00e7odamento de Lula na busca por realizar o sonho de obter um Pr\u00eamio Nobel da Paz &#8212; algu\u00e9m precisa avis\u00e1-lo de que, se for este o caso, ele est\u00e1 a agir de modo contraproducente.<\/p>\n\n\n\n<p><strong>Fica o Registro:<\/strong><\/p>\n\n\n\n<p><strong>&#8211; Celso Amorim, assessor de Lula para rela\u00e7\u00f5es internacionais<\/strong>, acaba de declarar em entrevista ao Financial Times sobre a guerra da R\u00fassia contra a Ucr\u00e2nia que <em>&#8220;N\u00e3o podemos julgar a situa\u00e7\u00e3o pelos \u00faltimos um ano e meio. Essa \u00e9 uma situa\u00e7\u00e3o de d\u00e9cadas. [A R\u00fassia tem] preocupa\u00e7\u00f5es que precisam ser levadas em conta. Isso n\u00e3o \u00e9 culpa da Ucr\u00e2nia. A Ucr\u00e2nia \u00e9 uma v\u00edtima, uma v\u00edtima dos resqu\u00edcios da guerra fria&#8221;<\/em>. <strong>N\u00e3o poderia haver resumo melhor da prefer\u00eancia do governo Lula por Putin:<\/strong><\/p>\n\n\n\n<p>&#8211; <strong>Primeiro,<\/strong> Amorim compra pelo valor de face, e repete feito papagaio, o falso argumento da R\u00fassia de que a guerra unilateralmente iniciada (ou seja, as atrocidades em solo ucraniano nos \u00faltimos ano e meio) teria alguma explica\u00e7\u00e3o al\u00e9m da vontade de expans\u00e3o territorial da R\u00fassia em seu insaci\u00e1vel sonho milenar de grande imp\u00e9rio. Putin temia a Ucr\u00e2nia na OTAN n\u00e3o porque isso significasse uma amea\u00e7a \u00e0 sua seguran\u00e7a, afinal, qualquer invas\u00e3o do territ\u00f3rio da R\u00fassia ser\u00e1 imediatamente respondida com armas nucleares. O problema \u00e9 que a Ucr\u00e2nia na OTAN tornaria imposs\u00edvel a Putin anex\u00e1-la. Putin iniciou a guerra para se antecipar ao problema que teria. Sup\u00f4s que a OTAN nada faria e que a Ucr\u00e2nia se renderia. A Ucr\u00e2nia reagiu e a OTAN passou a fornecer-lhe apoio crescente.<\/p>\n\n\n\n<p><strong>&#8211; Segundo,<\/strong> Amorim fala em <em>&#8220;situa\u00e7\u00e3o de d\u00e9cadas&#8221;<\/em>, <em>&#8220;preocupa\u00e7\u00f5es que precisam ser levadas em conta&#8221;<\/em>. Ora, se fosse assim, se Putin estivesse a responder a uma quest\u00e3o real, de fundo, como explicar o fato de que ele nada tenha feito diante da afrontosa entrada da Finl\u00e2ndia e da Su\u00e9cia na OTAN? O &#8220;cerco&#8221; n\u00e3o poderia ser maior, afinal a nova &#8220;amea\u00e7a&#8221; fronteiri\u00e7a chega a novos 1.550 Km (1.340 Km por terra e 210 Km por mar); n\u00e3o obstante Putin n\u00e3o fez caso precisamente porque isso n\u00e3o significa, na real, amea\u00e7a alguma. No fundo, Putin deu oportunidade aos EUA e \u00e0 Europa de mostrar qu\u00e3o impertinentes s\u00e3o os sonhos imperiais da elite russa autorit\u00e1ria.<\/p>\n\n\n\n<p><strong>&#8211; Terceiro,<\/strong> Amorim diz, numa compaix\u00e3o fingida, que &#8220;a<em> Ucr\u00e2nia \u00e9 uma v\u00edtima, uma v\u00edtima dos resqu\u00edcios da guerra fria&#8221;<\/em>. <strong>Veja bem, leitor, a falsidade: uma v\u00edtima n\u00e3o da R\u00fassia nessa guerra quente cruel, mas da guerra fria<\/strong>, que ficou para tr\u00e1s faz d\u00e9cadas e no v\u00e1cuo da qual Putin achou que poderia agir na marra para restaurar parte do imp\u00e9rio perdido. Essa declara\u00e7\u00e3o vergonhosamente sabuja de Amorim traduz com perfei\u00e7\u00e3o a posi\u00e7\u00e3o de Lula que &#8212; depois de ter se feito de dif\u00edcil em Hiroshima, demorando para aceitar uma reuni\u00e3o com Zelenski, e de ter recebido o troco num desprezo merecido &#8212; acaba de promover mais uma rodada de conversas com Lavrov, o desmoralizado chanceler russo mentiroso. Um vexame atr\u00e1s do outro. <\/p>\n\n\n\n<p><strong>16:46h<\/strong><\/p>\n\n\n\n<p><strong>&#8211; Em evento com simpatizantes em S\u00e3o Bernardo do Campo<\/strong>, Lula abordou suas dificuldades para aprovar na C\u00e2mara o organograma do seu minist\u00e9rio nos seguintes termos: <em>&#8220;A esquerda toda tem no m\u00e1ximo 136 votos, isso se ningu\u00e9m faltar. Para votar uma coisa simples precisamos de 257. Para aprovar uma emenda constitucional, \u00e9 maior ainda. Ent\u00e3o \u00e9 importante que saibam o esfor\u00e7o para governar. N\u00e3o \u00e9 s\u00f3 ganhar uma elei\u00e7\u00e3o, voc\u00ea ganha a elei\u00e7\u00e3o e depois voc\u00ea tem que ficar o tempo inteiro conversando para aprovar uma coisa&#8221;.<\/em><\/p>\n\n\n\n<p><strong>&#8211; Mesmo tendo comprado os votos a peso de ouro<\/strong> (1,7 bilh\u00e3o em emendas, pagos no dia e na v\u00e9spera da vota\u00e7\u00e3o; e a volta do cabide de empregos da FUNASA), Lula normaliza a barganha facciosa havida (que favorece a corrup\u00e7\u00e3o) chamando-a de <em>conversa <\/em>pol\u00edtica, e pior: n\u00e3o faz qualquer aceno para a mobiliza\u00e7\u00e3o popular, a quem, para ele, cabe <a href=\"https:\/\/novaes-c-politico.com.br\/?p=5771\" data-type=\"post\" data-id=\"5771\">apenas votar<\/a> &#8212; e ainda choraminga sobre &#8220;as dificuldades de governar&#8221;.<\/p>\n\n\n\n<p>&#8211; <strong>Lula e o PT cederam sem queixas ao desmonte dos minist\u00e9rios de Marina Silva e S\u00f4nia Guajajara<\/strong>, que, por sua vez, est\u00e3o caladinhas, agarradas aos fiapos de poder que lhes foram deixados. Para Lula, e para boa parte da autointitulada esquerda, a forma\u00e7\u00e3o original daqueles minist\u00e9rios n\u00e3o era uma quest\u00e3o central. Por isso, tudo se passa como se Lula tivesse obtido uma vit\u00f3ria&#8230; \u00c9 sempre assim, querem nos vender como vit\u00f3rias as derrotas havidas: a anistia para torturadores; as Diretas-J\u00e1; a &#8220;solu\u00e7\u00e3o&#8221; Tancredo no Col\u00e9gio Eleitoral; os 5 anos pro Sarney; etc.<\/p>\n\n\n\n<p><strong>&#8211; Essa vota\u00e7\u00e3o foi mais um evento da guerra de fac\u00e7\u00f5es<\/strong> e, por isso mesmo, exibe a movimenta\u00e7\u00e3o facciosa em toda a sua inconst\u00e2ncia de fus\u00e3o cont\u00ednua: o placar supostamente favor\u00e1vel, alcan\u00e7ado na \u00faltima hora, enfraqueceu Lira, pois n\u00e3o resultou de uma ordem unida comandada por ele, mas de intensas negocia\u00e7\u00f5es paralelas, num verdadeiro az\u00e1fama faccioso. Ademais, Lira j\u00e1 est\u00e1 a receber press\u00f5es oriundas do facciosismo no Judici\u00e1rio e na Pol\u00edcia, numa resposta ao fato de ele estar querendo dar uma de Eduardo Cunha num cen\u00e1rio sem as fac\u00e7\u00f5es da LavaJato e esquecido de que Lula n\u00e3o \u00e9 Dilma&#8230; Passou a levar tiros de advert\u00eancia.<\/p>\n","protected":false},"excerpt":{"rendered":"<p>Aos 10 anos das manifesta\u00e7\u00f5es de junho de 2013 &#8211; VEJA S\u00c9RIE DE V\u00cdDEOS NA PLAYLIST DO CANAL LAVOURA POL\u00cdTICA, NO YOUTUBE Carlos Novaes, 02 de junho de 2023 Com + acr\u00e9scimos na se\u00e7\u00e3o Fica o Registro, \u00e0s 15:00h e \u00e0s 16:46h de 02\/06 A desorienta\u00e7\u00e3o de Lula, desenhada em suas linhas gerais no artigo [&hellip;]<\/p>\n","protected":false},"author":1338,"featured_media":0,"comment_status":"open","ping_status":"open","sticky":false,"template":"","format":"standard","meta":{"footnotes":""},"categories":[2],"tags":[],"class_list":["post-8326","post","type-post","status-publish","format-standard","hentry","category-textos-mais-antigos"],"_links":{"self":[{"href":"https:\/\/novaes-c-politico.com.br\/index.php?rest_route=\/wp\/v2\/posts\/8326","targetHints":{"allow":["GET"]}}],"collection":[{"href":"https:\/\/novaes-c-politico.com.br\/index.php?rest_route=\/wp\/v2\/posts"}],"about":[{"href":"https:\/\/novaes-c-politico.com.br\/index.php?rest_route=\/wp\/v2\/types\/post"}],"author":[{"embeddable":true,"href":"https:\/\/novaes-c-politico.com.br\/index.php?rest_route=\/wp\/v2\/users\/1338"}],"replies":[{"embeddable":true,"href":"https:\/\/novaes-c-politico.com.br\/index.php?rest_route=%2Fwp%2Fv2%2Fcomments&post=8326"}],"version-history":[{"count":94,"href":"https:\/\/novaes-c-politico.com.br\/index.php?rest_route=\/wp\/v2\/posts\/8326\/revisions"}],"predecessor-version":[{"id":8439,"href":"https:\/\/novaes-c-politico.com.br\/index.php?rest_route=\/wp\/v2\/posts\/8326\/revisions\/8439"}],"wp:attachment":[{"href":"https:\/\/novaes-c-politico.com.br\/index.php?rest_route=%2Fwp%2Fv2%2Fmedia&parent=8326"}],"wp:term":[{"taxonomy":"category","embeddable":true,"href":"https:\/\/novaes-c-politico.com.br\/index.php?rest_route=%2Fwp%2Fv2%2Fcategories&post=8326"},{"taxonomy":"post_tag","embeddable":true,"href":"https:\/\/novaes-c-politico.com.br\/index.php?rest_route=%2Fwp%2Fv2%2Ftags&post=8326"}],"curies":[{"name":"wp","href":"https:\/\/api.w.org\/{rel}","templated":true}]}}