{"id":8440,"date":"2023-08-11T20:20:39","date_gmt":"2023-08-11T23:20:39","guid":{"rendered":"https:\/\/novaes-c-politico.com.br\/?p=8440"},"modified":"2024-09-13T20:07:05","modified_gmt":"2024-09-13T23:07:05","slug":"falcatruas-de-bolsonaro-encobrem-faccoes","status":"publish","type":"post","link":"https:\/\/novaes-c-politico.com.br\/?p=8440","title":{"rendered":"FALCATRUAS DE BOLSONARO AJUDAM JOGO DE LULA"},"content":{"rendered":"\n<p class=\"has-text-align-right\">Carlos Novaes, 11 de agosto de 2023<\/p>\n\n\n\n<p>\u00c9 sugestivo acompanhar o alarido atual da nossa autointitulada esquerda, que em passado recente desdenhava como moralismo vulgar a justa indigna\u00e7\u00e3o contra a corrup\u00e7\u00e3o grossa havida na Petrobr\u00e1s sob responsabilidade de governos lulopetistas e, agora, faz esse escarc\u00e9u moralista com as falcatruas do bolsonarismo com joias, ajudando a encobrir o jogo das fac\u00e7\u00f5es voltado a estabilizar a acomoda\u00e7\u00e3o do Centr\u00e3o no governo (ou a acomoda\u00e7\u00e3o do governo ao Centr\u00e3o).<\/p>\n\n\n\n<p>A acomoda\u00e7\u00e3o do Centr\u00e3o ganhou rumo firme faz pouco mais de dois meses, com a bem-sucedida a\u00e7\u00e3o de advert\u00eancia da PF contra alvos pr\u00f3ximos a Arthur Lira em Alagoas (vista <a href=\"https:\/\/novaes-c-politico.com.br\/?p=8326\" data-type=\"post\" data-id=\"8326\">aqui<\/a>, no \u00faltimo par\u00e1grafo), e se encerrou hoje, com Gilmar Mendes tomando a decis\u00e3o monocr\u00e1tica (mas nada pessoal) de anular todo o inqu\u00e9rito que investigava aquela rela\u00e7\u00e3o de Lira com a corrup\u00e7\u00e3o envolvendo dinheiro federal enviado ao seu estado. Olhada com cuidado, essa acomoda\u00e7\u00e3o marca  a fase final do longo <a href=\"https:\/\/novaes-c-politico.com.br\/?p=5154\">looping das fac\u00e7\u00f5es<\/a> para retornar \u00e0 situa\u00e7\u00e3o <a href=\"https:\/\/novaes-c-politico.com.br\/?p=2741\">pr\u00e9-golpe<\/a> contra Dilma, como j\u00e1 <a href=\"https:\/\/www.youtube.com\/watch?v=ezO2LaaQwok&amp;list=PLKkdyyIBEMc_RxZumhiKdGR0BM2O2hUXm\">vimos at\u00e9 em v\u00eddeo<\/a>.<\/p>\n\n\n\n<p>Gilmar havia encaminhado a decis\u00e3o do caso de Lira para o pleno do STF, mas, na \u00faltima hora, apoiado na ensaiada recomenda\u00e7\u00e3o da bolsonarista que ocupa o segundo posto da PGR, ele voltou atr\u00e1s e decidiu pela anula\u00e7\u00e3o de todo o trabalho realizado pela PF &#8212; Gilmar deve ter feito as contas e conclu\u00eddo que seu protegido corria o risco de perder, pois, al\u00e9m do seu, s\u00f3 poderia contar como certos em favor de Lira os votos de Toffoli, Moraes e Zanin, que est\u00e3o, por diferentes raz\u00f5es, mais diretamente afinados com o faccioso jogo Lula-Centr\u00e3o. Mendon\u00e7a e C\u00e1ssio poderiam entender que para atrapalhar o jogo de Lula o melhor seria punir Lira. Barroso, Fachin, Weber e Carmen L\u00facia provavelmente votariam contra a anula\u00e7\u00e3o das provas, e Fux \u00e9, nesse caso, uma inc\u00f3gnita.<\/p>\n\n\n\n<p>Enquanto isso, e afinado com isso, Lula continua a jogar para a plateia, embora fique cada vez mais dif\u00edcil, uma vez que a plateia est\u00e1 farta do sistema e as m\u00e1gicas de Lula est\u00e3o cada vez mais manjadas. Em discurso recente, ele realizou o malabarismo canhestro de se mostrar indignado com mais um assassinato de um jovem negro pela PM e, ao mesmo tempo, sob aplausos, isentar o governador do Rio e sua pol\u00edcia de qualquer responsabilidade! &#8212; al\u00e9m de nada dizer contra os desmandos assassinos da PM da Bahia. Isso \u00e9 parte do cerne populista do Estado de Direito Autorit\u00e1rio-<strong><em><a href=\"https:\/\/novaes-c-politico.com.br\/?p=4689\" data-type=\"post\" data-id=\"4689\">EDA<\/a><\/em><\/strong>: se diz alinhado aos pobres e passa pano para o autoritarismo que os mant\u00e9m sob terror. <\/p>\n\n\n\n<p>Em <a href=\"https:\/\/www.youtube.com\/watch?v=RZq5dim3r0M\">outro discurso<\/a>, dessa vez no lan\u00e7amento do novo PAC, Lula foi mais longe do que jamais havia ido na defesa do <em>status quo<\/em>, no alinhamento com o sistema-<strong><em><a href=\"https:\/\/novaes-c-politico.com.br\/?p=7607\" data-type=\"post\" data-id=\"7607\">EDA<\/a><\/em><\/strong>, no apequenamento da pol\u00edtica, confinando-a aos acertos entre profissionais: primeiro, prescreveu \u00e0 milit\u00e2ncia a mesma cordialidade hip\u00f3crita com que conduz suas negociatas pol\u00edticas; segundo, mostrou-se preocupado com a reputa\u00e7\u00e3o dos pol\u00edticos corruptos (aos montes \u00e0 sua volta na festa) e chamou de &#8220;denuncismo&#8221; a revela\u00e7\u00e3o di\u00e1ria das falcatruas que ocorrem Brasil afora; terceiro, mencionando Lira, declarou que <em>&#8220;o Congresso n\u00e3o precisa do governo, mas o governo precisa do Congresso&#8221;<\/em>, como se Lira n\u00e3o precisasse do dinheiro que cobra pelos votos que Lula mendiga &#8212; Lula prefere encobrir a realidade com uma fala despolitizada e desmobilizadora, repetindo mais uma vez &#8220;deixem comigo&#8221;. Isso tamb\u00e9m \u00e9 parte do cerne do Estado de Direito Autorit\u00e1rio: defende a democracia como mero azeite politiqueiro para o jogo de fac\u00e7\u00f5es que comanda o <strong><em>EDA<\/em><\/strong>.<\/p>\n\n\n\n<p>No cen\u00e1rio internacional, o pessoal come\u00e7a a dar sinais de enfado com o malabarismo ret\u00f3rico de Lula: em recente cimeira sul-americana em Bel\u00e9m do Par\u00e1, o presidente da Col\u00f4mbia constrangeu Lula publicamente ao vetar a explora\u00e7\u00e3o de petr\u00f3leo na Amaz\u00f4nia. Do outro lado do Atl\u00e2ntico, o presidente da Ucr\u00e2nia desnudou o alinhamento do governo brasileiro com a R\u00fassia, mostrando (como j\u00e1 vimos em <strong><a href=\"https:\/\/novaes-c-politico.com.br\/?p=8326\" data-type=\"post\" data-id=\"8326\">Fica o Registro<\/a><\/strong>, h\u00e1 mais de dois meses) que Lula e Amorin <a href=\"https:\/\/www.youtube.com\/watch?v=odAzerc79sY&amp;list=PLKkdyyIBEMc_r5Fz7r8c9HzXiU7tQK2hP\">repetem o discurso<\/a> mentiroso de Putin.<\/p>\n\n\n\n<p>Enfim, h\u00e1 cada vez menos est\u00edmulo para se gastar tempo com a fastidiosa e facciosa pol\u00edtica brasileira.<\/p>\n","protected":false},"excerpt":{"rendered":"<p>Carlos Novaes, 11 de agosto de 2023 \u00c9 sugestivo acompanhar o alarido atual da nossa autointitulada esquerda, que em passado recente desdenhava como moralismo vulgar a justa indigna\u00e7\u00e3o contra a corrup\u00e7\u00e3o grossa havida na Petrobr\u00e1s sob responsabilidade de governos lulopetistas e, agora, faz esse escarc\u00e9u moralista com as falcatruas do bolsonarismo com joias, ajudando a [&hellip;]<\/p>\n","protected":false},"author":1338,"featured_media":0,"comment_status":"open","ping_status":"open","sticky":false,"template":"","format":"standard","meta":{"footnotes":""},"categories":[2],"tags":[],"class_list":["post-8440","post","type-post","status-publish","format-standard","hentry","category-textos-mais-antigos"],"_links":{"self":[{"href":"https:\/\/novaes-c-politico.com.br\/index.php?rest_route=\/wp\/v2\/posts\/8440","targetHints":{"allow":["GET"]}}],"collection":[{"href":"https:\/\/novaes-c-politico.com.br\/index.php?rest_route=\/wp\/v2\/posts"}],"about":[{"href":"https:\/\/novaes-c-politico.com.br\/index.php?rest_route=\/wp\/v2\/types\/post"}],"author":[{"embeddable":true,"href":"https:\/\/novaes-c-politico.com.br\/index.php?rest_route=\/wp\/v2\/users\/1338"}],"replies":[{"embeddable":true,"href":"https:\/\/novaes-c-politico.com.br\/index.php?rest_route=%2Fwp%2Fv2%2Fcomments&post=8440"}],"version-history":[{"count":11,"href":"https:\/\/novaes-c-politico.com.br\/index.php?rest_route=\/wp\/v2\/posts\/8440\/revisions"}],"predecessor-version":[{"id":8495,"href":"https:\/\/novaes-c-politico.com.br\/index.php?rest_route=\/wp\/v2\/posts\/8440\/revisions\/8495"}],"wp:attachment":[{"href":"https:\/\/novaes-c-politico.com.br\/index.php?rest_route=%2Fwp%2Fv2%2Fmedia&parent=8440"}],"wp:term":[{"taxonomy":"category","embeddable":true,"href":"https:\/\/novaes-c-politico.com.br\/index.php?rest_route=%2Fwp%2Fv2%2Fcategories&post=8440"},{"taxonomy":"post_tag","embeddable":true,"href":"https:\/\/novaes-c-politico.com.br\/index.php?rest_route=%2Fwp%2Fv2%2Ftags&post=8440"}],"curies":[{"name":"wp","href":"https:\/\/api.w.org\/{rel}","templated":true}]}}