{"id":8468,"date":"2024-03-29T16:35:34","date_gmt":"2024-03-29T19:35:34","guid":{"rendered":"https:\/\/novaes-c-politico.com.br\/?p=8468"},"modified":"2024-05-18T19:37:27","modified_gmt":"2024-05-18T22:37:27","slug":"tudo-pode-estar-mais-claro-do-que-parece","status":"publish","type":"post","link":"https:\/\/novaes-c-politico.com.br\/?p=8468","title":{"rendered":"TUDO PODE ESTAR MAIS CLARO DO QUE PARECE"},"content":{"rendered":"\n<p class=\"has-text-align-right\">Carlos Novaes, 29 de mar\u00e7o de 2024<\/p>\n\n\n\n<p class=\"has-text-align-right\">Com acr\u00e9scimo \u00e0s 19:40h em <strong>Fica o Registro<\/strong><\/p>\n\n\n\n<p>Faz tempo que nada publico neste blog. Ocupado em outras tarefas, deixei que os tent\u00e1culos da conjuntura se desenvolvessem at\u00e9 que fatos pol\u00edticos relevantes voltassem a me motivar. Falo em tent\u00e1culos porque quem acompanha este blog sabe onde localizo o corpo do polvo em que as fac\u00e7\u00f5es estatais se juntam: o <a href=\"https:\/\/novaes-c-politico.com.br\/?p=4689\" data-type=\"post\" data-id=\"4689\"> Estado de Direito Autorit\u00e1rio &#8211; <\/a><strong><a href=\"https:\/\/novaes-c-politico.com.br\/?p=4689\" data-type=\"post\" data-id=\"4689\">EDA<\/a>.<\/strong> Tratarei a seguir do &#8220;golpe&#8221; de 8 de janeiro e do caso Marielle.<\/p>\n\n\n\n<p>A natureza blefadora das tentativas de golpe de Bolsonaro foi discutida neste blog v\u00e1rias vezes, especialmente <a href=\"https:\/\/novaes-c-politico.com.br\/?p=5808\" data-type=\"post\" data-id=\"5808\">aqui <\/a>e no dia <a href=\"https:\/\/novaes-c-politico.com.br\/?p=7828\" data-type=\"post\" data-id=\"7828\">06 de janeiro<\/a>, dois dias antes da arrua\u00e7a (o leitor me ajudaria a mostrar o que penso se lesse estes dois artigos mais antigos, bem como se assistisse a este <a href=\"https:\/\/www.youtube.com\/watch?v=cbJ9MhhY9UM&amp;t\">v\u00eddeo <\/a>no canal Lavoura Pol\u00edtica). Sempre deixei claro que embora Bolsonaro sonhasse com um golpe, que parte da sua base &#8220;autorizasse&#8221; um golpe, que militares aliados deles falassem num golpe, esse golpe era invi\u00e1vel, sobretudo (mas n\u00e3o apenas) em raz\u00e3o da prefer\u00eancia da maioria da sociedade brasileira pela democracia. <\/p>\n\n\n\n<p>Todo o material recente sobre o que aconteceu no segundo semestre de 2022: minutas para malogradas medidas presidenciais golpistas; o general Heleno suplicando em reuni\u00e3o no Planalto por um golpe antes da elei\u00e7\u00e3o presidencial, pois depois seria imposs\u00edvel; as trocas de lam\u00farias entre golpistas, inconformados com a n\u00e3o ades\u00e3o de chefes militares ao almejado golpe; tudo isso, e outros detalhes conexos, mostra que jamais houve possibilidade de golpe. A arrua\u00e7a de 8 de janeiro saiu desse semestre anterior de frustra\u00e7\u00f5es acumuladas, em que os golpistas de pal\u00e1cio sentiam a inviabilidade de suas pretens\u00f5es mas, irracionalmente inconformados, continuaram a se alimentar das ilus\u00f5es com que inflavam a atmosfera conspirat\u00f3ria em que deliravam os golpistas acampados &#8212; esse tr\u00e1fico de ilus\u00f5es rec\u00edprocas \u00e9 que levou \u00e0 ins\u00e2nia e, dela, \u00e0 baderna.<\/p>\n\n\n\n<p>Veja bem, leitor, havia golpistas no pal\u00e1cio, havia golpistas na rua, houve uma arrua\u00e7a promovida por golpistas da rua e assistida por golpistas de pal\u00e1cio (PM do DF e GSI da presid\u00eancia sob Lula), mas n\u00e3o houve tentativa de golpe. A compreens\u00e3o de que n\u00e3o houve tentativa real de golpe, n\u00e3o obstante houvesse golpistas, n\u00e3o \u00e9 s\u00f3 minha, mas de duas maiorias esmagadoras dos brasileiros com mais de 16 anos de idade: em pesquisa DataFolha divulgada hoje, para 65% o 8 de janeiro foi vandalismo, n\u00e3o tentativa de golpe; n\u00e3o obstante, para outros 63%, os golpistas n\u00e3o devem ser anistiados seja da arrua\u00e7a, no caso dos golpistas da rua, seja da conspira\u00e7\u00e3o contra o Estado de Direito, no caso dos golpistas de pal\u00e1cio e de alguns dos participantes da arrua\u00e7a.<\/p>\n\n\n\n<p>Quer dizer, mesmo com meses de alarido da m\u00eddia, do governo, das fac\u00e7\u00f5es majorit\u00e1rias atuando no STF, e da nossa autointitulada esquerda defensora da ordem vigente, martelando o golpe supostamente tentado, e mesmo com os bolsonaristas alardeando mais uma anistia indevida, expressiva maioria da popula\u00e7\u00e3o acima de 16 anos n\u00e3o se deixou enganar e persevera em sua orienta\u00e7\u00e3o auspiciosa: prefer\u00eancia pela democracia e sentimento antissistema. Quem reunir essas duas prefer\u00eancias num projeto de transforma\u00e7\u00e3o com base no combate \u00e0 desigualdade construir\u00e1 uma nova maioria para lutar por um Estado de Direito Democr\u00e1tico.<\/p>\n\n\n\n<h2 class=\"wp-block-heading\"><strong>Marielle<\/strong><\/h2>\n\n\n\n<p>Entre <a href=\"https:\/\/novaes-c-politico.com.br\/?p=3791\" data-type=\"post\" data-id=\"3791\">15<\/a> e 20 de <a href=\"https:\/\/novaes-c-politico.com.br\/?p=3801\" data-type=\"post\" data-id=\"3801\">mar\u00e7o<\/a> de 2018 <a href=\"https:\/\/novaes-c-politico.com.br\/?p=3826\" data-type=\"post\" data-id=\"3826\">publiquei<\/a> quatro artigos neste blog sobre o assassinato de Marielle e Anderson, j\u00e1 ent\u00e3o discutindo como na morte deles se articulavam as fac\u00e7\u00f5es estatais do Estado de Direito Autorit\u00e1rio-<strong>EDA<\/strong>. Como n\u00e3o poderia deixar de ser, o que vai aparecendo parcialmente como desfecho do caso mostra que a realidade foi al\u00e9m do que sup\u00fanhamos naquela altura: o pr\u00f3prio chefe da pol\u00edcia civil articulou o crime e cuidou de encobri-lo.<\/p>\n\n\n\n<p>A m\u00eddia convencional e as redes sociais padr\u00e3o &#8220;defesa da democracia&#8221; est\u00e3o pendurando o desfecho do caso de muitas maneiras, mas h\u00e1 uma perspectiva comum, da qual partilham at\u00e9 pessoas que se notabilizaram pela valentia com que enfrentaram a for\u00e7a dos criminosos: todos tratam essa for\u00e7a eleitoral e matadora dos irm\u00e3os Braz\u00e3o como evid\u00eancia de uma suposta &#8220;aus\u00eancia do Estado&#8221; nas comunidades, abandonadas ao crime.<\/p>\n\n\n\n<p>Ora, os Braz\u00e3o, que mandaram matar Marielle, t\u00eam larga trajet\u00f3ria parlamentar, tanto estadual quanto federal, um deles foi eleito para o Tribunal de Contas com esmagadora maioria na Assembleia Legislativa do Rio, com muitos votos da autointitulada esquerda &#8212; n\u00e3o \u00e9 tamb\u00e9m sen\u00e3o <em><strong>estatal <\/strong><\/em>a prote\u00e7\u00e3o que o deputado Braz\u00e3o est\u00e1 a receber na C\u00e2mara Federal, com Lira se reunindo em seu favor com o n\u00e3o menos estatal Lewandowski (ex-STF)<strong>;<\/strong> quem articulou o assassinato de Marielle e protegeu os c\u00famplices no crime foi nada menos do que um delegado, cuja carreira <em>estatal <\/em>bem-sucedida lhe permitiu chegar \u00e0 chefe da Pol\u00edcia Civil; quem nomeou o delegado para a Chefia foi um general do Ex\u00e9rcito; o matador de Marielle foi treinado como agente <em>estatal <\/em>pela PM e fez uso de muni\u00e7\u00e3o de origem <em>estatal<\/em> para cometer os crimes.<\/p>\n\n\n\n<p>Os mandantes, o articulador e o matador atuavam a partir de seus la\u00e7os <em>estatais <\/em>e mantinham rela\u00e7\u00f5es se n\u00e3o cordiais, ao menos de conviv\u00eancia conveniente com o crime organizado que, embora civil, \u00e9 &#8220;organizado&#8221; desde dentro dos pres\u00eddios <em>estatais<\/em>, onde seus chefes j\u00e1 encarcerados mant\u00e9m seus poderes sobre o que se passa na rua pela compra da omiss\u00e3o, da ajuda e da cumplicidade de outros agentes <em>estatais<\/em>, como carcereiros, vigias e diretores de pres\u00eddios. Tudo isso forma um claro conjunto faccioso, que n\u00e3o \u00e9 sen\u00e3o <em>estatal<\/em>.<\/p>\n\n\n\n<p>Em suma, os Braz\u00e3o, as mil\u00edcias, o crime organizado e a pol\u00edcia corrupta que ditam a norma da vida infeliz das comunidades, enquanto distribuem migalhas para angariar poder pelo Brasil afora, <strong><em>n\u00e3o s\u00e3o<\/em><\/strong> resultado de uma suposta &#8220;aus\u00eancia do Estado&#8221;, eles s\u00e3o a presen\u00e7a mesma do pr\u00f3prio <a href=\"https:\/\/novaes-c-politico.com.br\/?p=2761\" data-type=\"post\" data-id=\"2761\">Estado de Direito Autorit\u00e1rio<\/a>, do qual tamb\u00e9m se serve, geralmente em outros poleiros (mas nem sempre&#8230;) a nossa n\u00e3o menos facciosa  autointitulada esquerda, que espertamente o defende como se fosse um <a href=\"https:\/\/novaes-c-politico.com.br\/?p=4159\" data-type=\"post\" data-id=\"4159\">Estado democr\u00e1tico de direito<\/a>.<\/p>\n\n\n\n<p><strong>Fica o Registro:<\/strong><\/p>\n\n\n\n<p><strong>19:40h &#8211;  Novos n\u00fameros da pesquisa DataFolha<\/strong>: perguntados se Bolsonaro tentou ou n\u00e3o <em>&#8220;continuar presidente planejando um golpe&#8221;<\/em>, 55% disseram que <em>sim <\/em>e 39% disseram que <em>n\u00e3o<\/em>. Veja bem, leitor, ao contr\u00e1rio do que diz <a href=\"https:\/\/www1.folha.uol.com.br\/poder\/2024\/03\/datafolha-para-55-bolsonaro-quis-dar-um-golpe-39-discordam.shtml\">a mat\u00e9ria<\/a> que faz a &#8220;an\u00e1lise&#8221; dos n\u00fameros, a pergunta n\u00e3o foi se Bolsonaro <em><strong>tentou <\/strong>um golpe<\/em>, mas sim se ele <em><strong>planejou <\/strong>um golpe<\/em>. A maioria entende que Bolsonaro <em>planejou <\/em>um golpe porque soube fazer a diferen\u00e7a, embora a pergunta tenha algo de capcioso. Est\u00e1 claro que ao conspirar\/planejar para abolir o Estado de Direito em favor de uma ditadura Bolsonaro cometeu crime contra o Estado de Direito. Parte dessa conspira\u00e7\u00e3o foram as sucessivas &#8220;tentativas&#8221; de golpe, que sempre acabaram sob a forma de blefe, uma vez que se tratavam de opera\u00e7\u00f5es para incitar a a\u00e7\u00e3o de outros e\/ou medir-lhes a disposi\u00e7\u00e3o golpista. Bolsonaro planejou um golpe, mas n\u00e3o tentou realiz\u00e1-lo porque nunca reuniu for\u00e7a suficiente. Note bem, leitor, <em>planejar <\/em>coletivamente um assassinato, sem entretanto chegar a atentar contra a v\u00edtima, n\u00e3o tipifica <em>tentativa de homic\u00eddio<\/em>, mas tipifica forma\u00e7\u00e3o de quadrilha. Na mesma linha, <em>planejar <\/em>golpe contra o Estado de Direito n\u00e3o tipifica tentativa de golpe, mas tipifica conspira\u00e7\u00e3o contra o Estado de Direito.<\/p>\n","protected":false},"excerpt":{"rendered":"<p>Carlos Novaes, 29 de mar\u00e7o de 2024 Com acr\u00e9scimo \u00e0s 19:40h em Fica o Registro Faz tempo que nada publico neste blog. Ocupado em outras tarefas, deixei que os tent\u00e1culos da conjuntura se desenvolvessem at\u00e9 que fatos pol\u00edticos relevantes voltassem a me motivar. Falo em tent\u00e1culos porque quem acompanha este blog sabe onde localizo o [&hellip;]<\/p>\n","protected":false},"author":1338,"featured_media":0,"comment_status":"open","ping_status":"open","sticky":false,"template":"","format":"standard","meta":{"footnotes":""},"categories":[2],"tags":[],"class_list":["post-8468","post","type-post","status-publish","format-standard","hentry","category-textos-mais-antigos"],"_links":{"self":[{"href":"https:\/\/novaes-c-politico.com.br\/index.php?rest_route=\/wp\/v2\/posts\/8468","targetHints":{"allow":["GET"]}}],"collection":[{"href":"https:\/\/novaes-c-politico.com.br\/index.php?rest_route=\/wp\/v2\/posts"}],"about":[{"href":"https:\/\/novaes-c-politico.com.br\/index.php?rest_route=\/wp\/v2\/types\/post"}],"author":[{"embeddable":true,"href":"https:\/\/novaes-c-politico.com.br\/index.php?rest_route=\/wp\/v2\/users\/1338"}],"replies":[{"embeddable":true,"href":"https:\/\/novaes-c-politico.com.br\/index.php?rest_route=%2Fwp%2Fv2%2Fcomments&post=8468"}],"version-history":[{"count":19,"href":"https:\/\/novaes-c-politico.com.br\/index.php?rest_route=\/wp\/v2\/posts\/8468\/revisions"}],"predecessor-version":[{"id":8494,"href":"https:\/\/novaes-c-politico.com.br\/index.php?rest_route=\/wp\/v2\/posts\/8468\/revisions\/8494"}],"wp:attachment":[{"href":"https:\/\/novaes-c-politico.com.br\/index.php?rest_route=%2Fwp%2Fv2%2Fmedia&parent=8468"}],"wp:term":[{"taxonomy":"category","embeddable":true,"href":"https:\/\/novaes-c-politico.com.br\/index.php?rest_route=%2Fwp%2Fv2%2Fcategories&post=8468"},{"taxonomy":"post_tag","embeddable":true,"href":"https:\/\/novaes-c-politico.com.br\/index.php?rest_route=%2Fwp%2Fv2%2Ftags&post=8468"}],"curies":[{"name":"wp","href":"https:\/\/api.w.org\/{rel}","templated":true}]}}