{"id":8490,"date":"2024-05-02T10:16:59","date_gmt":"2024-05-02T13:16:59","guid":{"rendered":"https:\/\/novaes-c-politico.com.br\/?p=8490"},"modified":"2024-05-02T10:16:59","modified_gmt":"2024-05-02T13:16:59","slug":"o-1o-de-maio-do-estado-de-direito-autoritario","status":"publish","type":"post","link":"https:\/\/novaes-c-politico.com.br\/?p=8490","title":{"rendered":"O 1\u00ba DE MAIO DO ESTADO DE DIREITO AUTORIT\u00c1RIO"},"content":{"rendered":"\n<p class=\"has-text-align-right\">Carlos Novaes, 02 de maio de 2024<\/p>\n\n\n\n<p>A autointitulada esquerda n\u00e3o para de dar bandeira da sua cegueira diante do que se passa na pol\u00edtica brasileira: Lula reclamou do ex\u00edguo p\u00fablico na efem\u00e9ride do primeiro de maio promovida pelas fac\u00e7\u00f5es que se dizem voltadas aos interesses dos trabalhadores, e ainda atribuiu o fiasco a uma suposta divulga\u00e7\u00e3o ruim do evento. Veja bem, leitor: desde que tomou posse Lula vem fazendo (em linha com seu governo de &#8220;concilia\u00e7\u00e3o nacional&#8221;) eventos para os quais convida ao palco fac\u00e7\u00f5es contr\u00e1rias aos trabalhadores e, at\u00e9, corruptos not\u00f3rios, para os quais exige o respeito dos ot\u00e1rios &#8220;de esquerda&#8221; que ainda o prestigiam, censurando qualquer manifesta\u00e7\u00e3o de combatividade do p\u00fablico como <em>falta de educa\u00e7\u00e3o<\/em>! A\u00ed, depois dessa pedagogia desmobilizadora, pr\u00f3pria da sua &#8220;lideran\u00e7a&#8221; <em>&#8220;deixa comigo&#8221;<\/em>, vem estranhar e n\u00e3o entende o porqu\u00ea de os trabalhadores n\u00e3o terem comparecido ao 1\u00ba de Maio das fac\u00e7\u00f5es, no qual ele aproveitou para, mais uma vez, enaltecer Alckmin! Lula pensa que pode virar Per\u00f3n, com plateia cativa , numerosa e obediente &#8212; felizmente, no Brasil n\u00e3o h\u00e1 chance de isso dar certo!<\/p>\n\n\n\n<p><\/p>\n","protected":false},"excerpt":{"rendered":"<p>Carlos Novaes, 02 de maio de 2024 A autointitulada esquerda n\u00e3o para de dar bandeira da sua cegueira diante do que se passa na pol\u00edtica brasileira: Lula reclamou do ex\u00edguo p\u00fablico na efem\u00e9ride do primeiro de maio promovida pelas fac\u00e7\u00f5es que se dizem voltadas aos interesses dos trabalhadores, e ainda atribuiu o fiasco a uma [&hellip;]<\/p>\n","protected":false},"author":1338,"featured_media":0,"comment_status":"open","ping_status":"open","sticky":false,"template":"","format":"standard","meta":{"footnotes":""},"categories":[2],"tags":[],"class_list":["post-8490","post","type-post","status-publish","format-standard","hentry","category-textos-mais-antigos"],"_links":{"self":[{"href":"https:\/\/novaes-c-politico.com.br\/index.php?rest_route=\/wp\/v2\/posts\/8490","targetHints":{"allow":["GET"]}}],"collection":[{"href":"https:\/\/novaes-c-politico.com.br\/index.php?rest_route=\/wp\/v2\/posts"}],"about":[{"href":"https:\/\/novaes-c-politico.com.br\/index.php?rest_route=\/wp\/v2\/types\/post"}],"author":[{"embeddable":true,"href":"https:\/\/novaes-c-politico.com.br\/index.php?rest_route=\/wp\/v2\/users\/1338"}],"replies":[{"embeddable":true,"href":"https:\/\/novaes-c-politico.com.br\/index.php?rest_route=%2Fwp%2Fv2%2Fcomments&post=8490"}],"version-history":[{"count":3,"href":"https:\/\/novaes-c-politico.com.br\/index.php?rest_route=\/wp\/v2\/posts\/8490\/revisions"}],"predecessor-version":[{"id":8493,"href":"https:\/\/novaes-c-politico.com.br\/index.php?rest_route=\/wp\/v2\/posts\/8490\/revisions\/8493"}],"wp:attachment":[{"href":"https:\/\/novaes-c-politico.com.br\/index.php?rest_route=%2Fwp%2Fv2%2Fmedia&parent=8490"}],"wp:term":[{"taxonomy":"category","embeddable":true,"href":"https:\/\/novaes-c-politico.com.br\/index.php?rest_route=%2Fwp%2Fv2%2Fcategories&post=8490"},{"taxonomy":"post_tag","embeddable":true,"href":"https:\/\/novaes-c-politico.com.br\/index.php?rest_route=%2Fwp%2Fv2%2Ftags&post=8490"}],"curies":[{"name":"wp","href":"https:\/\/api.w.org\/{rel}","templated":true}]}}